{"id":11487,"date":"2019-05-05T16:12:19","date_gmt":"2019-05-05T14:12:19","guid":{"rendered":"https:\/\/www.maderasmenur.com\/?p=11487"},"modified":"2019-12-05T17:42:39","modified_gmt":"2019-12-05T16:42:39","slug":"mas-de-40-entidades-respaldan-el-manifiesto-de-copade-para-la-preservacion-de-los-bosques-en-espana","status":"publish","type":"post","link":"https:\/\/www.maderasmenur.com\/it\/mas-de-40-entidades-respaldan-el-manifiesto-de-copade-para-la-preservacion-de-los-bosques-en-espana\/","title":{"rendered":"M\u00e1s de 40 entidades respaldan el manifiesto de COPADE para la preservaci\u00f3n de los bosques en Espa\u00f1a"},"content":{"rendered":"\n<style type=\"text\/css\" data-created_by=\"avia_inline_auto\" id=\"style-css-av-k3sy7jeu-59d1f90598d76ed46e7544c074cb4923\">\n#top .av-special-heading.av-k3sy7jeu-59d1f90598d76ed46e7544c074cb4923{\npadding-bottom:10px;\n}\nbody .av-special-heading.av-k3sy7jeu-59d1f90598d76ed46e7544c074cb4923 .av-special-heading-tag .heading-char{\nfont-size:25px;\n}\n.av-special-heading.av-k3sy7jeu-59d1f90598d76ed46e7544c074cb4923 .av-subheading{\nfont-size:15px;\n}\n<\/style>\n<div  class='av-special-heading av-k3sy7jeu-59d1f90598d76ed46e7544c074cb4923 av-special-heading-h1 blockquote modern-quote modern-centered  avia-builder-el-0  el_before_av_textblock  avia-builder-el-first '><h1 class='av-special-heading-tag '  itemprop=\"headline\"  >M\u00e1s de 40 entidades respaldan el manifiesto de COPADE para la preservaci\u00f3n de los bosques en Espa\u00f1a<\/h1><div class=\"special-heading-border\"><div class=\"special-heading-inner-border\"><\/div><\/div><\/div>\n<section  class='av_textblock_section av-jvb0fch2-7fb7b42ac7b7a60acd1a5464426ab6c8 '   itemscope=\"itemscope\" itemtype=\"https:\/\/schema.org\/BlogPosting\" itemprop=\"blogPost\" ><div class='avia_textblock'  itemprop=\"text\" ><p>Seg\u00fan la Organizaci\u00f3n Mundial para la Agricultura y la Alimentaci\u00f3n (FAO), <strong>cada a\u00f1o desaparecen alrededor de 8 millones de hect\u00e1reas de bosque a nivel global. <\/strong>La producci\u00f3n de materias primas, ganader\u00eda y cultivos intensivos, la tala ilegal y la explotaci\u00f3n petrol\u00edfera ponen en grave riesgo a los bosques del planeta y son responsables de su deforestaci\u00f3n.<\/p>\n<p>Otro dato preocupante es el que tambi\u00e9n ofrece la FAO en su informe de 2015 sobre la evaluaci\u00f3n de los recursos forestales mundiales, al apuntar que en Espa\u00f1a ya no quedan bosques primarios. Aunque todav\u00eda existen peque\u00f1as superficies de bosque intacto en zonas del Pirineo o la Cordillera Cant\u00e1brica, estos reductos son demasiado peque\u00f1os para ser considerados bosques primarios.<\/p>\n<p>Adem\u00e1s, el 35% de la <strong>poblaci\u00f3n rural<\/strong> se encuentra en riesgo de exclusi\u00f3n, seg\u00fan se\u00f1ala la tasa AROPE, el indicador europeo de riesgo de pobreza o exclusi\u00f3n social. El abandono progresivo de las zonas rurales y el \u00e9xodo de las familias que tradicionalmente han gestionado y cuidado de los montes, se ha convertido ya en el principal factor de riesgo de degradaci\u00f3n natural en nuestro pa\u00eds.<\/p>\n<p>Unos datos alarmantes que ya abord\u00f3 Fundaci\u00f3n COPADE en su \u00faltima Asamblea General de socios, donde se present\u00f3 y aprob\u00f3 por unanimidad un manifiesto en favor de la protecci\u00f3n y preservaci\u00f3n de los bosques de Espa\u00f1a mediante estructuras socioecon\u00f3micas sostenibles y respetuosas con el medio ambiente.<\/p>\n<\/div><\/section>\n\n<style type=\"text\/css\" data-created_by=\"avia_inline_auto\" id=\"style-css-av-jvb0g2op-c76b4c6aa2e65532354e08fa5f8d8208\">\n.avia-image-container.av-jvb0g2op-c76b4c6aa2e65532354e08fa5f8d8208 img.avia_image{\nbox-shadow:none;\n}\n.avia-image-container.av-jvb0g2op-c76b4c6aa2e65532354e08fa5f8d8208 .av-image-caption-overlay-center{\ncolor:#ffffff;\n}\n<\/style>\n<div  class='avia-image-container av-jvb0g2op-c76b4c6aa2e65532354e08fa5f8d8208 av-styling- avia-align-center  avia-builder-el-2  el_after_av_textblock  el_before_av_textblock '   itemprop=\"image\" itemscope=\"itemscope\" itemtype=\"https:\/\/schema.org\/ImageObject\" ><div class=\"avia-image-container-inner\"><div class=\"avia-image-overlay-wrap\"><img decoding=\"async\" fetchpriority=\"high\" class='wp-image-11488 avia-img-lazy-loading-not-11488 avia_image ' src=\"https:\/\/www.maderasmenur.com\/wp-content\/uploads\/1-BOS.jpg\" alt='' title='1 BOS'  height=\"642\" width=\"931\"  itemprop=\"thumbnailUrl\" srcset=\"https:\/\/www.maderasmenur.com\/wp-content\/uploads\/1-BOS.jpg 931w, https:\/\/www.maderasmenur.com\/wp-content\/uploads\/1-BOS-300x207.jpg 300w, https:\/\/www.maderasmenur.com\/wp-content\/uploads\/1-BOS-768x530.jpg 768w, https:\/\/www.maderasmenur.com\/wp-content\/uploads\/1-BOS-705x486.jpg 705w, https:\/\/www.maderasmenur.com\/wp-content\/uploads\/1-BOS-450x310.jpg 450w\" sizes=\"(max-width: 931px) 100vw, 931px\" \/><\/div><\/div><\/div>\n<section  class='av_textblock_section av-jvb0gpxl-3e1de4515ce0f0d4c0a567179f25f818 '   itemscope=\"itemscope\" itemtype=\"https:\/\/schema.org\/BlogPosting\" itemprop=\"blogPost\" ><div class='avia_textblock'  itemprop=\"text\" ><p>Un texto en el que se destaca el papel del <strong>comercio justo<\/strong> como herramienta clave para lograr productos maderables no pongan en riesgo a los bosques, contribuyan al desarrollo rural y ayuden a su recuperaci\u00f3n y, la necesidad de desarrollar iniciativas que permitan la reducci\u00f3n del uso de envases pl\u00e1sticos innecesarios y otros materiales similares, promoviendo el uso de energ\u00edas renovables para minimizar el impacto ambiental. Adem\u00e1s, se muestra un compromiso firme con los esfuerzos europeos orientados a fomentar los principios de la Econom\u00eda Circular.<\/p>\n<p>Este manifiesto cuenta con el respaldo y la firma de m\u00e1s de 40 entidades de diversos \u00e1mbitos: Acci\u00f3n en la Red Innovaci\u00f3n, AEMME \u2013 Asociaci\u00f3n Espa\u00f1ola Multisectorial de Microempresas, Albura Comunicaci\u00f3n, AROTZGI \u2013 Asociaci\u00f3n Patronal de Carpinteros de Gipuzkoa, Artesan\u00eda Natural El Bosque S.L., Asociaci\u00f3n Azac\u00e1n, Asociaci\u00f3n de Desarrollo Sierra de Guadarrama \u2013 (ADESGAM), Asociaci\u00f3n Reforesta, Azent\u00faa Valor Ambiental y Sostenible S.L., Bellota Herramientas S.A.U., Bemypartner S.L., Biomen\u00fa S.L., Buteo Iniciativas Ambientales, Carpe Diem Ebanister\u00eda, Comercial Pazos, Easy Vending, Ecovatios, Escuela Ideo, Factor CO2, Forward Economics, FSC Espa\u00f1a, Gabarrera Cervezas Ecol\u00f3gicas Artesanas, Garc\u00eda Hermanos, Guisado Magall\u00f3n, HAIZEL\u00c1N, IED \u2013 Instituto Europeo de Design, Ipema, Koan Consulting, La Ecolimpia, Linkaua: Agencia de Marketing Digital en Madrid, Lunelli Estudio, Madinter Trade S.L., Provotec, SGS, Sintala Design S.L., Sonimar Inform\u00e1tica Madrid Sur, The Fenix Way, Tu Ciudad Saludable, Fundaci\u00f3n TriodosBank, Leroy Merl\u00edn, Ecodes y Ence.<\/p>\n<\/div><\/section>\n\n<style type=\"text\/css\" data-created_by=\"avia_inline_auto\" id=\"style-css-av-jvb0j8eg-d6fa179bf10fbc3df1071ab935820bff\">\n.avia-image-container.av-jvb0j8eg-d6fa179bf10fbc3df1071ab935820bff img.avia_image{\nbox-shadow:none;\n}\n.avia-image-container.av-jvb0j8eg-d6fa179bf10fbc3df1071ab935820bff .av-image-caption-overlay-center{\ncolor:#ffffff;\n}\n<\/style>\n<div  class='avia-image-container av-jvb0j8eg-d6fa179bf10fbc3df1071ab935820bff av-styling- avia-align-center  avia-builder-el-4  el_after_av_textblock  el_before_av_textblock '   itemprop=\"image\" itemscope=\"itemscope\" itemtype=\"https:\/\/schema.org\/ImageObject\" ><div class=\"avia-image-container-inner\"><div class=\"avia-image-overlay-wrap\"><img decoding=\"async\" fetchpriority=\"high\" class='wp-image-11491 avia-img-lazy-loading-not-11491 avia_image ' src=\"https:\/\/www.maderasmenur.com\/wp-content\/uploads\/BOS-2.jpg\" alt='' title='BOS 2'  height=\"682\" width=\"1024\"  itemprop=\"thumbnailUrl\" srcset=\"https:\/\/www.maderasmenur.com\/wp-content\/uploads\/BOS-2.jpg 1024w, https:\/\/www.maderasmenur.com\/wp-content\/uploads\/BOS-2-300x200.jpg 300w, https:\/\/www.maderasmenur.com\/wp-content\/uploads\/BOS-2-768x512.jpg 768w, https:\/\/www.maderasmenur.com\/wp-content\/uploads\/BOS-2-705x470.jpg 705w, https:\/\/www.maderasmenur.com\/wp-content\/uploads\/BOS-2-450x300.jpg 450w\" sizes=\"(max-width: 1024px) 100vw, 1024px\" \/><\/div><\/div><\/div>\n<section  class='av_textblock_section av-jvb0m4d8-a2329e438b9f90a7d56324a08c5bd958 '   itemscope=\"itemscope\" itemtype=\"https:\/\/schema.org\/BlogPosting\" itemprop=\"blogPost\" ><div class='avia_textblock'  itemprop=\"text\" ><p><em>\u201cTeniendo en cuenta estos datos alarmantes, es necesario conocer la situaci\u00f3n y demandas de nuestros bosques y de las poblaciones que viven cerca de ellos para as\u00ed abordar estrategias de cambio orientadas a su protecci\u00f3n. En este contexto es imprescindible abogar por la sostenibilidad y la implicaci\u00f3n conjunta de una diversidad de actores, como empresas, organizaciones sociales, administraciones p\u00fablicas, consumidores y ciudadan\u00eda en general\u201d<\/em>, se\u00f1ala Javier Fern\u00e1ndez, Director General de <a href=\"https:\/\/madera-sostenible.com\/destacada\/copade-presento-proyecto-madera-justa-la-asamblea-general-fsc-vancouver\/\">COPADE<\/a> y presidente de FSC Espa\u00f1a.<\/p>\n<p>Esta misma visi\u00f3n de trabajo global y en conjunto es la que promueve la Agenda 2030 para el Desarrollo Sostenible, adoptada por la Asamblea General de Naciones Unidades en septiembre de 2015, en la que se presenta un nuevo escenario de trabajo que debe guiar la actuaci\u00f3n de todos los actores, p\u00fablicos y privados, tanto en los pa\u00edses en desarrollo como en los pa\u00edses m\u00e1s ricos, con vistas a la consecuci\u00f3n de los Objetivos de Desarrollo Sostenible (ODS).<\/p>\n<p>IMAGENES: maderasostenible.com<\/p>\n<p>LINK: https:\/\/madera-sostenible.com\/madera\/mas-de-40-entidades-respaldan-el-manifiesto-de-copade-para-la-preservacion-de-los-bosques-en-espana\/<\/p>\n<\/div><\/section>\n","protected":false},"excerpt":{"rendered":"","protected":false},"author":1001087,"featured_media":11488,"comment_status":"closed","ping_status":"closed","sticky":false,"template":"","format":"standard","meta":{"footnotes":""},"categories":[19],"tags":[],"class_list":["post-11487","post","type-post","status-publish","format-standard","has-post-thumbnail","hentry","category-noticias"],"_links":{"self":[{"href":"https:\/\/www.maderasmenur.com\/it\/wp-json\/wp\/v2\/posts\/11487","targetHints":{"allow":["GET"]}}],"collection":[{"href":"https:\/\/www.maderasmenur.com\/it\/wp-json\/wp\/v2\/posts"}],"about":[{"href":"https:\/\/www.maderasmenur.com\/it\/wp-json\/wp\/v2\/types\/post"}],"author":[{"embeddable":true,"href":"https:\/\/www.maderasmenur.com\/it\/wp-json\/wp\/v2\/users\/1001087"}],"replies":[{"embeddable":true,"href":"https:\/\/www.maderasmenur.com\/it\/wp-json\/wp\/v2\/comments?post=11487"}],"version-history":[{"count":0,"href":"https:\/\/www.maderasmenur.com\/it\/wp-json\/wp\/v2\/posts\/11487\/revisions"}],"wp:featuredmedia":[{"embeddable":true,"href":"https:\/\/www.maderasmenur.com\/it\/wp-json\/wp\/v2\/media\/11488"}],"wp:attachment":[{"href":"https:\/\/www.maderasmenur.com\/it\/wp-json\/wp\/v2\/media?parent=11487"}],"wp:term":[{"taxonomy":"category","embeddable":true,"href":"https:\/\/www.maderasmenur.com\/it\/wp-json\/wp\/v2\/categories?post=11487"},{"taxonomy":"post_tag","embeddable":true,"href":"https:\/\/www.maderasmenur.com\/it\/wp-json\/wp\/v2\/tags?post=11487"}],"curies":[{"name":"wp","href":"https:\/\/api.w.org\/{rel}","templated":true}]}}