{"id":11496,"date":"2019-05-22T20:01:00","date_gmt":"2019-05-22T18:01:00","guid":{"rendered":"https:\/\/www.maderasmenur.com\/?p=11496"},"modified":"2019-12-06T16:58:47","modified_gmt":"2019-12-06T15:58:47","slug":"hallada-en-vizcaya-una-de-las-pocas-piezas-de-madera-del-periodo-neandertal","status":"publish","type":"post","link":"https:\/\/www.maderasmenur.com\/it\/hallada-en-vizcaya-una-de-las-pocas-piezas-de-madera-del-periodo-neandertal\/","title":{"rendered":"Encontradas en Vizcaya piezas de madera del neandertal"},"content":{"rendered":"\n<style type=\"text\/css\" data-created_by=\"avia_inline_auto\" id=\"style-css-av-k3uc2c7e-9ba3f227b6b2d8d6dc9b469d81df3367\">\n#top .av-special-heading.av-k3uc2c7e-9ba3f227b6b2d8d6dc9b469d81df3367{\npadding-bottom:25px;\n}\nbody .av-special-heading.av-k3uc2c7e-9ba3f227b6b2d8d6dc9b469d81df3367 .av-special-heading-tag .heading-char{\nfont-size:25px;\n}\n.av-special-heading.av-k3uc2c7e-9ba3f227b6b2d8d6dc9b469d81df3367 .av-subheading{\nfont-size:15px;\n}\n<\/style>\n<div  class='av-special-heading av-k3uc2c7e-9ba3f227b6b2d8d6dc9b469d81df3367 av-special-heading-h1 blockquote modern-quote modern-centered  avia-builder-el-0  el_before_av_textblock  avia-builder-el-first '><h1 class='av-special-heading-tag '  itemprop=\"headline\"  >Hallada en Vizcaya una de las pocas piezas de madera del periodo neandertal<\/h1><div class=\"special-heading-border\"><div class=\"special-heading-inner-border\"><\/div><\/div><\/div>\n<section  class='av_textblock_section av-jvzj8ot3-e840b1a51e29caaee6ff7e6e16de4d3c '   itemscope=\"itemscope\" itemtype=\"https:\/\/schema.org\/BlogPosting\" itemprop=\"blogPost\" ><div class='avia_textblock'  itemprop=\"text\" ><p id=\"p6345145-m760-759-761\" class=\"paragraph\">Un grupo internacional de arque\u00f3logos ha encontrado en el yacimiento\u00a0<b>vizca\u00edno de Aranbaltza<\/b> una herramienta de madera creada por los neanderatales\u00a0<b>hace unos 90.000 a\u00f1o<\/b>s, un hallazgo absolutamente inusual que s\u00f3lo tiene parang\u00f3n con piezas encontradas en otros cinco enclaves europeos.<\/p>\n<p id=\"p6345145-m812-1-813\" class=\"paragraph\">El instrumento, una <b>punta de quince cent\u00edmetros<\/b> elaborada en madera de tejo perfectamente conservada, podr\u00eda haber sido utilizado por los neandertales <b>como herramienta de excavaci\u00f3n<\/b>, si bien los especialistas no descartan que, debido a su forma, previamente hubiera sido empleado como lanza.<\/p>\n<\/div><\/section>\n\n<style type=\"text\/css\" data-created_by=\"avia_inline_auto\" id=\"style-css-av-jvzj98m0-276ba876f25e8306ea2215e89dac8c02\">\n.avia-image-container.av-jvzj98m0-276ba876f25e8306ea2215e89dac8c02 img.avia_image{\nbox-shadow:none;\n}\n.avia-image-container.av-jvzj98m0-276ba876f25e8306ea2215e89dac8c02 .av-image-caption-overlay-center{\ncolor:#ffffff;\n}\n<\/style>\n<div  class='avia-image-container av-jvzj98m0-276ba876f25e8306ea2215e89dac8c02 av-styling- avia-align-center  avia-builder-el-2  el_after_av_textblock  el_before_av_textblock '   itemprop=\"image\" itemscope=\"itemscope\" itemtype=\"https:\/\/schema.org\/ImageObject\" ><div class=\"avia-image-container-inner\"><div class=\"avia-image-overlay-wrap\"><img decoding=\"async\" fetchpriority=\"high\" class='wp-image-11497 avia-img-lazy-loading-not-11497 avia_image ' src=\"https:\/\/www.maderasmenur.com\/wp-content\/uploads\/59bd4a7cec176.jpeg\" alt='' title='59bd4a7cec176'  height=\"872\" width=\"580\"  itemprop=\"thumbnailUrl\" srcset=\"https:\/\/www.maderasmenur.com\/wp-content\/uploads\/59bd4a7cec176.jpeg 580w, https:\/\/www.maderasmenur.com\/wp-content\/uploads\/59bd4a7cec176-200x300.jpeg 200w, https:\/\/www.maderasmenur.com\/wp-content\/uploads\/59bd4a7cec176-469x705.jpeg 469w, https:\/\/www.maderasmenur.com\/wp-content\/uploads\/59bd4a7cec176-450x677.jpeg 450w\" sizes=\"(max-width: 580px) 100vw, 580px\" \/><\/div><\/div><\/div>\n<section  class='av_textblock_section av-jvzj9q3k-6e958459f9c34f4e8c60ecda69e34dca '   itemscope=\"itemscope\" itemtype=\"https:\/\/schema.org\/BlogPosting\" itemprop=\"blogPost\" ><div class='avia_textblock'  itemprop=\"text\" ><p id=\"p6345145-m834-3-835\" class=\"paragraph divisor_3\">La revista cient\u00edfica &#8220;Plos One&#8221; publica hoy este descubrimiento realizado por expertos del Centro Nacional de Investigaci\u00f3n sobre la Evoluci\u00f3n Humana (CENIEH), el Institut National de Recherches Arch\u00e9ologiques Pr\u00e9ventives (Francia), la Universidad del Pa\u00eds Vasco, la Aut\u00f3noma de Barcelona, la Universidad de Burgos y la de Cantabria.<\/p>\n<p id=\"p6345145-m839-4-840\" class=\"paragraph\">Los trabajos que se llevan a cabo <b>desde 2013<\/b> en el yacimiento al aire libre de Aranbaltza, en la localidad costera de Barrika, donde se han descubierto <b>miles de piezas de factura chatelperroniense<\/b>, tratan de documentar las formas de vida de los \u00faltimos neandertales en la pen\u00ednsula ib\u00e9rica hace unos 40.000 a\u00f1os.<\/p>\n<p id=\"p6345145-m844-5-845\" class=\"paragraph\">Seg\u00fan explica el director de las excavaciones, el arque\u00f3logo del CENIEH, <b>Joseba R\u00edos-Garaizar<\/b>, la sorpresa surgi\u00f3 cuando, en una de las \u00faltimas campa\u00f1as, se practicaron unos <b>sondeos<\/b> &#8220;para verificar la potencia estratigr\u00e1fica del yacimiento&#8221;, en los que se alcanzaron niveles &#8220;de limos y arenas saturados en agua&#8221; de una edad cercana a los 90.000 a\u00f1os.<\/p>\n<p id=\"p6345145-m849-6-850\" class=\"paragraph\">En estas catas, aparecieron distintos <b>objetos de &#8220;industria l\u00edtica&#8221;<\/b>, pero &#8220;tambi\u00e9n algunos restos de madera bien conservados&#8221;, algo totalmente &#8220;excepcional&#8221; pues, como comenta R\u00edos-Garaizar, &#8220;la conservaci\u00f3n de restos de madera en yacimientos arqueol\u00f3gicos antiguos es muy, muy compleja&#8221; porque se trata de un<b> material org\u00e1nico que se degrada<\/b> y desaparece muy r\u00e1pidamente.<\/p>\n<p id=\"p6345145-m854-7-855\" class=\"paragraph\">&#8220;Se tienen que producir una serie de coincidencias muy afortunadas, casi milagrosas, para que la madera se conserve&#8221; y una de ellas es un &#8220;contexto saturado en agua&#8221;, donde <b>la ausencia de ox\u00edgeno impide<\/b> o retrasa extraordinariamente<b> la putrefacci\u00f3n<\/b> de la madera, relata el experto del CENIEH.<\/p>\n<p id=\"p6345145-m859-8-860\" class=\"paragraph\">Una circunstancia &#8220;tan rara&#8221; que, adem\u00e1s de Aranbaltza, <b>s\u00f3lo existen otros cinco yacimientos en Europa<\/b> en los que se han encontrado restos de objetos de madera asociados a neandertales o preneandertales, dos de ellos en Alemania, uno en Inglaterra, otro en Italia y el quinto tambi\u00e9n en Espa\u00f1a: el Abric Roman\u00ed de Capellades (Barcelona).<\/p>\n<p>LINK: https:\/\/www.lainformacion.com\/tecnologia\/hallada-en-vizcaya-una-de-las-pocas-piezas-de-madera-del-periodo-neandertal\/6345145<\/p>\n<p>IMAGEN: lainformacion.com<\/p>\n<\/div><\/section>\n","protected":false},"excerpt":{"rendered":"","protected":false},"author":1001087,"featured_media":11497,"comment_status":"closed","ping_status":"closed","sticky":false,"template":"","format":"standard","meta":{"footnotes":""},"categories":[19],"tags":[],"class_list":["post-11496","post","type-post","status-publish","format-standard","has-post-thumbnail","hentry","category-noticias"],"_links":{"self":[{"href":"https:\/\/www.maderasmenur.com\/it\/wp-json\/wp\/v2\/posts\/11496","targetHints":{"allow":["GET"]}}],"collection":[{"href":"https:\/\/www.maderasmenur.com\/it\/wp-json\/wp\/v2\/posts"}],"about":[{"href":"https:\/\/www.maderasmenur.com\/it\/wp-json\/wp\/v2\/types\/post"}],"author":[{"embeddable":true,"href":"https:\/\/www.maderasmenur.com\/it\/wp-json\/wp\/v2\/users\/1001087"}],"replies":[{"embeddable":true,"href":"https:\/\/www.maderasmenur.com\/it\/wp-json\/wp\/v2\/comments?post=11496"}],"version-history":[{"count":0,"href":"https:\/\/www.maderasmenur.com\/it\/wp-json\/wp\/v2\/posts\/11496\/revisions"}],"wp:featuredmedia":[{"embeddable":true,"href":"https:\/\/www.maderasmenur.com\/it\/wp-json\/wp\/v2\/media\/11497"}],"wp:attachment":[{"href":"https:\/\/www.maderasmenur.com\/it\/wp-json\/wp\/v2\/media?parent=11496"}],"wp:term":[{"taxonomy":"category","embeddable":true,"href":"https:\/\/www.maderasmenur.com\/it\/wp-json\/wp\/v2\/categories?post=11496"},{"taxonomy":"post_tag","embeddable":true,"href":"https:\/\/www.maderasmenur.com\/it\/wp-json\/wp\/v2\/tags?post=11496"}],"curies":[{"name":"wp","href":"https:\/\/api.w.org\/{rel}","templated":true}]}}