{"id":13156,"date":"2019-10-13T12:16:09","date_gmt":"2019-10-13T10:16:09","guid":{"rendered":"https:\/\/www.maderasmenur.com\/?p=13156"},"modified":"2019-12-05T17:42:04","modified_gmt":"2019-12-05T16:42:04","slug":"conoce-la-madera-tratada-oleotermicamente","status":"publish","type":"post","link":"https:\/\/www.maderasmenur.com\/it\/conoce-la-madera-tratada-oleotermicamente\/","title":{"rendered":"Conoce la madera tratada oleot\u00e9rmicamente"},"content":{"rendered":"\n<style type=\"text\/css\" data-created_by=\"avia_inline_auto\" id=\"style-css-av-k3sy535m-5061dbd921aa6f4f6e3f26aac49051c6\">\n#top .av-special-heading.av-k3sy535m-5061dbd921aa6f4f6e3f26aac49051c6{\npadding-bottom:10px;\n}\nbody .av-special-heading.av-k3sy535m-5061dbd921aa6f4f6e3f26aac49051c6 .av-special-heading-tag .heading-char{\nfont-size:25px;\n}\n.av-special-heading.av-k3sy535m-5061dbd921aa6f4f6e3f26aac49051c6 .av-subheading{\nfont-size:15px;\n}\n<\/style>\n<div  class='av-special-heading av-k3sy535m-5061dbd921aa6f4f6e3f26aac49051c6 av-special-heading-h1 blockquote modern-quote modern-centered  avia-builder-el-0  el_before_av_image  avia-builder-el-first '><h1 class='av-special-heading-tag '  itemprop=\"headline\"  >Conoce la madera tratada oleot\u00e9rmicamente<\/h1><div class=\"special-heading-border\"><div class=\"special-heading-inner-border\"><\/div><\/div><\/div>\n\n<style type=\"text\/css\" data-created_by=\"avia_inline_auto\" id=\"style-css-av-k1ou0zsi-03bed8134bc4347d04688112fb88110e\">\n.avia-image-container.av-k1ou0zsi-03bed8134bc4347d04688112fb88110e img.avia_image{\nbox-shadow:none;\n}\n.avia-image-container.av-k1ou0zsi-03bed8134bc4347d04688112fb88110e .av-image-caption-overlay-center{\ncolor:#ffffff;\n}\n<\/style>\n<div  class='avia-image-container av-k1ou0zsi-03bed8134bc4347d04688112fb88110e av-styling- avia-align-center  avia-builder-el-1  el_after_av_heading  el_before_av_textblock '   itemprop=\"image\" itemscope=\"itemscope\" itemtype=\"https:\/\/schema.org\/ImageObject\" ><div class=\"avia-image-container-inner\"><div class=\"avia-image-overlay-wrap\"><img decoding=\"async\" fetchpriority=\"high\" class='wp-image-13157 avia-img-lazy-loading-not-13157 avia_image ' src=\"https:\/\/www.maderasmenur.com\/wp-content\/uploads\/OLEO-300x162.jpg\" alt='' title='OLEO'  height=\"162\" width=\"300\"  itemprop=\"thumbnailUrl\" srcset=\"https:\/\/www.maderasmenur.com\/wp-content\/uploads\/OLEO-300x162.jpg 300w, https:\/\/www.maderasmenur.com\/wp-content\/uploads\/OLEO-768x415.jpg 768w, https:\/\/www.maderasmenur.com\/wp-content\/uploads\/OLEO-705x381.jpg 705w, https:\/\/www.maderasmenur.com\/wp-content\/uploads\/OLEO-450x243.jpg 450w, https:\/\/www.maderasmenur.com\/wp-content\/uploads\/OLEO.jpg 1017w\" sizes=\"(max-width: 300px) 100vw, 300px\" \/><\/div><\/div><\/div>\n<section  class='av_textblock_section av-k1ou2kq6-f30527d951c39a969c62f533f390bb65 '   itemscope=\"itemscope\" itemtype=\"https:\/\/schema.org\/BlogPosting\" itemprop=\"blogPost\" ><div class='avia_textblock'  itemprop=\"text\" ><p>La <strong>madera tratada oleot\u00e9rmicamente<\/strong> es una madera tratada qu\u00edmicamente con el objetivo de curarla, prevenirla o mantenerla, mejorando su durabilidad natural frente a los agentes degradadores. Esto se consigue fijando aceites especiales a la estructura de la madera.<span id=\"more-10488\"><\/span><\/p>\n<p>Es un tratamiento que surge como una alternativa menos nociva para el medio ambiente, ya que se basa en las propiedades impermeabilizantes e hidr\u00f3fobas del aceite. \u00a0Se aplica a altas temperaturas para facilitar la impregnaci\u00f3n, de este modo el aceite pierde su car\u00e1cter denso y se vuelve m\u00e1s vol\u00e1til, penetrando con mayor facilidad en la madera. El aceite va mezclado con otros productos protectores, de manera que se fija en la madera creando una barrera f\u00edsica con las condiciones externas y los agentes pat\u00f3genos.<\/p>\n<p>El tratamiento se realiza en dos tiempos. Primero se aplica un ba\u00f1o a 130-201 \u00baC. Posteriormente, se sumerge la madera en otro segundo ba\u00f1o, esta vez a temperatura ambiente. De este modo, el agua que est\u00e1 en el interior de la madera es expulsada en forma de vapor, y su espacio se llena con el aceite y los aditivos en los que ha sido ba\u00f1ada la madera. Finalmente, se deja secar la madera al aire.<\/p>\n<p>Las ventajas de este tratamiento son m\u00faltiples:<\/p>\n<ul>\n<li>Es menos costoso.<\/li>\n<li>Es m\u00e1s respetuoso con el medio ambiente.<\/li>\n<li>Es sencillo de realizar.<\/li>\n<li>Se puede aplicar sobre madrera verde.<\/li>\n<li>Se puede aplicar utilizando aceites reciclados de la industria agroalimentaria.<\/li>\n<li>Implica bajos costes de inversi\u00f3n y funcionamiento.<\/li>\n<\/ul>\n<p>Las propiedades de la madera var\u00edan despu\u00e9s de aplicar este tratamiento. La madera tratada oleot\u00e9rmicamente es m\u00e1s densa que la madera natural, dado el aceite introducido, y en consecuencia m\u00e1s dura. Adem\u00e1s, la madera tratada oleot\u00e9rmicamente tiene una mayor estabilidad dimensional. Por otro lado, es menos propensa a el agrisamiento que produce la acci\u00f3n de las rayos ultravioletas en la madera expuesta al sol, ya que retrasa este efecto. Cabe a\u00f1adir, que el tratamiento con aceite disminuye el contenido de humedad de la madera, al expulsar el agua que contiene la estructura, de esta manera se reduce el contenido de humedad de forma m\u00e1s econ\u00f3mica que con un secado artificial.<\/p>\n<p>El tratamiento se aplica en algunas especies de frondosas como el casta\u00f1o o el roble, y en especies de con\u00edferas como el abeto Douglas o el alerce. La\u00a0<strong>madera tratada oleot\u00e9rmicamente<\/strong> se puede emplear en las clases de uso 1, 2 y 3, es decir, en ambientes de interior o de exterior sin contacto con masas de agua.<\/p>\n<p>IMAGEN: Maderea<\/p>\n<p>LINK: https:\/\/www.maderea.es\/conoce-la-madera-tratada-oleotermicamente<\/p>\n<div class=\"relpost-thumb-wrapper\">\n<div class=\"relpost-thumb-container\"><\/div>\n<\/div>\n<\/div><\/section>\n","protected":false},"excerpt":{"rendered":"","protected":false},"author":1001087,"featured_media":13157,"comment_status":"closed","ping_status":"closed","sticky":false,"template":"","format":"standard","meta":{"footnotes":""},"categories":[90],"tags":[],"class_list":["post-13156","post","type-post","status-publish","format-standard","has-post-thumbnail","hentry","category-todo-sobre-la-madera"],"_links":{"self":[{"href":"https:\/\/www.maderasmenur.com\/it\/wp-json\/wp\/v2\/posts\/13156","targetHints":{"allow":["GET"]}}],"collection":[{"href":"https:\/\/www.maderasmenur.com\/it\/wp-json\/wp\/v2\/posts"}],"about":[{"href":"https:\/\/www.maderasmenur.com\/it\/wp-json\/wp\/v2\/types\/post"}],"author":[{"embeddable":true,"href":"https:\/\/www.maderasmenur.com\/it\/wp-json\/wp\/v2\/users\/1001087"}],"replies":[{"embeddable":true,"href":"https:\/\/www.maderasmenur.com\/it\/wp-json\/wp\/v2\/comments?post=13156"}],"version-history":[{"count":0,"href":"https:\/\/www.maderasmenur.com\/it\/wp-json\/wp\/v2\/posts\/13156\/revisions"}],"wp:featuredmedia":[{"embeddable":true,"href":"https:\/\/www.maderasmenur.com\/it\/wp-json\/wp\/v2\/media\/13157"}],"wp:attachment":[{"href":"https:\/\/www.maderasmenur.com\/it\/wp-json\/wp\/v2\/media?parent=13156"}],"wp:term":[{"taxonomy":"category","embeddable":true,"href":"https:\/\/www.maderasmenur.com\/it\/wp-json\/wp\/v2\/categories?post=13156"},{"taxonomy":"post_tag","embeddable":true,"href":"https:\/\/www.maderasmenur.com\/it\/wp-json\/wp\/v2\/tags?post=13156"}],"curies":[{"name":"wp","href":"https:\/\/api.w.org\/{rel}","templated":true}]}}