{"id":13164,"date":"2019-10-31T13:17:22","date_gmt":"2019-10-31T12:17:22","guid":{"rendered":"https:\/\/www.maderasmenur.com\/?p=13164"},"modified":"2019-12-12T09:27:21","modified_gmt":"2019-12-12T08:27:21","slug":"la-madera-es-uno-de-los-materiales-mas-sostenibles-segun-un-estudio","status":"publish","type":"post","link":"https:\/\/www.maderasmenur.com\/it\/la-madera-es-uno-de-los-materiales-mas-sostenibles-segun-un-estudio\/","title":{"rendered":"La madera: Uno de los materiales m\u00e1s sostenibles"},"content":{"rendered":"\n<style type=\"text\/css\" data-created_by=\"avia_inline_auto\" id=\"style-css-av-k3sxdlty-878e13b65b044f96f9c71c69eca9e4d8\">\n#top .av-special-heading.av-k3sxdlty-878e13b65b044f96f9c71c69eca9e4d8{\npadding-bottom:10px;\n}\nbody .av-special-heading.av-k3sxdlty-878e13b65b044f96f9c71c69eca9e4d8 .av-special-heading-tag .heading-char{\nfont-size:25px;\n}\n.av-special-heading.av-k3sxdlty-878e13b65b044f96f9c71c69eca9e4d8 .av-subheading{\nfont-size:15px;\n}\n<\/style>\n<div  class='av-special-heading av-k3sxdlty-878e13b65b044f96f9c71c69eca9e4d8 av-special-heading-h1 blockquote modern-quote modern-centered  avia-builder-el-0  el_before_av_textblock  avia-builder-el-first '><h1 class='av-special-heading-tag '  itemprop=\"headline\"  >La madera es uno de los materiales m\u00e1s sostenibles, seg\u00fan un estudio<\/h1><div class=\"special-heading-border\"><div class=\"special-heading-inner-border\"><\/div><\/div><\/div>\n<section  class='av_textblock_section av-k3sxg5pu-c73056747e0603d8d0504769a11fe081 '   itemscope=\"itemscope\" itemtype=\"https:\/\/schema.org\/BlogPosting\" itemprop=\"blogPost\" ><div class='avia_textblock'  itemprop=\"text\" ><p>La madera es una de las materias primas m\u00e1s sostenibles debido a sus caracter\u00edsticas de obtenci\u00f3n, renovaci\u00f3n, as\u00ed como por su posibilidad de reutilizaci\u00f3n o reciclaje. Es la principal conclusi\u00f3n del estudio realizado para la obtenci\u00f3n de la primera declaraci\u00f3n ambiental de producto realizada a nivel sectorial de Euskadi para la tabla aserrada. El an\u00e1lisis realizado indica que en la extracci\u00f3n y manufactura de la madera se consume menos energ\u00eda que en la producci\u00f3n de otros materiales. Adem\u00e1s, la madera es el \u00fanico material constructivo que absorbe di\u00f3xido de carbono durante su periodo de crecimiento, una circunstancia que contribuye de forma directa a frenar el calentamiento global. Esta certificaci\u00f3n es una herramienta estrat\u00e9gica y de competitividad para el sector forestal-madera ya que va a permitir comparar DAPs del mismo producto realizado en diferentes materiales y procesos productivos para conocer su impacto medioambiental. De esta forma se podr\u00e1 acreditar que la madera es m\u00e1s sostenible que otros materiales como el acero, el aluminio, el hormig\u00f3n o los pl\u00e1sticos.<\/p>\n<\/div><\/section>\n<div  class='hr av-nhk3ho-533064e74199e4cea4e34b0038eab5c1 hr-default  avia-builder-el-2  el_after_av_textblock  el_before_av_image '><span class='hr-inner '><span class=\"hr-inner-style\"><\/span><\/span><\/div>\n\n<style type=\"text\/css\" data-created_by=\"avia_inline_auto\" id=\"style-css-av-k2eo8omr-bb00053a10b9383c33802f9a2b9203a2\">\n.avia-image-container.av-k2eo8omr-bb00053a10b9383c33802f9a2b9203a2 img.avia_image{\nbox-shadow:none;\n}\n.avia-image-container.av-k2eo8omr-bb00053a10b9383c33802f9a2b9203a2 .av-image-caption-overlay-center{\ncolor:#ffffff;\n}\n<\/style>\n<div  class='avia-image-container av-k2eo8omr-bb00053a10b9383c33802f9a2b9203a2 av-styling- avia-align-center  avia-builder-el-3  el_after_av_hr  el_before_av_textblock '   itemprop=\"image\" itemscope=\"itemscope\" itemtype=\"https:\/\/schema.org\/ImageObject\" ><div class=\"avia-image-container-inner\"><div class=\"avia-image-overlay-wrap\"><img decoding=\"async\" fetchpriority=\"high\" class='wp-image-13165 avia-img-lazy-loading-not-13165 avia_image ' src=\"https:\/\/www.maderasmenur.com\/wp-content\/uploads\/SOSTENIBLE.jpeg\" alt='' title='SOSTENIBLE'  height=\"560\" width=\"980\"  itemprop=\"thumbnailUrl\" srcset=\"https:\/\/www.maderasmenur.com\/wp-content\/uploads\/SOSTENIBLE.jpeg 980w, https:\/\/www.maderasmenur.com\/wp-content\/uploads\/SOSTENIBLE-300x171.jpeg 300w, https:\/\/www.maderasmenur.com\/wp-content\/uploads\/SOSTENIBLE-768x439.jpeg 768w, https:\/\/www.maderasmenur.com\/wp-content\/uploads\/SOSTENIBLE-705x403.jpeg 705w, https:\/\/www.maderasmenur.com\/wp-content\/uploads\/SOSTENIBLE-450x257.jpeg 450w\" sizes=\"(max-width: 980px) 100vw, 980px\" \/><\/div><\/div><\/div>\n<section  class='av_textblock_section av-k3sxghyr-93cb3b05777e37e56c6f1d46304f8f22 '   itemscope=\"itemscope\" itemtype=\"https:\/\/schema.org\/BlogPosting\" itemprop=\"blogPost\" ><div class='avia_textblock'  itemprop=\"text\" ><p>Pioneros en Europa La DAP sectorial se ha presentado en el transcurso de la jornada \u2018Las certificaciones ambientales. Nuevos instrumentos de competitividad en el sector forestal madera\u2019, organizada por Baskegur y el Gobierno vasco. El encuentro ha sido inaugurado por la viceconsejera de Medio Ambiente, Elena Moreno, y clausurado por el viceconsejero de Agricultura, Pesca y Alimentaci\u00f3n, Bittor Oroz. Adem\u00e1s, han acudido los principales cl\u00fasteres y agentes vinculados a la sostenibilidad y la construcci\u00f3n. En el encuentro se han puesto en valor las DAPs como una herramienta para dar respuesta a las demandas de informaci\u00f3n ambiental relacionadas con el ciclo de vida de los productos, mejorar la trasparencia de las empresas hacia el mercado y desarrollar su competitividad a nivel internacional. El acto se ha cerrado con la entrega de un reconocimiento a las empresas que ya han obtenido sus DAP de producto.<\/p>\n<p>IMAGEN: interempresas.net<\/p>\n<p>LINK: interempresas.net\/Madera\/Articulos\/257384-La-madera-es-uno-de-los-materiales-mas-sostenibles.html<\/p>\n<\/div><\/section>\n","protected":false},"excerpt":{"rendered":"","protected":false},"author":1001087,"featured_media":13165,"comment_status":"closed","ping_status":"closed","sticky":false,"template":"","format":"standard","meta":{"footnotes":""},"categories":[90],"tags":[],"class_list":["post-13164","post","type-post","status-publish","format-standard","has-post-thumbnail","hentry","category-todo-sobre-la-madera"],"_links":{"self":[{"href":"https:\/\/www.maderasmenur.com\/it\/wp-json\/wp\/v2\/posts\/13164","targetHints":{"allow":["GET"]}}],"collection":[{"href":"https:\/\/www.maderasmenur.com\/it\/wp-json\/wp\/v2\/posts"}],"about":[{"href":"https:\/\/www.maderasmenur.com\/it\/wp-json\/wp\/v2\/types\/post"}],"author":[{"embeddable":true,"href":"https:\/\/www.maderasmenur.com\/it\/wp-json\/wp\/v2\/users\/1001087"}],"replies":[{"embeddable":true,"href":"https:\/\/www.maderasmenur.com\/it\/wp-json\/wp\/v2\/comments?post=13164"}],"version-history":[{"count":0,"href":"https:\/\/www.maderasmenur.com\/it\/wp-json\/wp\/v2\/posts\/13164\/revisions"}],"wp:featuredmedia":[{"embeddable":true,"href":"https:\/\/www.maderasmenur.com\/it\/wp-json\/wp\/v2\/media\/13165"}],"wp:attachment":[{"href":"https:\/\/www.maderasmenur.com\/it\/wp-json\/wp\/v2\/media?parent=13164"}],"wp:term":[{"taxonomy":"category","embeddable":true,"href":"https:\/\/www.maderasmenur.com\/it\/wp-json\/wp\/v2\/categories?post=13164"},{"taxonomy":"post_tag","embeddable":true,"href":"https:\/\/www.maderasmenur.com\/it\/wp-json\/wp\/v2\/tags?post=13164"}],"curies":[{"name":"wp","href":"https:\/\/api.w.org\/{rel}","templated":true}]}}