{"id":17985,"date":"2021-10-24T19:00:44","date_gmt":"2021-10-24T17:00:44","guid":{"rendered":"https:\/\/www.maderasmenur.com\/?p=17985"},"modified":"2021-10-24T19:09:41","modified_gmt":"2021-10-24T17:09:41","slug":"tips-para-decorar-con-madera","status":"publish","type":"post","link":"https:\/\/www.maderasmenur.com\/it\/tips-para-decorar-con-madera\/","title":{"rendered":"Tips para decorar con Madera"},"content":{"rendered":"<section  class='av_textblock_section av-av_textblock-ef7fdae6b3b86bd1e5936ff9fbb8ffa2 '   itemscope=\"itemscope\" itemtype=\"https:\/\/schema.org\/BlogPosting\" itemprop=\"blogPost\" ><div class='avia_textblock'  itemprop=\"text\" ><p><span style=\"font-weight: 400;\">A todos nos encanta llegar a casa, sentir que estamos en un ambiente c\u00e1lido, c\u00f3modo y agradable y relajarnos tras nuestra habitual rutina fren\u00e9tica. Para ello, es primordial una buena decoraci\u00f3n que nos ayude a sentirnos \u201ccomo en casa\u201d y que saque nuestro mejor \u201cyo\u201d.\u00a0<\/span><\/p>\n<p>\u00a0<\/p>\n<p><span style=\"font-weight: 400;\">Hoy os traemos unos tips fundamentales a la hora de decorar:<\/span><\/p>\n<p>\u00a0<\/p>\n<ul>\n<li style=\"font-weight: 400;\" aria-level=\"1\"><span style=\"font-weight: 400;\">No compres muebles o decoraci\u00f3n por impulso, haz primero un <\/span><b>plan de dise\u00f1o<\/b><span style=\"font-weight: 400;\"> y anota las <\/span><b>medidas<\/b><span style=\"font-weight: 400;\"> de cada mueble.\u00a0<\/span><\/li>\n<li style=\"font-weight: 400;\" aria-level=\"1\"><b>No<\/b><span style=\"font-weight: 400;\"> uses <\/span><b>distintos estilos decorativos,<\/b><span style=\"font-weight: 400;\"> m\u00e1s bien dise\u00f1a una misma l\u00ednea y parte de ella.\u00a0<\/span><\/li>\n<li style=\"font-weight: 400;\" aria-level=\"1\"><span style=\"font-weight: 400;\">La <\/span><b>iluminaci\u00f3n y electricidad<\/b><span style=\"font-weight: 400;\"> deben ser una de las tareas principales, por ejemplo para evitar problemas como crear un lugar de lectura y darte cuenta de que no tienes suficiente luz.\u00a0<\/span><\/li>\n<li style=\"font-weight: 400;\" aria-level=\"1\"><span style=\"font-weight: 400;\">Si dispones de <\/span><b>poca luz<\/b><span style=\"font-weight: 400;\">, pinta las paredes de <\/span><b>tonos claros y c\u00e1lidos, <\/b><span style=\"font-weight: 400;\">como blanco roto, beige o rosado.\u00a0<\/span><\/li>\n<li style=\"font-weight: 400;\" aria-level=\"1\"><span style=\"font-weight: 400;\">Intenta no pasarte con los <\/span><b>estampados, <\/b><span style=\"font-weight: 400;\">esto solo conseguir\u00e1 <\/span><b>cargar el ambiente.\u00a0<\/b><\/li>\n<li style=\"font-weight: 400;\" aria-level=\"1\"><span style=\"font-weight: 400;\">Aunque es cierto que el <\/span><b>arrimar los muebles a la pared<\/b><span style=\"font-weight: 400;\"> hace el espacio m\u00e1s amplio, es recomendable no abusar de ello y pegar solo a la pared aquellos que sean <\/span><b>m\u00e1s grandes y oscuros.<\/b><\/li>\n<li style=\"font-weight: 400;\" aria-level=\"1\"><span style=\"font-weight: 400;\">\u00a0Coloca los muebles de modo que <\/span><b>no tapen las ventanas,<\/b><span style=\"font-weight: 400;\"> o bien elige piezas bajas y de tonos luminosos y suaves.<\/span><\/li>\n<li style=\"font-weight: 400;\" aria-level=\"1\"><span style=\"font-weight: 400;\">A todos nos gusta llenar nuestro hogar de fotos y recuerdos, pero te recomendamos <\/span><b>simplificar la decoraci\u00f3n<\/b><span style=\"font-weight: 400;\"> de casa para sentirte mejor. En todo caso, puedes ir cambiando las fotos cada cierto tiempo.<\/span><\/li>\n<li style=\"font-weight: 400;\" aria-level=\"1\"><span style=\"font-weight: 400;\">\u00a0Elige <\/span><b>plantas y flores de temporada<\/b><span style=\"font-weight: 400;\">. Para que te duren m\u00e1s, busca una ubicaci\u00f3n con <\/span><b>claridad <\/b><span style=\"font-weight: 400;\">pero<\/span><b> sin sol directo<\/b><span style=\"font-weight: 400;\"> y alejada de las corrientes de aire y las fuentes de calor, como los radiadores.<\/span><\/li>\n<li style=\"font-weight: 400;\" aria-level=\"1\"><b>No &#8220;proh\u00edbas&#8221;<\/b><span style=\"font-weight: 400;\"> la entrada de los <\/span><b>colores oscuros<\/b><span style=\"font-weight: 400;\"> en tu casa. Tienen fama de empeque\u00f1ecer, pero si los <\/span><b>contrastas con tonos claros <\/b><span style=\"font-weight: 400;\">pueden incluso ampliar los metros visualmente.<\/span><\/li>\n<\/ul>\n<p>\u00a0<\/p>\n<p><span style=\"font-weight: 400;\">Ya tienes toda la teor\u00eda, ahora solo te hace falta ponerlo en marcha \ud83d\ude09\u00a0<\/span><\/p>\n<p>\u00a0<\/p>\n<p><span style=\"font-weight: 400;\">Link de: El Mueble (2019). <\/span><i><span style=\"font-weight: 400;\">\u00a1Decora bien! 15 errores que debes evitar. <\/span><\/i><span style=\"font-weight: 400;\">Extra\u00eddo de: <\/span><a href=\"https:\/\/www.elmueble.com\/ideas\/decoterapia\/decora-bien-15-errores-que-debes-evitar_19659\"><span style=\"font-weight: 400;\">https:\/\/www.elmueble.com\/ideas\/decoterapia\/decora-bien-15-errores-que-debes-evitar_19659<\/span><\/a><\/p>\n<\/div><\/section>\n\n<style type=\"text\/css\" data-created_by=\"avia_inline_auto\" id=\"style-css-av-av_one_third-79ff81c021393065cee878051452f6a6\">\n.flex_column.av-av_one_third-79ff81c021393065cee878051452f6a6{\nborder-radius:0px 0px 0px 0px;\npadding:0px 0px 0px 0px;\n}\n<\/style>\n<div  class='flex_column av-av_one_third-79ff81c021393065cee878051452f6a6 av_one_third  avia-builder-el-1  el_after_av_textblock  el_before_av_one_third  first flex_column_div av-zero-column-padding  column-top-margin'     ><style type=\"text\/css\" data-created_by=\"avia_inline_auto\" id=\"style-css-av-kv5hd23m-64e564f7e63c60087dde9d4df0bdf169\">\n.avia-image-container.av-kv5hd23m-64e564f7e63c60087dde9d4df0bdf169 img.avia_image{\nbox-shadow:none;\n}\n.avia-image-container.av-kv5hd23m-64e564f7e63c60087dde9d4df0bdf169 .av-image-caption-overlay-center{\ncolor:#ffffff;\n}\n<\/style>\n<div  class='avia-image-container av-kv5hd23m-64e564f7e63c60087dde9d4df0bdf169 av-styling- avia-align-center  avia-builder-el-2  avia-builder-el-no-sibling '   itemprop=\"image\" itemscope=\"itemscope\" itemtype=\"https:\/\/schema.org\/ImageObject\" ><div class=\"avia-image-container-inner\"><div class=\"avia-image-overlay-wrap\"><img decoding=\"async\" fetchpriority=\"high\" class='wp-image-17990 avia-img-lazy-loading-not-17990 avia_image ' src=\"https:\/\/www.maderasmenur.com\/wp-content\/uploads\/FSN9266-min-1-225x300.jpg\" alt='' title='_FSN9266-min (1)'  height=\"300\" width=\"225\"  itemprop=\"thumbnailUrl\" srcset=\"https:\/\/www.maderasmenur.com\/wp-content\/uploads\/FSN9266-min-1-225x300.jpg 225w, https:\/\/www.maderasmenur.com\/wp-content\/uploads\/FSN9266-min-1-773x1030.jpg 773w, https:\/\/www.maderasmenur.com\/wp-content\/uploads\/FSN9266-min-1-768x1024.jpg 768w, https:\/\/www.maderasmenur.com\/wp-content\/uploads\/FSN9266-min-1-1152x1536.jpg 1152w, https:\/\/www.maderasmenur.com\/wp-content\/uploads\/FSN9266-min-1-1536x2048.jpg 1536w, https:\/\/www.maderasmenur.com\/wp-content\/uploads\/FSN9266-min-1-1125x1500.jpg 1125w, https:\/\/www.maderasmenur.com\/wp-content\/uploads\/FSN9266-min-1-529x705.jpg 529w, https:\/\/www.maderasmenur.com\/wp-content\/uploads\/FSN9266-min-1-scaled.jpg 1920w\" sizes=\"(max-width: 225px) 100vw, 225px\" \/><\/div><\/div><\/div><\/div>\n<style type=\"text\/css\" data-created_by=\"avia_inline_auto\" id=\"style-css-av-av_one_third-49f6e875884219cf77c24341e550af53\">\n.flex_column.av-av_one_third-49f6e875884219cf77c24341e550af53{\nborder-radius:0px 0px 0px 0px;\npadding:0px 0px 0px 0px;\n}\n<\/style>\n<div  class='flex_column av-av_one_third-49f6e875884219cf77c24341e550af53 av_one_third  avia-builder-el-3  el_after_av_one_third  el_before_av_one_third  flex_column_div av-zero-column-padding  column-top-margin'     ><style type=\"text\/css\" data-created_by=\"avia_inline_auto\" id=\"style-css-av-kv5hcvsa-5855fc6e0b6e8931dfc8ed25bdd38918\">\n.avia-image-container.av-kv5hcvsa-5855fc6e0b6e8931dfc8ed25bdd38918 img.avia_image{\nbox-shadow:none;\n}\n.avia-image-container.av-kv5hcvsa-5855fc6e0b6e8931dfc8ed25bdd38918 .av-image-caption-overlay-center{\ncolor:#ffffff;\n}\n<\/style>\n<div  class='avia-image-container av-kv5hcvsa-5855fc6e0b6e8931dfc8ed25bdd38918 av-styling- avia-align-center  avia-builder-el-4  avia-builder-el-no-sibling '   itemprop=\"image\" itemscope=\"itemscope\" itemtype=\"https:\/\/schema.org\/ImageObject\" ><div class=\"avia-image-container-inner\"><div class=\"avia-image-overlay-wrap\"><img decoding=\"async\" fetchpriority=\"high\" class='wp-image-17988 avia-img-lazy-loading-not-17988 avia_image ' src=\"https:\/\/www.maderasmenur.com\/wp-content\/uploads\/FSN9406-min-1-300x222.jpg\" alt='' title='_FSN9406-min (1)'  height=\"222\" width=\"300\"  itemprop=\"thumbnailUrl\" srcset=\"https:\/\/www.maderasmenur.com\/wp-content\/uploads\/FSN9406-min-1-300x222.jpg 300w, https:\/\/www.maderasmenur.com\/wp-content\/uploads\/FSN9406-min-1-1030x763.jpg 1030w, https:\/\/www.maderasmenur.com\/wp-content\/uploads\/FSN9406-min-1-768x569.jpg 768w, https:\/\/www.maderasmenur.com\/wp-content\/uploads\/FSN9406-min-1-1536x1138.jpg 1536w, https:\/\/www.maderasmenur.com\/wp-content\/uploads\/FSN9406-min-1-2048x1518.jpg 2048w, https:\/\/www.maderasmenur.com\/wp-content\/uploads\/FSN9406-min-1-1500x1112.jpg 1500w, https:\/\/www.maderasmenur.com\/wp-content\/uploads\/FSN9406-min-1-705x523.jpg 705w\" sizes=\"(max-width: 300px) 100vw, 300px\" \/><\/div><\/div><\/div><\/div>\n<style type=\"text\/css\" data-created_by=\"avia_inline_auto\" id=\"style-css-av-av_one_third-49f6e875884219cf77c24341e550af53\">\n.flex_column.av-av_one_third-49f6e875884219cf77c24341e550af53{\nborder-radius:0px 0px 0px 0px;\npadding:0px 0px 0px 0px;\n}\n<\/style>\n<div  class='flex_column av-av_one_third-49f6e875884219cf77c24341e550af53 av_one_third  avia-builder-el-5  el_after_av_one_third  avia-builder-el-last  flex_column_div av-zero-column-padding  column-top-margin'     ><style type=\"text\/css\" data-created_by=\"avia_inline_auto\" id=\"style-css-av-kv5hegmw-1f4f8d9cc4369195408b2d17f34632a9\">\n.avia-image-container.av-kv5hegmw-1f4f8d9cc4369195408b2d17f34632a9 img.avia_image{\nbox-shadow:none;\n}\n.avia-image-container.av-kv5hegmw-1f4f8d9cc4369195408b2d17f34632a9 .av-image-caption-overlay-center{\ncolor:#ffffff;\n}\n<\/style>\n<div  class='avia-image-container av-kv5hegmw-1f4f8d9cc4369195408b2d17f34632a9 av-styling- avia-align-center  avia-builder-el-6  avia-builder-el-no-sibling '   itemprop=\"image\" itemscope=\"itemscope\" itemtype=\"https:\/\/schema.org\/ImageObject\" ><div class=\"avia-image-container-inner\"><div class=\"avia-image-overlay-wrap\"><img decoding=\"async\" fetchpriority=\"high\" class='wp-image-16776 avia-img-lazy-loading-not-16776 avia_image ' src=\"https:\/\/www.maderasmenur.com\/wp-content\/uploads\/mobil-home-9-225x300.jpg\" alt='' title='mobil-home (9)'  height=\"300\" width=\"225\"  itemprop=\"thumbnailUrl\" srcset=\"https:\/\/www.maderasmenur.com\/wp-content\/uploads\/mobil-home-9-225x300.jpg 225w, https:\/\/www.maderasmenur.com\/wp-content\/uploads\/mobil-home-9.jpg 375w\" sizes=\"(max-width: 225px) 100vw, 225px\" \/><\/div><\/div><\/div><\/div><\/p>\n","protected":false},"excerpt":{"rendered":"","protected":false},"author":1001087,"featured_media":17989,"comment_status":"closed","ping_status":"closed","sticky":false,"template":"","format":"standard","meta":{"footnotes":""},"categories":[97,99,19],"tags":[],"class_list":["post-17985","post","type-post","status-publish","format-standard","has-post-thumbnail","hentry","category-chiringuitos-y-kioscos-de-madera-2","category-construcciones-en-madera","category-noticias"],"_links":{"self":[{"href":"https:\/\/www.maderasmenur.com\/it\/wp-json\/wp\/v2\/posts\/17985","targetHints":{"allow":["GET"]}}],"collection":[{"href":"https:\/\/www.maderasmenur.com\/it\/wp-json\/wp\/v2\/posts"}],"about":[{"href":"https:\/\/www.maderasmenur.com\/it\/wp-json\/wp\/v2\/types\/post"}],"author":[{"embeddable":true,"href":"https:\/\/www.maderasmenur.com\/it\/wp-json\/wp\/v2\/users\/1001087"}],"replies":[{"embeddable":true,"href":"https:\/\/www.maderasmenur.com\/it\/wp-json\/wp\/v2\/comments?post=17985"}],"version-history":[{"count":0,"href":"https:\/\/www.maderasmenur.com\/it\/wp-json\/wp\/v2\/posts\/17985\/revisions"}],"wp:featuredmedia":[{"embeddable":true,"href":"https:\/\/www.maderasmenur.com\/it\/wp-json\/wp\/v2\/media\/17989"}],"wp:attachment":[{"href":"https:\/\/www.maderasmenur.com\/it\/wp-json\/wp\/v2\/media?parent=17985"}],"wp:term":[{"taxonomy":"category","embeddable":true,"href":"https:\/\/www.maderasmenur.com\/it\/wp-json\/wp\/v2\/categories?post=17985"},{"taxonomy":"post_tag","embeddable":true,"href":"https:\/\/www.maderasmenur.com\/it\/wp-json\/wp\/v2\/tags?post=17985"}],"curies":[{"name":"wp","href":"https:\/\/api.w.org\/{rel}","templated":true}]}}