{"id":19030,"date":"2026-01-30T12:07:47","date_gmt":"2026-01-30T11:07:47","guid":{"rendered":"https:\/\/www.maderasmenur.com\/?p=19030"},"modified":"2026-01-30T12:19:52","modified_gmt":"2026-01-30T11:19:52","slug":"maderas-menur-fondos-europeos","status":"publish","type":"post","link":"https:\/\/www.maderasmenur.com\/it\/maderas-menur-fondos-europeos\/","title":{"rendered":"Maderas Menur Fondos Europeos"},"content":{"rendered":"\n<p class=\"western\">PROYECTOS Y EQUIPAMIENTOS EN MADERA SL (MADERAS MENUR) ha sido beneficiaria de Fondos Europeos, cuyo objetivo es el refuerzo del crecimiento sostenible y la competitividad de las PYMES, y gracias al cual ha puesto en marcha un Plan de Acci\u00f3n con el objetivo de mejorar su competitividad mediante la transformaci\u00f3n digital, la promoci\u00f3n online y el comercio electr\u00f3nico en mercados internacionales durante el a\u00f1o 2025. Para ello ha contado con el apoyo del Programa Xpande Digital de la C\u00e1mara de Comercio de M\u00e1laga. #EuropaSeSiente\u201d<\/p>\n\n\n\n<p><a href=\"https:\/\/www.maderasmenur.com\/wp-content\/uploads\/PROYECTOS-Y-EQUIPAMIENTOS-EN-MADERA-SL-MADERAS-MENUR-ha-sido-beneficiaria-de-Fondos-Europeos-cuyo-objetivo-es-el-refuerzo-del-crecimiento-sostenible-y-la-competitividad-de-las-PYMES-y-gracias-.jpg\"><img loading=\"lazy\" decoding=\"async\" class=\"alignnone size-medium wp-image-19031\" src=\"https:\/\/www.maderasmenur.com\/wp-content\/uploads\/PROYECTOS-Y-EQUIPAMIENTOS-EN-MADERA-SL-MADERAS-MENUR-ha-sido-beneficiaria-de-Fondos-Europeos-cuyo-objetivo-es-el-refuerzo-del-crecimiento-sostenible-y-la-competitividad-de-las-PYMES-y-gracias--240x300.jpg\" alt=\"\" width=\"240\" height=\"300\" srcset=\"https:\/\/www.maderasmenur.com\/wp-content\/uploads\/PROYECTOS-Y-EQUIPAMIENTOS-EN-MADERA-SL-MADERAS-MENUR-ha-sido-beneficiaria-de-Fondos-Europeos-cuyo-objetivo-es-el-refuerzo-del-crecimiento-sostenible-y-la-competitividad-de-las-PYMES-y-gracias--240x300.jpg 240w, https:\/\/www.maderasmenur.com\/wp-content\/uploads\/PROYECTOS-Y-EQUIPAMIENTOS-EN-MADERA-SL-MADERAS-MENUR-ha-sido-beneficiaria-de-Fondos-Europeos-cuyo-objetivo-es-el-refuerzo-del-crecimiento-sostenible-y-la-competitividad-de-las-PYMES-y-gracias--824x1030.jpg 824w, https:\/\/www.maderasmenur.com\/wp-content\/uploads\/PROYECTOS-Y-EQUIPAMIENTOS-EN-MADERA-SL-MADERAS-MENUR-ha-sido-beneficiaria-de-Fondos-Europeos-cuyo-objetivo-es-el-refuerzo-del-crecimiento-sostenible-y-la-competitividad-de-las-PYMES-y-gracias--768x960.jpg 768w, https:\/\/www.maderasmenur.com\/wp-content\/uploads\/PROYECTOS-Y-EQUIPAMIENTOS-EN-MADERA-SL-MADERAS-MENUR-ha-sido-beneficiaria-de-Fondos-Europeos-cuyo-objetivo-es-el-refuerzo-del-crecimiento-sostenible-y-la-competitividad-de-las-PYMES-y-gracias--564x705.jpg 564w, https:\/\/www.maderasmenur.com\/wp-content\/uploads\/PROYECTOS-Y-EQUIPAMIENTOS-EN-MADERA-SL-MADERAS-MENUR-ha-sido-beneficiaria-de-Fondos-Europeos-cuyo-objetivo-es-el-refuerzo-del-crecimiento-sostenible-y-la-competitividad-de-las-PYMES-y-gracias-.jpg 1080w\" sizes=\"auto, (max-width: 240px) 100vw, 240px\" \/><\/a><\/p>\n","protected":false},"excerpt":{"rendered":"<p>PROYECTOS Y EQUIPAMIENTOS EN MADERA SL (MADERAS MENUR) ha sido beneficiaria de Fondos Europeos, cuyo objetivo es el refuerzo del crecimiento sostenible y la competitividad de las PYMES, y gracias al cual ha puesto en marcha un Plan de Acci\u00f3n con el objetivo de mejorar su competitividad mediante la transformaci\u00f3n digital, la promoci\u00f3n online y [&hellip;]<\/p>\n","protected":false},"author":1001094,"featured_media":19034,"comment_status":"closed","ping_status":"closed","sticky":false,"template":"","format":"standard","meta":{"footnotes":""},"categories":[19],"tags":[],"class_list":["post-19030","post","type-post","status-publish","format-standard","has-post-thumbnail","hentry","category-noticias"],"_links":{"self":[{"href":"https:\/\/www.maderasmenur.com\/it\/wp-json\/wp\/v2\/posts\/19030","targetHints":{"allow":["GET"]}}],"collection":[{"href":"https:\/\/www.maderasmenur.com\/it\/wp-json\/wp\/v2\/posts"}],"about":[{"href":"https:\/\/www.maderasmenur.com\/it\/wp-json\/wp\/v2\/types\/post"}],"author":[{"embeddable":true,"href":"https:\/\/www.maderasmenur.com\/it\/wp-json\/wp\/v2\/users\/1001094"}],"replies":[{"embeddable":true,"href":"https:\/\/www.maderasmenur.com\/it\/wp-json\/wp\/v2\/comments?post=19030"}],"version-history":[{"count":4,"href":"https:\/\/www.maderasmenur.com\/it\/wp-json\/wp\/v2\/posts\/19030\/revisions"}],"predecessor-version":[{"id":19038,"href":"https:\/\/www.maderasmenur.com\/it\/wp-json\/wp\/v2\/posts\/19030\/revisions\/19038"}],"wp:featuredmedia":[{"embeddable":true,"href":"https:\/\/www.maderasmenur.com\/it\/wp-json\/wp\/v2\/media\/19034"}],"wp:attachment":[{"href":"https:\/\/www.maderasmenur.com\/it\/wp-json\/wp\/v2\/media?parent=19030"}],"wp:term":[{"taxonomy":"category","embeddable":true,"href":"https:\/\/www.maderasmenur.com\/it\/wp-json\/wp\/v2\/categories?post=19030"},{"taxonomy":"post_tag","embeddable":true,"href":"https:\/\/www.maderasmenur.com\/it\/wp-json\/wp\/v2\/tags?post=19030"}],"curies":[{"name":"wp","href":"https:\/\/api.w.org\/{rel}","templated":true}]}}