{"id":4039,"date":"2014-05-03T14:01:24","date_gmt":"2014-05-03T12:01:24","guid":{"rendered":"https:\/\/www.maderasmenur.com\/?p=4039"},"modified":"2019-12-09T12:01:42","modified_gmt":"2019-12-09T11:01:42","slug":"5o-feria-profesionales-de-equipamientos-de-playa-2","status":"publish","type":"post","link":"https:\/\/www.maderasmenur.com\/it\/5o-feria-profesionales-de-equipamientos-de-playa-2\/","title":{"rendered":"Quinta feria profesionales de equipamientos de Playa"},"content":{"rendered":"\n<style type=\"text\/css\" data-created_by=\"avia_inline_auto\" id=\"style-css-av-k3ybss2d-973bd38e34e094464eec9d0c88b736ea\">\n#top .av-special-heading.av-k3ybss2d-973bd38e34e094464eec9d0c88b736ea{\npadding-bottom:10px;\n}\nbody .av-special-heading.av-k3ybss2d-973bd38e34e094464eec9d0c88b736ea .av-special-heading-tag .heading-char{\nfont-size:25px;\n}\n.av-special-heading.av-k3ybss2d-973bd38e34e094464eec9d0c88b736ea .av-subheading{\nfont-size:15px;\n}\n<\/style>\n<div  class='av-special-heading av-k3ybss2d-973bd38e34e094464eec9d0c88b736ea av-special-heading-h1 blockquote modern-quote modern-centered  avia-builder-el-0  el_before_av_textblock  avia-builder-el-first '><h1 class='av-special-heading-tag '  itemprop=\"headline\"  >Quinta feria profesionales de equipamientos de Playa<\/h1><div class=\"special-heading-border\"><div class=\"special-heading-inner-border\"><\/div><\/div><\/div>\n<section  class='av_textblock_section av-av_textblock-445188a952fb265869ea404d0e52fad7 '   itemscope=\"itemscope\" itemtype=\"https:\/\/schema.org\/BlogPosting\" itemprop=\"blogPost\" ><div class='avia_textblock'  itemprop=\"text\" ><p>Maderas Menur estar\u00e1 presente en la 5\u00ba feria de muestra de profesionales de equipamiento de playa, bar e industria hotelera que se celebrar\u00e1 los d\u00edas 24, 25 y 26 de Febrero en La Grande Motte &#8220;Francia&#8221;.<\/p>\n<p>Expondr\u00e1n sus trabajos en un stand en el cu\u00e1l podr\u00e1n ver la calidad, dise\u00f1o y formato de los productos que ofrecen. Adem\u00e1s de darse a conocer y abrir mercado en la zona.<\/p>\n<p>Los visitantes a la feria podr\u00e1n encontra un amplio cat\u00e1logo de posibilidades respecto a este sector;<\/p>\n<p>&#8211; Mobiliario exterior e interior<\/p>\n<p>&#8211; Alimentaci\u00f3n<\/p>\n<p>&#8211; Productos de Higiene<\/p>\n<p>&#8211; Sonido y eventos<\/p>\n<p>&#8211; Actividades en la Playa<\/p>\n<p>&#8211; etc<\/p>\n<p>\u00a0<\/p>\n<\/div><\/section>\n","protected":false},"excerpt":{"rendered":"","protected":false},"author":1001093,"featured_media":4040,"comment_status":"closed","ping_status":"closed","sticky":false,"template":"","format":"standard","meta":{"footnotes":""},"categories":[19],"tags":[],"class_list":["post-4039","post","type-post","status-publish","format-standard","has-post-thumbnail","hentry","category-noticias"],"_links":{"self":[{"href":"https:\/\/www.maderasmenur.com\/it\/wp-json\/wp\/v2\/posts\/4039","targetHints":{"allow":["GET"]}}],"collection":[{"href":"https:\/\/www.maderasmenur.com\/it\/wp-json\/wp\/v2\/posts"}],"about":[{"href":"https:\/\/www.maderasmenur.com\/it\/wp-json\/wp\/v2\/types\/post"}],"author":[{"embeddable":true,"href":"https:\/\/www.maderasmenur.com\/it\/wp-json\/wp\/v2\/users\/1001093"}],"replies":[{"embeddable":true,"href":"https:\/\/www.maderasmenur.com\/it\/wp-json\/wp\/v2\/comments?post=4039"}],"version-history":[{"count":0,"href":"https:\/\/www.maderasmenur.com\/it\/wp-json\/wp\/v2\/posts\/4039\/revisions"}],"wp:featuredmedia":[{"embeddable":true,"href":"https:\/\/www.maderasmenur.com\/it\/wp-json\/wp\/v2\/media\/4040"}],"wp:attachment":[{"href":"https:\/\/www.maderasmenur.com\/it\/wp-json\/wp\/v2\/media?parent=4039"}],"wp:term":[{"taxonomy":"category","embeddable":true,"href":"https:\/\/www.maderasmenur.com\/it\/wp-json\/wp\/v2\/categories?post=4039"},{"taxonomy":"post_tag","embeddable":true,"href":"https:\/\/www.maderasmenur.com\/it\/wp-json\/wp\/v2\/tags?post=4039"}],"curies":[{"name":"wp","href":"https:\/\/api.w.org\/{rel}","templated":true}]}}