{"id":5415,"date":"2015-03-05T12:42:51","date_gmt":"2015-03-05T11:42:51","guid":{"rendered":"https:\/\/www.maderasmenur.com\/?p=5415"},"modified":"2019-12-10T09:21:37","modified_gmt":"2019-12-10T08:21:37","slug":"que-es-el-certificado-pefc","status":"publish","type":"post","link":"https:\/\/www.maderasmenur.com\/it\/que-es-el-certificado-pefc\/","title":{"rendered":"\u00bfQu\u00e9 es el certificado PEFC?"},"content":{"rendered":"\n<style type=\"text\/css\" data-created_by=\"avia_inline_auto\" id=\"style-css-av-av_heading-e0bf4c1a5979328f947dfead12d227cf\">\n#top .av-special-heading.av-av_heading-e0bf4c1a5979328f947dfead12d227cf{\npadding-bottom:30px;\n}\nbody .av-special-heading.av-av_heading-e0bf4c1a5979328f947dfead12d227cf .av-special-heading-tag .heading-char{\nfont-size:25px;\n}\n.av-special-heading.av-av_heading-e0bf4c1a5979328f947dfead12d227cf .av-subheading{\nfont-size:15px;\n}\n<\/style>\n<div  class='av-special-heading av-av_heading-e0bf4c1a5979328f947dfead12d227cf av-special-heading-h1 blockquote modern-quote modern-centered  avia-builder-el-0  el_before_av_textblock  avia-builder-el-first '><h1 class='av-special-heading-tag '  itemprop=\"headline\"  >\u00bfQu\u00e9 es el certificado PEFC?<\/h1><div class=\"special-heading-border\"><div class=\"special-heading-inner-border\"><\/div><\/div><\/div>\n<section  class='av_textblock_section av-2y1f0n-de1bccc7c5aa1c5a9dd79379512a7152 '   itemscope=\"itemscope\" itemtype=\"https:\/\/schema.org\/BlogPosting\" itemprop=\"blogPost\" ><div class='avia_textblock'  itemprop=\"text\" ><p>PEFC (Programa de reconocimiento de Sistemas de Certificaci\u00f3n Forestal) es una entidad no gubernamental, independiente, sin \u00e1nimo de lucro y \u00e1mbito mundial, que promueve la gesti\u00f3n sostenible de los bosques para conseguir un equilibrio social, econ\u00f3mico y medioambiental de los mismos.<\/p>\n<p>El objetivo de PEFC es asegurar que los bosques del mundo sean gestionados de forma responsable, y que su multitud de funciones est\u00e9n protegidas para generaciones presentes y futuras.<\/p>\n<p>Los productos de origen forestal (madera, papel, corcho, setas, resinas, esencias&#8230;) certificados por PEFC garantizan a los consumidores que est\u00e1n comprando productos de bosques gestionados sosteniblemente. Escogiendo PEFC, los compradores pueden ayudar a combatir la corta ilegal y fomentar las principales funciones que juegan los recursos forestales.<\/p>\n<\/div><\/section>\n\n<style type=\"text\/css\" data-created_by=\"avia_inline_auto\" id=\"style-css-av-k3zlim3l-1860afa76bf108780c18b906eb3a4649\">\n.avia-image-container.av-k3zlim3l-1860afa76bf108780c18b906eb3a4649 img.avia_image{\nbox-shadow:none;\n}\n.avia-image-container.av-k3zlim3l-1860afa76bf108780c18b906eb3a4649 .av-image-caption-overlay-center{\ncolor:#ffffff;\n}\n<\/style>\n<div  class='avia-image-container av-k3zlim3l-1860afa76bf108780c18b906eb3a4649 av-styling- avia-align-center  avia-builder-el-2  el_after_av_textblock  avia-builder-el-last '   itemprop=\"image\" itemscope=\"itemscope\" itemtype=\"https:\/\/schema.org\/ImageObject\" ><div class=\"avia-image-container-inner\"><div class=\"avia-image-overlay-wrap\"><img decoding=\"async\" fetchpriority=\"high\" class='wp-image-19580 avia-img-lazy-loading-not-19580 avia_image ' src=\"https:\/\/www.maderasmenur.com\/wp-content\/uploads\/maderas-menur-pefc-254x300.png\" alt='' title='maderas menur pefc'  height=\"300\" width=\"254\"  itemprop=\"thumbnailUrl\" srcset=\"https:\/\/www.maderasmenur.com\/wp-content\/uploads\/maderas-menur-pefc-254x300.png 254w, https:\/\/www.maderasmenur.com\/wp-content\/uploads\/maderas-menur-pefc-597x705.png 597w, https:\/\/www.maderasmenur.com\/wp-content\/uploads\/maderas-menur-pefc-450x532.png 450w, https:\/\/www.maderasmenur.com\/wp-content\/uploads\/maderas-menur-pefc.png 656w\" sizes=\"(max-width: 254px) 100vw, 254px\" \/><\/div><\/div><\/div>\n","protected":false},"excerpt":{"rendered":"","protected":false},"author":1001053,"featured_media":13553,"comment_status":"closed","ping_status":"closed","sticky":false,"template":"","format":"standard","meta":{"footnotes":""},"categories":[90],"tags":[],"class_list":["post-5415","post","type-post","status-publish","format-standard","has-post-thumbnail","hentry","category-todo-sobre-la-madera"],"_links":{"self":[{"href":"https:\/\/www.maderasmenur.com\/it\/wp-json\/wp\/v2\/posts\/5415","targetHints":{"allow":["GET"]}}],"collection":[{"href":"https:\/\/www.maderasmenur.com\/it\/wp-json\/wp\/v2\/posts"}],"about":[{"href":"https:\/\/www.maderasmenur.com\/it\/wp-json\/wp\/v2\/types\/post"}],"author":[{"embeddable":true,"href":"https:\/\/www.maderasmenur.com\/it\/wp-json\/wp\/v2\/users\/1001053"}],"replies":[{"embeddable":true,"href":"https:\/\/www.maderasmenur.com\/it\/wp-json\/wp\/v2\/comments?post=5415"}],"version-history":[{"count":0,"href":"https:\/\/www.maderasmenur.com\/it\/wp-json\/wp\/v2\/posts\/5415\/revisions"}],"wp:featuredmedia":[{"embeddable":true,"href":"https:\/\/www.maderasmenur.com\/it\/wp-json\/wp\/v2\/media\/13553"}],"wp:attachment":[{"href":"https:\/\/www.maderasmenur.com\/it\/wp-json\/wp\/v2\/media?parent=5415"}],"wp:term":[{"taxonomy":"category","embeddable":true,"href":"https:\/\/www.maderasmenur.com\/it\/wp-json\/wp\/v2\/categories?post=5415"},{"taxonomy":"post_tag","embeddable":true,"href":"https:\/\/www.maderasmenur.com\/it\/wp-json\/wp\/v2\/tags?post=5415"}],"curies":[{"name":"wp","href":"https:\/\/api.w.org\/{rel}","templated":true}]}}