{"id":6046,"date":"2016-01-15T13:15:19","date_gmt":"2016-01-15T12:15:19","guid":{"rendered":"https:\/\/www.maderasmenur.com\/?p=6046"},"modified":"2019-12-09T12:03:31","modified_gmt":"2019-12-09T11:03:31","slug":"6046","status":"publish","type":"post","link":"https:\/\/www.maderasmenur.com\/it\/6046\/","title":{"rendered":"Maderas Menur en FITUR 2016"},"content":{"rendered":"\n<style type=\"text\/css\" data-created_by=\"avia_inline_auto\" id=\"style-css-av-k3ybv2ol-e49f653a76588e5e6b28740c54e63be0\">\n#top .av-special-heading.av-k3ybv2ol-e49f653a76588e5e6b28740c54e63be0{\npadding-bottom:10px;\n}\nbody .av-special-heading.av-k3ybv2ol-e49f653a76588e5e6b28740c54e63be0 .av-special-heading-tag .heading-char{\nfont-size:25px;\n}\n.av-special-heading.av-k3ybv2ol-e49f653a76588e5e6b28740c54e63be0 .av-subheading{\nfont-size:15px;\n}\n<\/style>\n<div  class='av-special-heading av-k3ybv2ol-e49f653a76588e5e6b28740c54e63be0 av-special-heading-h1 blockquote modern-quote modern-centered  avia-builder-el-0  el_before_av_textblock  avia-builder-el-first '><h1 class='av-special-heading-tag '  itemprop=\"headline\"  >Maderas Menur en FITUR 2016<\/h1><div class=\"special-heading-border\"><div class=\"special-heading-inner-border\"><\/div><\/div><\/div>\n<section  class='av_textblock_section av-av_textblock-445188a952fb265869ea404d0e52fad7 '   itemscope=\"itemscope\" itemtype=\"https:\/\/schema.org\/BlogPosting\" itemprop=\"blogPost\" ><div class='avia_textblock'  itemprop=\"text\" ><p>Maderas Menur estar\u00e1 presente en la pr\u00f3xima Feria Internacional de Turismo FITUR 2016 , que se celebrar\u00e1 en Madrid del 20 al 24 de Enero.<\/p>\n<p>Estaremos encantados de atenderles en el Pabell\u00f3n 4 Europa\/Asia \u2013 Pac\u00edfico STAND 4A 28<\/p>\n<p>\u00a1Esperamos su visita!<br \/>\n<a href=\"https:\/\/www.maderasmenur.com\/wp-content\/uploads\/fitur.png\"><img loading=\"lazy\" decoding=\"async\" class=\"alignnone size-medium wp-image-6047\" src=\"https:\/\/www.maderasmenur.com\/wp-content\/uploads\/fitur-300x33.png\" alt=\"fitur\" width=\"300\" height=\"33\" srcset=\"https:\/\/www.maderasmenur.com\/wp-content\/uploads\/fitur-300x33.png 300w, https:\/\/www.maderasmenur.com\/wp-content\/uploads\/fitur-845x96.png 845w, https:\/\/www.maderasmenur.com\/wp-content\/uploads\/fitur-705x78.png 705w, https:\/\/www.maderasmenur.com\/wp-content\/uploads\/fitur-450x50.png 450w, https:\/\/www.maderasmenur.com\/wp-content\/uploads\/fitur-20x2.png 20w, https:\/\/www.maderasmenur.com\/wp-content\/uploads\/fitur-768x85.png 768w, https:\/\/www.maderasmenur.com\/wp-content\/uploads\/fitur.png 872w\" sizes=\"auto, (max-width: 300px) 100vw, 300px\" \/><\/a><\/p>\n<\/div><\/section>\n","protected":false},"excerpt":{"rendered":"","protected":false},"author":1001053,"featured_media":0,"comment_status":"closed","ping_status":"closed","sticky":false,"template":"","format":"standard","meta":{"footnotes":""},"categories":[19],"tags":[],"class_list":["post-6046","post","type-post","status-publish","format-standard","hentry","category-noticias"],"_links":{"self":[{"href":"https:\/\/www.maderasmenur.com\/it\/wp-json\/wp\/v2\/posts\/6046","targetHints":{"allow":["GET"]}}],"collection":[{"href":"https:\/\/www.maderasmenur.com\/it\/wp-json\/wp\/v2\/posts"}],"about":[{"href":"https:\/\/www.maderasmenur.com\/it\/wp-json\/wp\/v2\/types\/post"}],"author":[{"embeddable":true,"href":"https:\/\/www.maderasmenur.com\/it\/wp-json\/wp\/v2\/users\/1001053"}],"replies":[{"embeddable":true,"href":"https:\/\/www.maderasmenur.com\/it\/wp-json\/wp\/v2\/comments?post=6046"}],"version-history":[{"count":0,"href":"https:\/\/www.maderasmenur.com\/it\/wp-json\/wp\/v2\/posts\/6046\/revisions"}],"wp:attachment":[{"href":"https:\/\/www.maderasmenur.com\/it\/wp-json\/wp\/v2\/media?parent=6046"}],"wp:term":[{"taxonomy":"category","embeddable":true,"href":"https:\/\/www.maderasmenur.com\/it\/wp-json\/wp\/v2\/categories?post=6046"},{"taxonomy":"post_tag","embeddable":true,"href":"https:\/\/www.maderasmenur.com\/it\/wp-json\/wp\/v2\/tags?post=6046"}],"curies":[{"name":"wp","href":"https:\/\/api.w.org\/{rel}","templated":true}]}}