{"id":6056,"date":"2016-02-04T13:05:29","date_gmt":"2016-02-04T12:05:29","guid":{"rendered":"https:\/\/www.maderasmenur.com\/?p=6056\/?p=6056"},"modified":"2020-02-11T07:40:55","modified_gmt":"2020-02-11T06:40:55","slug":"maderas-menur-andalucia-y-el-record-historico-de-fitur-2016","status":"publish","type":"post","link":"https:\/\/www.maderasmenur.com\/it\/maderas-menur-andalucia-y-el-record-historico-de-fitur-2016\/","title":{"rendered":"Maderas Menur, Andaluc\u00eda y el r\u00e9cord hist\u00f3rico de Fitur"},"content":{"rendered":"\n\n<section  class='av_textblock_section av-k6hinbf0-deefde9befccf522802fe46c286a4851 '   itemscope=\"itemscope\" itemtype=\"https:\/\/schema.org\/BlogPosting\" itemprop=\"blogPost\" ><div class='avia_textblock'  itemprop=\"text\" ><h4>La \u00faltima edici\u00f3n de Fitur (Feria Internacional de Turismo), la <strong>feria de turismo m\u00e1s importante a nivel nacional<\/strong> (y entre las tres m\u00e1s importantes a nivel internacional junto con a la World Travel Market (WTM) de Londres y la Bolsa Internacional de Turismo (ITB) de Berl\u00edn) celebrada del 20 al 24 de enero en Madrid cerr\u00f3 sus puertas con los mejores datos de su historia, con <strong>m\u00e1s de 232.000 visitantes<\/strong> entre profesionales y p\u00fablico, lo que supone un 6% m\u00e1s que en la anterior edici\u00f3n en el 2015.<\/h4>\n<p>Hay que recordar que <span style=\"color: #000000;\"><strong>m\u00e1s de mil millones de turistas se mueven anualmente por todo el mundo<\/strong> <\/span>(seg\u00fan datos de la Organizaci\u00f3n Mundial del Turismo), lo que hace de esta feria un <strong>escaparate<\/strong> vital para que empresas, instituciones y organismos se den a conocer y puedan mostrar una oferta \u00fanica y diversa, atrayendo as\u00ed potenciales visitantes y haciendo el mayor n\u00famero posible de contactos comerciales.<\/p>\n<p>Fitur cont\u00f3 con una participaci\u00f3n total de 711 titulares de stand. Entre ellos estuvo presente de forma exitosa <strong>Maderas Menur<\/strong>, acompa\u00f1ada de\u00a0sus otras dos l\u00edneas de negocio,<span style=\"color: #339966;\"><strong> <a style=\"color: #339966; text-decoration: underline;\" href=\"http:\/\/greenmaderas.com\/\">Green<\/a> <\/strong><\/span>y<strong><span style=\"color: #993300;\"> <a style=\"color: #993300;\" href=\"http:\/\/www.laminur.com\/\">Laminur<\/a><\/span>, <\/strong> que se localiz\u00f3 en el pabell\u00f3n 4 y que <strong>mostr\u00f3 todas sus novedades y los productos m\u00e1s vanguardistas del sector<\/strong>, englobando <strong>chiringuitos<\/strong>, <strong>equipamientos<\/strong> y <strong>mobiliario<\/strong> <strong>de exterior<\/strong> as\u00ed como <strong>p\u00e9rgolas y estructuras de madera<\/strong>, todo con la m\u00e1xima calidad garantizada y avalada por m\u00e1s de 30 a\u00f1os de experiencia.<\/p>\n<p><strong>Maderas Menur\u00a0<\/strong>con su presencia en Ifema, estableci\u00f3 contactos y relaciones profesionales y comerciales beneficiosas sum\u00e1ndose al crecimiento del 25% del volumen de citas de negocio agendadas que alcanzaron la cifra de 6.200.<\/p>\n<p>Si bien la participaci\u00f3n profesional se cifr\u00f3 en 124.659 visitantes (con un mayor porcentaje de crecimiento por parte de las compa\u00f1\u00edas internacionales) con un total de 9.605 empresas participantes de 165 pa\u00edses, el p\u00fablico general aument\u00f3 un 10%, llegando a los 107.023 visitantes. Lo que ayud\u00f3 seguramente a que el hashtag <strong>#Fitur2016<\/strong> fuera trending topic durante la primera jornada, con un impacto enorme en audiencias y medios (m\u00e1s de 64 millones de usuarios alcanzados en Twitter).<\/p>\n<p>En relaci\u00f3n con las comunidades aut\u00f3nomas espa\u00f1olas, <strong>Andaluc\u00eda<\/strong> fue una de las protagonistas indiscutibles de Fitur, siendo <strong>Destino Socio Exclusivo<\/strong> de la feria, lo que le permiti\u00f3 multiplicar los impactos de su promoci\u00f3n con el objetivo de abrir nuevas v\u00edas de negocio y present\u00e1ndose como comunidad l\u00edder del mercado nacional con m\u00e1s de 15 millones de visitantes al a\u00f1o.<\/p>\n<div id=\"attachment_6057\" style=\"width: 235px\" class=\"wp-caption aligncenter\"><a href=\"https:\/\/www.maderasmenur.com\/wp-content\/uploads\/634acbaf-48d1-45ba-bae4-71b28fcf40ae.jpg\" rel=\"attachment wp-att-6057\"><img loading=\"lazy\" decoding=\"async\" aria-describedby=\"caption-attachment-6057\" class=\"size-medium wp-image-6057\" src=\"https:\/\/www.maderasmenur.com\/wp-content\/uploads\/634acbaf-48d1-45ba-bae4-71b28fcf40ae-225x300.jpg\" alt=\"Stand Maderas Menur FITUR2016\" width=\"225\" height=\"300\" srcset=\"https:\/\/www.maderasmenur.com\/wp-content\/uploads\/634acbaf-48d1-45ba-bae4-71b28fcf40ae-225x300.jpg 225w, https:\/\/www.maderasmenur.com\/wp-content\/uploads\/634acbaf-48d1-45ba-bae4-71b28fcf40ae-15x20.jpg 15w, https:\/\/www.maderasmenur.com\/wp-content\/uploads\/634acbaf-48d1-45ba-bae4-71b28fcf40ae.jpg 392w\" sizes=\"auto, (max-width: 225px) 100vw, 225px\" \/><\/a><p id=\"caption-attachment-6057\" class=\"wp-caption-text\">Stand Maderas Menur FITUR2016<\/p><\/div>\n<div id=\"attachment_6061\" style=\"width: 235px\" class=\"wp-caption aligncenter\"><a href=\"https:\/\/www.maderasmenur.com\/wp-content\/uploads\/12508856_566214556862751_2737856683344614203_n.jpg\" rel=\"attachment wp-att-6061\"><img loading=\"lazy\" decoding=\"async\" aria-describedby=\"caption-attachment-6061\" class=\"size-medium wp-image-6061\" src=\"https:\/\/www.maderasmenur.com\/wp-content\/uploads\/12508856_566214556862751_2737856683344614203_n-225x300.jpg\" alt=\"Stand Maderas Menur FITUR2016\" width=\"225\" height=\"300\" srcset=\"https:\/\/www.maderasmenur.com\/wp-content\/uploads\/12508856_566214556862751_2737856683344614203_n-225x300.jpg 225w, https:\/\/www.maderasmenur.com\/wp-content\/uploads\/12508856_566214556862751_2737856683344614203_n-529x705.jpg 529w, https:\/\/www.maderasmenur.com\/wp-content\/uploads\/12508856_566214556862751_2737856683344614203_n-450x600.jpg 450w, https:\/\/www.maderasmenur.com\/wp-content\/uploads\/12508856_566214556862751_2737856683344614203_n-15x20.jpg 15w, https:\/\/www.maderasmenur.com\/wp-content\/uploads\/12508856_566214556862751_2737856683344614203_n.jpg 720w\" sizes=\"auto, (max-width: 225px) 100vw, 225px\" \/><\/a><p id=\"caption-attachment-6061\" class=\"wp-caption-text\">Stand Maderas Menur FITUR2016<\/p><\/div>\n<div id=\"attachment_6065\" style=\"width: 310px\" class=\"wp-caption aligncenter\"><a href=\"https:\/\/www.maderasmenur.com\/wp-content\/uploads\/12553049_566584340159106_7374811301390523928_n.jpg\" rel=\"attachment wp-att-6065\"><img loading=\"lazy\" decoding=\"async\" aria-describedby=\"caption-attachment-6065\" class=\"size-medium wp-image-6065\" src=\"https:\/\/www.maderasmenur.com\/wp-content\/uploads\/12553049_566584340159106_7374811301390523928_n-300x169.jpg\" alt=\"Stand Maderas Menur FITUR2016\" width=\"300\" height=\"169\" srcset=\"https:\/\/www.maderasmenur.com\/wp-content\/uploads\/12553049_566584340159106_7374811301390523928_n-300x169.jpg 300w, https:\/\/www.maderasmenur.com\/wp-content\/uploads\/12553049_566584340159106_7374811301390523928_n-768x432.jpg 768w, https:\/\/www.maderasmenur.com\/wp-content\/uploads\/12553049_566584340159106_7374811301390523928_n-705x397.jpg 705w, https:\/\/www.maderasmenur.com\/wp-content\/uploads\/12553049_566584340159106_7374811301390523928_n-450x253.jpg 450w, https:\/\/www.maderasmenur.com\/wp-content\/uploads\/12553049_566584340159106_7374811301390523928_n-20x11.jpg 20w, https:\/\/www.maderasmenur.com\/wp-content\/uploads\/12553049_566584340159106_7374811301390523928_n.jpg 960w\" sizes=\"auto, (max-width: 300px) 100vw, 300px\" \/><\/a><p id=\"caption-attachment-6065\" class=\"wp-caption-text\">Stand Maderas Menur FITUR2016<\/p><\/div>\n<\/div><\/section>\n","protected":false},"excerpt":{"rendered":"","protected":false},"author":1001087,"featured_media":0,"comment_status":"closed","ping_status":"closed","sticky":false,"template":"","format":"standard","meta":{"footnotes":""},"categories":[19],"tags":[41,39,44,40,43,42],"class_list":["post-6056","post","type-post","status-publish","format-standard","hentry","category-noticias","tag-chiringuitos","tag-fitur2016","tag-madera","tag-maderas-menur","tag-mobiliario","tag-pergolas"],"_links":{"self":[{"href":"https:\/\/www.maderasmenur.com\/it\/wp-json\/wp\/v2\/posts\/6056","targetHints":{"allow":["GET"]}}],"collection":[{"href":"https:\/\/www.maderasmenur.com\/it\/wp-json\/wp\/v2\/posts"}],"about":[{"href":"https:\/\/www.maderasmenur.com\/it\/wp-json\/wp\/v2\/types\/post"}],"author":[{"embeddable":true,"href":"https:\/\/www.maderasmenur.com\/it\/wp-json\/wp\/v2\/users\/1001087"}],"replies":[{"embeddable":true,"href":"https:\/\/www.maderasmenur.com\/it\/wp-json\/wp\/v2\/comments?post=6056"}],"version-history":[{"count":0,"href":"https:\/\/www.maderasmenur.com\/it\/wp-json\/wp\/v2\/posts\/6056\/revisions"}],"wp:attachment":[{"href":"https:\/\/www.maderasmenur.com\/it\/wp-json\/wp\/v2\/media?parent=6056"}],"wp:term":[{"taxonomy":"category","embeddable":true,"href":"https:\/\/www.maderasmenur.com\/it\/wp-json\/wp\/v2\/categories?post=6056"},{"taxonomy":"post_tag","embeddable":true,"href":"https:\/\/www.maderasmenur.com\/it\/wp-json\/wp\/v2\/tags?post=6056"}],"curies":[{"name":"wp","href":"https:\/\/api.w.org\/{rel}","templated":true}]}}