{"id":6072,"date":"2016-02-15T12:59:01","date_gmt":"2016-02-15T11:59:01","guid":{"rendered":"https:\/\/www.maderasmenur.com\/?p=6072\/?p=6072"},"modified":"2019-12-11T10:30:25","modified_gmt":"2019-12-11T09:30:25","slug":"expoplaya2016","status":"publish","type":"post","link":"https:\/\/www.maderasmenur.com\/it\/expoplaya2016\/","title":{"rendered":"Expoplaya 2016: La revoluci\u00f3n y evoluci\u00f3n"},"content":{"rendered":"\n<style type=\"text\/css\" data-created_by=\"avia_inline_auto\" id=\"style-css-av-72mkyw-89a7f92b388d35f68d530a4b3ade4c25\">\n#top .av-special-heading.av-72mkyw-89a7f92b388d35f68d530a4b3ade4c25{\npadding-bottom:10px;\n}\nbody .av-special-heading.av-72mkyw-89a7f92b388d35f68d530a4b3ade4c25 .av-special-heading-tag .heading-char{\nfont-size:25px;\n}\n.av-special-heading.av-72mkyw-89a7f92b388d35f68d530a4b3ade4c25 .av-subheading{\nfont-size:15px;\n}\n<\/style>\n<div  class='av-special-heading av-72mkyw-89a7f92b388d35f68d530a4b3ade4c25 av-special-heading-h3  avia-builder-el-0  el_before_av_image  avia-builder-el-first  av-thin-font'><h3 class='av-special-heading-tag '  itemprop=\"headline\"  >El pasado viernes d\u00eda 12 de febrero se celebr\u00f3 en Torremolinos la 40\u00aa Exposici\u00f3n de Hosteler\u00eda y Art\u00edculos de Playa bajo el nombre de <strong>EXPOPLAYA 2016<\/strong>. En esta edici\u00f3n estuvo presente de nuevo <strong>Maderas Menur<\/strong>, que junto con alrededor de 60 empresas m\u00e1s, present\u00f3 sus apuestas de productos, servicios y soluciones eficientes para contribuir a la mejora e impulso de nuestro sector m\u00e1s preciado, el turismo de <span class='special_amp'>\u201c<\/span>sol y playa<span class='special_amp'>\u201d<\/span>.<\/h3><div class=\"special-heading-border\"><div class=\"special-heading-inner-border\"><\/div><\/div><\/div>\n<p>Es un hecho que en la actualidad todo est\u00e1 adaptado al mundo \u201c2.0\u201d y cada vez m\u00e1s al \u201c3.0\u201d, y nuestro sector no iba a ser menos en esto de la tecnolog\u00eda. En la feria, organizada por <strong>FESEMPLA<\/strong>, se quiso llevar el sector de las playas y los<strong> chiringuitos<\/strong> m\u00e1s all\u00e1 de la libreta y el bol\u00edgrafo, y se presentaron como novedad los software de gesti\u00f3n y cobro, que hacen el d\u00eda a d\u00eda m\u00e1s f\u00e1cil a hosteleros y clientes. Adem\u00e1s, otro de los prop\u00f3sitos protagonistas de esta edici\u00f3n de <strong>EXPOPLAYA<\/strong> fue el romper cada vez m\u00e1s con la <strong>estacionalidad<\/strong> en algunas zonas de la costa, para que no solo puedan disfrutarse en temporadas de calor, si no a lo largo de todo el a\u00f1o. Un importante objetivo en el que se trabaja a diario y que se va logrando poco a poco.<\/p>\n<p style=\"text-align: justify;\">A lo largo de la jornada, donde se convocaron a m\u00e1s de mil empresarios locales y provinciales, se dio lugar a numerosas sinergias por parte de <strong>Maderas Menur<\/strong>, que inici\u00f3 relaciones de sumo inter\u00e9s y afianz\u00f3 muchas de las que ya pose\u00eda, reafirm\u00e1ndose en el sector y dando lugar a un seguro pr\u00f3spero crecimiento y plan de futuro prometedor, siempre con el objetivo firme de mejorar cada d\u00eda los servicios ofrecidos a sus clientes.<\/p>\n\n<style type=\"text\/css\" data-created_by=\"avia_inline_auto\" id=\"style-css-av-6glz0o-75bcfc2e0430aa04194605277965ad59\">\n.avia-image-container.av-6glz0o-75bcfc2e0430aa04194605277965ad59 img.avia_image{\nbox-shadow:none;\n}\n.avia-image-container.av-6glz0o-75bcfc2e0430aa04194605277965ad59 .av-image-caption-overlay-center{\ncolor:#ffffff;\n}\n<\/style>\n<div  class='avia-image-container av-6glz0o-75bcfc2e0430aa04194605277965ad59 av-styling- av-hover-grow avia_animated_image av-animated-when-visible-95 pop-up avia-align-center  avia-builder-el-1  el_after_av_heading  el_before_av_image '   itemprop=\"image\" itemscope=\"itemscope\" itemtype=\"https:\/\/schema.org\/ImageObject\" ><div class=\"avia-image-container-inner\"><div class=\"avia-image-overlay-wrap\"><img decoding=\"async\" fetchpriority=\"high\" class='wp-image-6073 avia-img-lazy-loading-not-6073 avia_image ' src=\"https:\/\/www.maderasmenur.com\/wp-content\/uploads\/d5febd75a38b4f6f475b0996a6de73b4.jpg\" alt='' title='EXPOPLAYA2016'  height=\"1200\" width=\"1600\"  itemprop=\"thumbnailUrl\" srcset=\"https:\/\/www.maderasmenur.com\/wp-content\/uploads\/d5febd75a38b4f6f475b0996a6de73b4.jpg 1600w, https:\/\/www.maderasmenur.com\/wp-content\/uploads\/d5febd75a38b4f6f475b0996a6de73b4-300x225.jpg 300w, https:\/\/www.maderasmenur.com\/wp-content\/uploads\/d5febd75a38b4f6f475b0996a6de73b4-768x576.jpg 768w, https:\/\/www.maderasmenur.com\/wp-content\/uploads\/d5febd75a38b4f6f475b0996a6de73b4-1030x773.jpg 1030w, https:\/\/www.maderasmenur.com\/wp-content\/uploads\/d5febd75a38b4f6f475b0996a6de73b4-1500x1125.jpg 1500w, https:\/\/www.maderasmenur.com\/wp-content\/uploads\/d5febd75a38b4f6f475b0996a6de73b4-705x529.jpg 705w, https:\/\/www.maderasmenur.com\/wp-content\/uploads\/d5febd75a38b4f6f475b0996a6de73b4-450x338.jpg 450w, https:\/\/www.maderasmenur.com\/wp-content\/uploads\/d5febd75a38b4f6f475b0996a6de73b4-20x15.jpg 20w\" sizes=\"(max-width: 1600px) 100vw, 1600px\" \/><\/div><\/div><\/div>\n<p style=\"text-align: justify;\">Las soluciones que brind\u00f3 <strong>Maderas Menur<\/strong>, con sus marcas <strong><a href=\"http:\/\/greenmaderas.com\/\" target=\"_blank\" rel=\"noopener noreferrer\">Green<\/a><\/strong> y <strong>Laminur<\/strong>, en la feria concentran una extensa variedad de productos que nacen de <strong>las mejores maderas del mercado<\/strong> y que presumen de una <strong>calidad<\/strong> y <strong>acabados<\/strong> sin comparaci\u00f3n, donde su producci\u00f3n combina los <strong>sistemas m\u00e1s avanzados<\/strong> junto con el proceso <strong>artesanal<\/strong> que lo caracteriza.<\/p>\n\n<style type=\"text\/css\" data-created_by=\"avia_inline_auto\" id=\"style-css-av-4nr83c-25061878093adaeb939124ece63a61a8\">\n.avia-image-container.av-4nr83c-25061878093adaeb939124ece63a61a8 img.avia_image{\nbox-shadow:none;\n}\n.avia-image-container.av-4nr83c-25061878093adaeb939124ece63a61a8 .av-image-caption-overlay-center{\ncolor:#ffffff;\n}\n<\/style>\n<div  class='avia-image-container av-4nr83c-25061878093adaeb939124ece63a61a8 av-styling- avia-align-center  avia-builder-el-2  el_after_av_image  el_before_av_image '   itemprop=\"image\" itemscope=\"itemscope\" itemtype=\"https:\/\/schema.org\/ImageObject\" ><div class=\"avia-image-container-inner\"><div class=\"avia-image-overlay-wrap\"><img decoding=\"async\" fetchpriority=\"high\" class='wp-image-6077 avia-img-lazy-loading-not-6077 avia_image ' src=\"https:\/\/www.maderasmenur.com\/wp-content\/uploads\/image1.jpg\" alt='' title='EXPOPLAYA2016'  height=\"1600\" width=\"1372\"  itemprop=\"thumbnailUrl\" srcset=\"https:\/\/www.maderasmenur.com\/wp-content\/uploads\/image1.jpg 1372w, https:\/\/www.maderasmenur.com\/wp-content\/uploads\/image1-257x300.jpg 257w, https:\/\/www.maderasmenur.com\/wp-content\/uploads\/image1-768x896.jpg 768w, https:\/\/www.maderasmenur.com\/wp-content\/uploads\/image1-883x1030.jpg 883w, https:\/\/www.maderasmenur.com\/wp-content\/uploads\/image1-1286x1500.jpg 1286w, https:\/\/www.maderasmenur.com\/wp-content\/uploads\/image1-605x705.jpg 605w, https:\/\/www.maderasmenur.com\/wp-content\/uploads\/image1-450x525.jpg 450w, https:\/\/www.maderasmenur.com\/wp-content\/uploads\/image1-17x20.jpg 17w\" sizes=\"(max-width: 1372px) 100vw, 1372px\" \/><\/div><\/div><\/div>\n<p style=\"text-align: justify;\"><strong>Maderas Menur<\/strong> destac\u00f3 con su exposici\u00f3n de <strong>instalaciones<\/strong>, <strong>mobiliario de exterior<\/strong>, y sus variados <strong>equipamientos de playa<\/strong>, resaltando su <strong>arquitectura modular en madera<\/strong> para dar forma a los mejores <strong><a href=\"http:\/\/greenmaderas.com\/chiringuitosdeplaya\/\" target=\"_blank\" rel=\"noopener noreferrer\">chiringuitos<\/a><\/strong> de nuestras costas.<\/p>\n<p style=\"text-align: justify;\">Desde m\u00f3dulos de <a href=\"http:\/\/greenmaderas.com\/aseos-y-vestuarios\/\" target=\"_blank\" rel=\"noopener noreferrer\">salvamento y vigilancia<\/a>, quioscos, <strong><a href=\"\/?page_id=5928\" target=\"_blank\" rel=\"noopener noreferrer\">camas balinesas<\/a><\/strong>, sombrillas de esparto, biblioplayas, <a href=\"http:\/\/greenmaderas.com\/chiringuitos-y-quioscos\/\" target=\"_blank\" rel=\"noopener noreferrer\">aseos<\/a> y vestuarios hasta <a href=\"http:\/\/greenmaderas.com\/chiringuitos-y-quioscos\/\" target=\"_blank\" rel=\"noopener noreferrer\">duchas<\/a>, lavapi\u00e9s, <a href=\"\/?page_id=5930\" target=\"_blank\" rel=\"noopener noreferrer\">pasarelas<\/a>, tarimas, <a href=\"\/?page_id=5925\" target=\"_blank\" rel=\"noopener noreferrer\">p\u00e9rgolas, cubiertas<\/a> y un largo etc\u00e9tera de productos dispuestos a equipar las playas y hacer de las largas jornadas de sol (\u00a1y sin sol!) una experiencia inmejorable.<\/p>\n<p style=\"text-align: justify;\">Aunque como todos bien sabemos, donde m\u00e1s se disfruta de nuestro litoral es en los <strong>chiringuitos<\/strong>, sus mejores aliados y protagonistas absolutos. Por eso desde <strong>Green Maderas<\/strong> y <strong>Maderas Menur<\/strong> ofrecen una gran variedad de modelos arquitect\u00f3nicos para llevar a cabo cualquier idea y proyecto de chiringuito costero.<\/p>\n\n<style type=\"text\/css\" data-created_by=\"avia_inline_auto\" id=\"style-css-av-2fimw8-354770e87fc72e5e9d5a569aaa22681c\">\n.avia-image-container.av-2fimw8-354770e87fc72e5e9d5a569aaa22681c img.avia_image{\nbox-shadow:none;\n}\n.avia-image-container.av-2fimw8-354770e87fc72e5e9d5a569aaa22681c .av-image-caption-overlay-center{\ncolor:#ffffff;\n}\n<\/style>\n<div  class='avia-image-container av-2fimw8-354770e87fc72e5e9d5a569aaa22681c av-styling- avia-align-center  avia-builder-el-3  el_after_av_image  avia-builder-el-last '   itemprop=\"image\" itemscope=\"itemscope\" itemtype=\"https:\/\/schema.org\/ImageObject\" ><div class=\"avia-image-container-inner\"><div class=\"avia-image-overlay-wrap\"><img decoding=\"async\" fetchpriority=\"high\" class='wp-image- avia-img-lazy-loading-not- avia_image ' src=\"https:\/\/www.maderasmenur.com\/wp-content\/uploads\/ATENEA.png\" alt='' title=''   itemprop=\"thumbnailUrl\"  \/><\/div><\/div><\/div>\n<p style=\"text-align: justify;\">Esta edici\u00f3n de <strong>EXPOPLAYA 2016<\/strong> ha tenido para <strong>Maderas Menur<\/strong> un balance m\u00e1s que positivo, surgiendo contactos y relaciones beneficiosos y presentando grandes mejoras y progresos.<\/p>\n<p style=\"text-align: justify;\"><span style=\"text-decoration: underline;\">\u00a1Nos vemos el a\u00f1o que viene!<\/span><\/p>\n","protected":false},"excerpt":{"rendered":"<p>Es un hecho que en la actualidad todo est\u00e1 adaptado al mundo \u201c2.0\u201d y cada vez m\u00e1s al \u201c3.0\u201d, y nuestro sector no iba a ser menos en esto de la tecnolog\u00eda. En la feria, organizada por FESEMPLA, se quiso llevar el sector de las playas y los chiringuitos m\u00e1s all\u00e1 de la libreta y [&hellip;]<\/p>\n","protected":false},"author":1001087,"featured_media":0,"comment_status":"closed","ping_status":"closed","sticky":false,"template":"","format":"standard","meta":{"footnotes":""},"categories":[19],"tags":[],"class_list":["post-6072","post","type-post","status-publish","format-standard","hentry","category-noticias"],"_links":{"self":[{"href":"https:\/\/www.maderasmenur.com\/it\/wp-json\/wp\/v2\/posts\/6072","targetHints":{"allow":["GET"]}}],"collection":[{"href":"https:\/\/www.maderasmenur.com\/it\/wp-json\/wp\/v2\/posts"}],"about":[{"href":"https:\/\/www.maderasmenur.com\/it\/wp-json\/wp\/v2\/types\/post"}],"author":[{"embeddable":true,"href":"https:\/\/www.maderasmenur.com\/it\/wp-json\/wp\/v2\/users\/1001087"}],"replies":[{"embeddable":true,"href":"https:\/\/www.maderasmenur.com\/it\/wp-json\/wp\/v2\/comments?post=6072"}],"version-history":[{"count":0,"href":"https:\/\/www.maderasmenur.com\/it\/wp-json\/wp\/v2\/posts\/6072\/revisions"}],"wp:attachment":[{"href":"https:\/\/www.maderasmenur.com\/it\/wp-json\/wp\/v2\/media?parent=6072"}],"wp:term":[{"taxonomy":"category","embeddable":true,"href":"https:\/\/www.maderasmenur.com\/it\/wp-json\/wp\/v2\/categories?post=6072"},{"taxonomy":"post_tag","embeddable":true,"href":"https:\/\/www.maderasmenur.com\/it\/wp-json\/wp\/v2\/tags?post=6072"}],"curies":[{"name":"wp","href":"https:\/\/api.w.org\/{rel}","templated":true}]}}