{"id":6102,"date":"2016-03-07T10:48:08","date_gmt":"2016-03-07T09:48:08","guid":{"rendered":"https:\/\/www.maderasmenur.com\/?p=6102\/?p=6102"},"modified":"2019-12-11T15:15:08","modified_gmt":"2019-12-11T14:15:08","slug":"casas-en-los-arboles-de-madera","status":"publish","type":"post","link":"https:\/\/www.maderasmenur.com\/it\/casas-en-los-arboles-de-madera\/","title":{"rendered":"Casas en los arboles en Zeanuri"},"content":{"rendered":"\n<style type=\"text\/css\" data-created_by=\"avia_inline_auto\" id=\"style-css-av-k41dkkev-37d1882996f40d10ec3a4db1f7d95818\">\n#top .av-special-heading.av-k41dkkev-37d1882996f40d10ec3a4db1f7d95818{\npadding-bottom:30px;\n}\nbody .av-special-heading.av-k41dkkev-37d1882996f40d10ec3a4db1f7d95818 .av-special-heading-tag .heading-char{\nfont-size:25px;\n}\n.av-special-heading.av-k41dkkev-37d1882996f40d10ec3a4db1f7d95818 .av-subheading{\nfont-size:15px;\n}\n<\/style>\n<div  class='av-special-heading av-k41dkkev-37d1882996f40d10ec3a4db1f7d95818 av-special-heading-h1 blockquote modern-quote modern-centered  avia-builder-el-0  el_before_av_textblock  avia-builder-el-first '><h1 class='av-special-heading-tag '  itemprop=\"headline\"  >Casas en los arboles en Zeanuri<\/h1><div class=\"special-heading-border\"><div class=\"special-heading-inner-border\"><\/div><\/div><\/div>\n<section  class='av_textblock_section av-k3sym1bo-deaa136884206c883327b7a4e15bf945 '   itemscope=\"itemscope\" itemtype=\"https:\/\/schema.org\/BlogPosting\" itemprop=\"blogPost\" ><div class='avia_textblock'  itemprop=\"text\" ><h3>Que levante la mano (virtualmente) el que no haya pensado alguna vez viendo las m\u00edticas <em>casa del \u00e1rbol<\/em>\u00a0 de las pel\u00edculas que son una pasada y que le encantar\u00eda poder tener\/estar en una.<br \/>\nPues es posible, y encima \u00a1<em>SIN SALIR DE ESPA\u00d1A<\/em>!.<\/h3>\n<p>Todos hemos pensado alguna vez en la idea de <strong>vivir como un p\u00e1jaro<\/strong>, o como una ardilla. Arriba, entre los \u00e1rboles, con una <strong>sensaci\u00f3n plena de libertad<\/strong>. Pero todos hemos so\u00f1ado tambi\u00e9n en alg\u00fan momento de nuestra infancia (y no tan infancia) con tener una <strong>casa de madera en un \u00e1rbol<\/strong>, como en las pel\u00edculas americanas.<\/p>\n<p>Esta vez no tenemos que<em> volar<\/em> tan lejos para cumplir nuestro sue\u00f1o ya que podemos hacerlo realidad sin irnos muy lejos y, de hecho, sin salir de Espa\u00f1a. Estamos hablando del <strong>\u201ccomplejo hotelero\u201d<\/strong> (nada que ver con lo que solemos tener en mente al hablar de este concepto) ubicado en el monte Zubizabala (<strong>Zeanuri<\/strong>) que recibe el nombre de <span style=\"text-decoration: underline;\"><strong>\u201cZuhaitz etxeak\u201d<\/strong><\/span> y que presume de ser el primer complejo con caba\u00f1as en los \u00e1rboles de todo el Pa\u00eds Vasco siendo las m\u00e1s altas de toda Europa con <strong>17 metros de altura<\/strong>.<\/p>\n<div id=\"attachment_6124\" style=\"width: 810px\" class=\"wp-caption aligncenter\"><a href=\"https:\/\/www.maderasmenur.com\/wp-content\/uploads\/casa8.jpg\" rel=\"attachment wp-att-6124\"><img loading=\"lazy\" decoding=\"async\" aria-describedby=\"caption-attachment-6124\" class=\"wp-image-6124 size-full\" src=\"https:\/\/www.maderasmenur.com\/wp-content\/uploads\/casa8.jpg\" alt=\"Fuente\" width=\"800\" height=\"1200\" srcset=\"https:\/\/www.maderasmenur.com\/wp-content\/uploads\/casa8.jpg 800w, https:\/\/www.maderasmenur.com\/wp-content\/uploads\/casa8-200x300.jpg 200w, https:\/\/www.maderasmenur.com\/wp-content\/uploads\/casa8-768x1152.jpg 768w, https:\/\/www.maderasmenur.com\/wp-content\/uploads\/casa8-687x1030.jpg 687w, https:\/\/www.maderasmenur.com\/wp-content\/uploads\/casa8-470x705.jpg 470w, https:\/\/www.maderasmenur.com\/wp-content\/uploads\/casa8-450x675.jpg 450w, https:\/\/www.maderasmenur.com\/wp-content\/uploads\/casa8-13x20.jpg 13w\" sizes=\"auto, (max-width: 800px) 100vw, 800px\" \/><\/a><p id=\"caption-attachment-6124\" class=\"wp-caption-text\"><a href=\"http:\/\/cabanasenlosarboles.com\/es\" target=\"_blank\" rel=\"noopener noreferrer\">Fuente<\/a><\/p><\/div>\n<div id=\"attachment_6112\" style=\"width: 650px\" class=\"wp-caption aligncenter\"><a href=\"https:\/\/www.maderasmenur.com\/wp-content\/uploads\/casa1.jpg\" rel=\"attachment wp-att-6112\"><img loading=\"lazy\" decoding=\"async\" aria-describedby=\"caption-attachment-6112\" class=\"wp-image-6112 size-full\" src=\"https:\/\/www.maderasmenur.com\/wp-content\/uploads\/casa1.jpg\" alt=\"Fuente\" width=\"640\" height=\"427\" srcset=\"https:\/\/www.maderasmenur.com\/wp-content\/uploads\/casa1.jpg 640w, https:\/\/www.maderasmenur.com\/wp-content\/uploads\/casa1-300x200.jpg 300w, https:\/\/www.maderasmenur.com\/wp-content\/uploads\/casa1-450x300.jpg 450w, https:\/\/www.maderasmenur.com\/wp-content\/uploads\/casa1-20x13.jpg 20w\" sizes=\"auto, (max-width: 640px) 100vw, 640px\" \/><\/a><p id=\"caption-attachment-6112\" class=\"wp-caption-text\"><a href=\"http:\/\/cabanasenlosarboles.com\/es\" target=\"_blank\" rel=\"noopener noreferrer\">Fuente<\/a><\/p><\/div>\n<p>Esta original idea cuenta con <strong>cuatro caba\u00f1as<\/strong> totalmente <strong>hechas con madera<\/strong> <strong>colgadas en las copas de los \u00e1rboles<\/strong> por cables atados a tronco y ramas, un caser\u00edo y cuatro carros z\u00edngaros equipados (el medio de transporte m\u00e1s importante del pueblo gitano n\u00f3mada).<\/p>\n<p>El acceso a las casitas de madera a\u00e9reas se realiza por una escalera y cuentan con 30 metros cuadrados de los que 10 est\u00e1n dedicados a una acogedora y recogida terraza donde disfrutar de las vistas. Tienen capacidad para entre dos y cuatro personas y est\u00e1n equipadas con luz, agua, lavamanos y un WC que convierte los residuos en compostaje.<\/p>\n<div id=\"attachment_6118\" style=\"width: 392px\" class=\"wp-caption aligncenter\"><a href=\"https:\/\/www.maderasmenur.com\/wp-content\/uploads\/casa6.jpg\" rel=\"attachment wp-att-6118\"><img loading=\"lazy\" decoding=\"async\" aria-describedby=\"caption-attachment-6118\" class=\"wp-image-6118 size-portfolio\" src=\"https:\/\/www.maderasmenur.com\/wp-content\/uploads\/casa6-382x400.jpg\" alt=\"Fuente\" width=\"382\" height=\"400\" \/><\/a><p id=\"caption-attachment-6118\" class=\"wp-caption-text\"><a href=\"http:\/\/cabanasenlosarboles.com\/es\" target=\"_blank\" rel=\"noopener noreferrer\">Fuente<\/a><\/p><\/div>\n<div id=\"attachment_6121\" style=\"width: 505px\" class=\"wp-caption aligncenter\"><a href=\"https:\/\/www.maderasmenur.com\/wp-content\/uploads\/casa7.jpg\" rel=\"attachment wp-att-6121\"><img loading=\"lazy\" decoding=\"async\" aria-describedby=\"caption-attachment-6121\" class=\"wp-image-6121 size-portfolio\" src=\"https:\/\/www.maderasmenur.com\/wp-content\/uploads\/casa7-495x400.jpg\" alt=\"Fuente\" width=\"495\" height=\"400\" \/><\/a><p id=\"caption-attachment-6121\" class=\"wp-caption-text\"><a href=\"http:\/\/cabanasenlosarboles.com\/es\" target=\"_blank\" rel=\"noopener noreferrer\">Fuente<\/a><\/p><\/div>\n<p>Sin duda, poder pasar una noche en una de sus caba\u00f1as es una <strong>experiencia \u00fanica para los sentidos<\/strong>, en pleno contacto con los \u00e1rboles y la naturaleza, pero tambi\u00e9n una experiencia \u00fanica para el alma y el confort con uno mismo, disfrutando de una sensaci\u00f3n de <strong>libertad e intimidad<\/strong> dif\u00edcil de igualar.<\/p>\n<div id=\"attachment_6115\" style=\"width: 650px\" class=\"wp-caption aligncenter\"><a href=\"https:\/\/www.maderasmenur.com\/wp-content\/uploads\/casa5.jpg\" rel=\"attachment wp-att-6115\"><img loading=\"lazy\" decoding=\"async\" aria-describedby=\"caption-attachment-6115\" class=\"size-full wp-image-6115\" src=\"https:\/\/www.maderasmenur.com\/wp-content\/uploads\/casa5.jpg\" alt=\"Fuente\" width=\"640\" height=\"357\" srcset=\"https:\/\/www.maderasmenur.com\/wp-content\/uploads\/casa5.jpg 640w, https:\/\/www.maderasmenur.com\/wp-content\/uploads\/casa5-300x167.jpg 300w, https:\/\/www.maderasmenur.com\/wp-content\/uploads\/casa5-450x251.jpg 450w, https:\/\/www.maderasmenur.com\/wp-content\/uploads\/casa5-20x11.jpg 20w\" sizes=\"auto, (max-width: 640px) 100vw, 640px\" \/><\/a><p id=\"caption-attachment-6115\" class=\"wp-caption-text\"><a href=\"http:\/\/cabanasenlosarboles.com\/es\" target=\"_blank\" rel=\"noopener noreferrer\">Fuente<\/a><\/p><\/div>\n<div id=\"attachment_6106\" style=\"width: 667px\" class=\"wp-caption aligncenter\"><a href=\"https:\/\/www.maderasmenur.com\/wp-content\/uploads\/casa-2.jpg\" rel=\"attachment wp-att-6106\"><img loading=\"lazy\" decoding=\"async\" aria-describedby=\"caption-attachment-6106\" class=\"size-full wp-image-6106\" src=\"https:\/\/www.maderasmenur.com\/wp-content\/uploads\/casa-2.jpg\" alt=\"Fuente\" width=\"657\" height=\"300\" srcset=\"https:\/\/www.maderasmenur.com\/wp-content\/uploads\/casa-2.jpg 657w, https:\/\/www.maderasmenur.com\/wp-content\/uploads\/casa-2-300x137.jpg 300w, https:\/\/www.maderasmenur.com\/wp-content\/uploads\/casa-2-450x205.jpg 450w, https:\/\/www.maderasmenur.com\/wp-content\/uploads\/casa-2-20x9.jpg 20w\" sizes=\"auto, (max-width: 657px) 100vw, 657px\" \/><\/a><p id=\"caption-attachment-6106\" class=\"wp-caption-text\"><a href=\"http:\/\/cabanasenlosarboles.com\/es\" target=\"_blank\" rel=\"noopener noreferrer\">Fuente<\/a><\/p><\/div>\n<p>Todas tus preocupaciones ser\u00e1n pararte a escuchar en m\u00e1s o menos profundidad los sonidos del bosque y sus habitantes, mientras te va invadiendo la sensaci\u00f3n de ser un pajarillo m\u00e1s.<\/p>\n<p>Sin duda, un lugar diferente donde disfrutar unos d\u00edas de descanso fuera de la ciudad, del ruido, y en fin, del resto del universo \ud83d\ude42<\/p>\n<p>\u00a1A volar!<\/p>\n<\/div><\/section>\n","protected":false},"excerpt":{"rendered":"","protected":false},"author":1001087,"featured_media":6109,"comment_status":"closed","ping_status":"closed","sticky":false,"template":"","format":"standard","meta":{"footnotes":""},"categories":[99],"tags":[],"class_list":["post-6102","post","type-post","status-publish","format-standard","has-post-thumbnail","hentry","category-construcciones-en-madera"],"_links":{"self":[{"href":"https:\/\/www.maderasmenur.com\/it\/wp-json\/wp\/v2\/posts\/6102","targetHints":{"allow":["GET"]}}],"collection":[{"href":"https:\/\/www.maderasmenur.com\/it\/wp-json\/wp\/v2\/posts"}],"about":[{"href":"https:\/\/www.maderasmenur.com\/it\/wp-json\/wp\/v2\/types\/post"}],"author":[{"embeddable":true,"href":"https:\/\/www.maderasmenur.com\/it\/wp-json\/wp\/v2\/users\/1001087"}],"replies":[{"embeddable":true,"href":"https:\/\/www.maderasmenur.com\/it\/wp-json\/wp\/v2\/comments?post=6102"}],"version-history":[{"count":0,"href":"https:\/\/www.maderasmenur.com\/it\/wp-json\/wp\/v2\/posts\/6102\/revisions"}],"wp:featuredmedia":[{"embeddable":true,"href":"https:\/\/www.maderasmenur.com\/it\/wp-json\/wp\/v2\/media\/6109"}],"wp:attachment":[{"href":"https:\/\/www.maderasmenur.com\/it\/wp-json\/wp\/v2\/media?parent=6102"}],"wp:term":[{"taxonomy":"category","embeddable":true,"href":"https:\/\/www.maderasmenur.com\/it\/wp-json\/wp\/v2\/categories?post=6102"},{"taxonomy":"post_tag","embeddable":true,"href":"https:\/\/www.maderasmenur.com\/it\/wp-json\/wp\/v2\/tags?post=6102"}],"curies":[{"name":"wp","href":"https:\/\/api.w.org\/{rel}","templated":true}]}}