{"id":6193,"date":"2016-04-04T12:07:59","date_gmt":"2016-04-04T10:07:59","guid":{"rendered":"https:\/\/www.maderasmenur.com\/?p=6193\/?p=6193"},"modified":"2019-12-11T15:35:37","modified_gmt":"2019-12-11T14:35:37","slug":"madera-transparente-revolucion","status":"publish","type":"post","link":"https:\/\/www.maderasmenur.com\/it\/madera-transparente-revolucion\/","title":{"rendered":"Madera transparente: la revoluci\u00f3n ha llegado"},"content":{"rendered":"<p>\u00c9l famoso refr\u00e1n que dice <em>\u201cel que a buen \u00e1rbol se arrima, buena sombra le cobija\u201d<\/em> ahora podr\u00eda convertirse f\u00e1cilmente en el que dice <em>\u201cojos que no ven, porrazo que te metes\u201d<\/em> al cambiar la <strong>madera al uso<\/strong> por <strong>madera transparente<\/strong>. S\u00ed, est\u00e1s leyendo bien, a partir de ahora podemos hablar de la misma\u00a0para la <strong>construcci\u00f3n mejorada<\/strong> de muchos elementos usados en nuestro d\u00eda a d\u00eda.<\/p>\n<div id=\"attachment_6194\" style=\"width: 1034px\" class=\"wp-caption aligncenter\"><a href=\"https:\/\/www.maderasmenur.com\/wp-content\/uploads\/1366_2000-1.jpg\" rel=\"attachment wp-att-6194\"><img loading=\"lazy\" decoding=\"async\" aria-describedby=\"caption-attachment-6194\" class=\"size-full wp-image-6194\" src=\"https:\/\/www.maderasmenur.com\/wp-content\/uploads\/1366_2000-1.jpg\" alt=\"madera-transparente\" width=\"1024\" height=\"757\" srcset=\"https:\/\/www.maderasmenur.com\/wp-content\/uploads\/1366_2000-1.jpg 1024w, https:\/\/www.maderasmenur.com\/wp-content\/uploads\/1366_2000-1-300x222.jpg 300w, https:\/\/www.maderasmenur.com\/wp-content\/uploads\/1366_2000-1-768x568.jpg 768w, https:\/\/www.maderasmenur.com\/wp-content\/uploads\/1366_2000-1-705x521.jpg 705w, https:\/\/www.maderasmenur.com\/wp-content\/uploads\/1366_2000-1-450x333.jpg 450w, https:\/\/www.maderasmenur.com\/wp-content\/uploads\/1366_2000-1-20x15.jpg 20w\" sizes=\"auto, (max-width: 1024px) 100vw, 1024px\" \/><\/a><p id=\"caption-attachment-6194\" class=\"wp-caption-text\">Primer plano de una l\u00e1mina de la madera transparente | (Foto: KTH Royal Institute of Technology)<\/p><\/div>\n<h2>En un futuro no muy lejano las ventanas y paneles solares podr\u00e1n ser construidos en madera transparente o transl\u00facida.<\/h2>\n<p>No es nuevo el hecho de que la <strong>madera<\/strong> sea <strong>uno de los materiales de construcci\u00f3n m\u00e1s usado del mundo<\/strong> y cada vez con m\u00e1s frecuencia. La <strong>madera<\/strong> es un <strong>material resistente, renovable, duradero, termoaislante, barato y f\u00e1cil de extraer<\/strong> en comparaci\u00f3n con muchos otros, lo que lo hace particularmente importante a la hora de recubrir grandes superficies con c\u00e9lulas solares. Pero la <strong>madera<\/strong> tambi\u00e9n es opaca, lo que le hace perder puntos para seg\u00fan qu\u00e9 construcciones, por ejemplo para \u201ccristales\u201d de ventanas. Hasta ahora.<\/p>\n<p>Un equipo especializado del <strong>Real Instituto de Tecnolog\u00eda de Estocolmo (KTH)<\/strong> dirigido por Lars Berglund ha desarrollado un sistema para crear <strong>madera transparente a gran escala<\/strong>, dando paso as\u00ed a un sinf\u00edn de posibilidades en la construcci\u00f3n.<\/p>\n<p>Pero, \u00bfc\u00f3mo es posible? El primer paso fue retirar qu\u00edmicamente la <strong>lignina<\/strong> (un pol\u00edmero natural presente en las paredes celulares de las plantas) dando como resultado una <strong>madera blanca<\/strong>, pero no transparente. El paso siguiente fue sustituir la lignina por <strong>polimetilmetacrilato<\/strong>, un pol\u00edmero pl\u00e1stico que alberga alrededor de un 93% de transparencia. El resultado es un material con una <strong>estructura muy similar a la madera<\/strong> con una transparencia del 85%.<\/p>\n<div id=\"attachment_6197\" style=\"width: 1290px\" class=\"wp-caption aligncenter\"><a href=\"https:\/\/www.maderasmenur.com\/wp-content\/uploads\/1366_2000.jpg\" rel=\"attachment wp-att-6197\"><img loading=\"lazy\" decoding=\"async\" aria-describedby=\"caption-attachment-6197\" class=\"size-full wp-image-6197\" src=\"https:\/\/www.maderasmenur.com\/wp-content\/uploads\/1366_2000.jpg\" alt=\"madera-transparente\" width=\"1280\" height=\"723\" srcset=\"https:\/\/www.maderasmenur.com\/wp-content\/uploads\/1366_2000.jpg 1280w, https:\/\/www.maderasmenur.com\/wp-content\/uploads\/1366_2000-300x169.jpg 300w, https:\/\/www.maderasmenur.com\/wp-content\/uploads\/1366_2000-768x434.jpg 768w, https:\/\/www.maderasmenur.com\/wp-content\/uploads\/1366_2000-1030x582.jpg 1030w, https:\/\/www.maderasmenur.com\/wp-content\/uploads\/1366_2000-705x398.jpg 705w, https:\/\/www.maderasmenur.com\/wp-content\/uploads\/1366_2000-450x254.jpg 450w, https:\/\/www.maderasmenur.com\/wp-content\/uploads\/1366_2000-20x11.jpg 20w\" sizes=\"auto, (max-width: 1280px) 100vw, 1280px\" \/><\/a><p id=\"caption-attachment-6197\" class=\"wp-caption-text\">Madera transparente | Foto: Masayuki Hayashi<\/p><\/div>\n<p>Si bien es cierto que no es la primera vez que se consigue fabricar <strong>madera transparente<\/strong> esta vez existe la posibilidad de crearla <strong>de forma masiva<\/strong> y como material de construcci\u00f3n, ya que en anteriores proyectos solo pudo ser elaborada a muy peque\u00f1a escala emple\u00e1ndola para crear peque\u00f1os microchips, por ejemplo.<\/p>\n<p>Por lo tanto, es muy probable que no en mucho tiempo comencemos a ver <strong>paneles solares de madera transparente<\/strong> o <strong>fachadas semitransparentes<\/strong> que permitan absorber luz pero mantener la privacidad. \u00a0Pero tambi\u00e9n ventanas. No solo las hojas de madera son m\u00e1s resistentes que las de cristal, si no que pueden aprovecharse todas las dem\u00e1s ventajas de este material.<\/p>\n<p>El siguiente paso de los investigadores se centra en mejorar la transparencia y ampliar las <strong>clases de madera<\/strong> empleables para la elaboraci\u00f3n de esta revolucionaria madera transparente.<\/p>\n<p>El tiempo dir\u00e1 si este innovador proyecto de <strong>madera transparente<\/strong> se convierte en un procedimiento pr\u00e1ctico, sencillo y m\u00e1s o menos barato dando paso a una <strong>aut\u00e9ntica revoluci\u00f3n en el mundo de los materiales<\/strong>.<\/p>\n","protected":false},"excerpt":{"rendered":"<p>\u00c9l famoso refr\u00e1n que dice \u201cel que a buen \u00e1rbol se arrima, buena sombra le cobija\u201d ahora podr\u00eda convertirse f\u00e1cilmente en el que dice \u201cojos que no ven, porrazo que te metes\u201d al cambiar la madera al uso por madera transparente. S\u00ed, est\u00e1s leyendo bien, a partir de ahora podemos hablar de la misma\u00a0para la [&hellip;]<\/p>\n","protected":false},"author":1001087,"featured_media":6197,"comment_status":"closed","ping_status":"closed","sticky":false,"template":"","format":"standard","meta":{"footnotes":""},"categories":[100],"tags":[],"class_list":["post-6193","post","type-post","status-publish","format-standard","has-post-thumbnail","hentry","category-curiosidades-de-la-madera"],"_links":{"self":[{"href":"https:\/\/www.maderasmenur.com\/it\/wp-json\/wp\/v2\/posts\/6193","targetHints":{"allow":["GET"]}}],"collection":[{"href":"https:\/\/www.maderasmenur.com\/it\/wp-json\/wp\/v2\/posts"}],"about":[{"href":"https:\/\/www.maderasmenur.com\/it\/wp-json\/wp\/v2\/types\/post"}],"author":[{"embeddable":true,"href":"https:\/\/www.maderasmenur.com\/it\/wp-json\/wp\/v2\/users\/1001087"}],"replies":[{"embeddable":true,"href":"https:\/\/www.maderasmenur.com\/it\/wp-json\/wp\/v2\/comments?post=6193"}],"version-history":[{"count":0,"href":"https:\/\/www.maderasmenur.com\/it\/wp-json\/wp\/v2\/posts\/6193\/revisions"}],"wp:featuredmedia":[{"embeddable":true,"href":"https:\/\/www.maderasmenur.com\/it\/wp-json\/wp\/v2\/media\/6197"}],"wp:attachment":[{"href":"https:\/\/www.maderasmenur.com\/it\/wp-json\/wp\/v2\/media?parent=6193"}],"wp:term":[{"taxonomy":"category","embeddable":true,"href":"https:\/\/www.maderasmenur.com\/it\/wp-json\/wp\/v2\/categories?post=6193"},{"taxonomy":"post_tag","embeddable":true,"href":"https:\/\/www.maderasmenur.com\/it\/wp-json\/wp\/v2\/tags?post=6193"}],"curies":[{"name":"wp","href":"https:\/\/api.w.org\/{rel}","templated":true}]}}