{"id":6204,"date":"2016-04-14T13:45:11","date_gmt":"2016-04-14T11:45:11","guid":{"rendered":"https:\/\/www.maderasmenur.com\/?p=6204"},"modified":"2019-12-07T19:43:21","modified_gmt":"2019-12-07T18:43:21","slug":"mobiliario-jardin-terraza-diseno","status":"publish","type":"post","link":"https:\/\/www.maderasmenur.com\/it\/mobiliario-jardin-terraza-diseno\/","title":{"rendered":"Mobiliario para un jard\u00edn y terraza de ensue\u00f1o"},"content":{"rendered":"\n<style type=\"text\/css\" data-created_by=\"avia_inline_auto\" id=\"style-css-av-k3vxeta7-8ef975b17f6a3b80a92d5b26956ad178\">\n#top .av-special-heading.av-k3vxeta7-8ef975b17f6a3b80a92d5b26956ad178{\npadding-bottom:10px;\n}\nbody .av-special-heading.av-k3vxeta7-8ef975b17f6a3b80a92d5b26956ad178 .av-special-heading-tag .heading-char{\nfont-size:25px;\n}\n.av-special-heading.av-k3vxeta7-8ef975b17f6a3b80a92d5b26956ad178 .av-subheading{\nfont-size:15px;\n}\n<\/style>\n<div  class='av-special-heading av-k3vxeta7-8ef975b17f6a3b80a92d5b26956ad178 av-special-heading-h1 blockquote modern-quote modern-centered  avia-builder-el-0  el_before_av_textblock  avia-builder-el-first '><h1 class='av-special-heading-tag '  itemprop=\"headline\"  >Mobiliario para un jard\u00edn y terraza de ensue\u00f1o<\/h1><div class=\"special-heading-border\"><div class=\"special-heading-inner-border\"><\/div><\/div><\/div>\n<section  class='av_textblock_section av-av_textblock-445188a952fb265869ea404d0e52fad7 '   itemscope=\"itemscope\" itemtype=\"https:\/\/schema.org\/BlogPosting\" itemprop=\"blogPost\" ><div class='avia_textblock'  itemprop=\"text\" ><p>De casa al trabajo, del trabajo a casa y con suerte los fines de semana de casa al cine, de casa a cenar a un restaurante, de casa al teatro&#8230; Pero siempre solemos estar encerrados entre cuatro paredes, dejando de disfrutar\u00a0todo un mundo exterior lleno de cosas que ofrecernos.<\/p>\n<p>Tener un espacio abierto al exterior, un <strong>jard\u00edn<\/strong>, una <strong>terraza<\/strong>, un <strong>peque\u00f1o porche<\/strong>, es una suerte que muchos no aprovechan o no saben aprovechar para sacarle el m\u00e1ximo disfrute. Nos conformamos con tener la t\u00edpica mesa de pl\u00e1stico blanco con sus correspondientes sillas y todo un espacio m\u00e1s bien insulso y vac\u00edo o donde se acumulan los &#8220;trastos&#8221; que no queremos dejar en el interior de nuestras casas.<\/p>\n<p>Y tal vez no seamos conscientes y lo hagamos gran parte del tiempo de forma mecanizada pero cada d\u00eda que salimos al exterior de nuestros <strong>jardines y terrazas<\/strong> lo sentimos. Sentimos el aire, el fresquito, la luz del sol, el sonido ambiental y nos invade, aunque sea de forma m\u00e1s o menos moment\u00e1nea, una <strong>sensaci\u00f3n de bienestar y relax<\/strong> que no tenemos estando encerrados. Por eso nos gusta tanto cuando llega el calor estar en la terraza de los bares y chiringuitos. <strong>Nos gusta estar al aire libre<\/strong>. Por eso deber\u00edamos aprovechar el lujo de tener un espacio exterior propio disponible y equiparlo de la mejor forma posible, disfrut\u00e1ndolo al m\u00e1ximo solos o en compa\u00f1\u00eda, en un tranquilo desayuno al amanecer, disfrutando de un libro o cenando con familia o amigos. Si crees que ha llegado el momento, sigue leyendo, te damos<strong> ideas para equipar tu jard\u00edn<\/strong> y dejarlo precioso.<\/p>\n<h2>1. Instalar una p\u00e9rgola de madera<\/h2>\n<p>El primer paso sin duda ser\u00eda instalar una <strong>p\u00e9rgola de madera<\/strong> que nos aporte sombra y protecci\u00f3n frente a las adversidades metereol\u00f3gicas que nos permita disfrutar siempre del espacio al aire libre. Adem\u00e1s, visualmente supone un plus a la est\u00e9tica de nuestro terreno, son bonitas y elegantes. Podemos construirlas adyacentes a los muros de nuestra casa o bien de forma independiente.<\/p>\n<p><a href=\"https:\/\/www.maderasmenur.com\/wp-content\/uploads\/20141027_154928.jpg\" rel=\"attachment wp-att-6205\"><br \/>\n<\/a> <a href=\"https:\/\/www.maderasmenur.com\/wp-content\/uploads\/DSC00322.jpg\" rel=\"attachment wp-att-6211\"><img loading=\"lazy\" decoding=\"async\" class=\"aligncenter size-full wp-image-6211\" src=\"https:\/\/www.maderasmenur.com\/wp-content\/uploads\/DSC00322.jpg\" alt=\"ideas-decoracion-jardin\" width=\"3648\" height=\"2736\" srcset=\"https:\/\/www.maderasmenur.com\/wp-content\/uploads\/DSC00322.jpg 3648w, https:\/\/www.maderasmenur.com\/wp-content\/uploads\/DSC00322-300x225.jpg 300w, https:\/\/www.maderasmenur.com\/wp-content\/uploads\/DSC00322-768x576.jpg 768w, https:\/\/www.maderasmenur.com\/wp-content\/uploads\/DSC00322-1030x773.jpg 1030w, https:\/\/www.maderasmenur.com\/wp-content\/uploads\/DSC00322-1500x1125.jpg 1500w, https:\/\/www.maderasmenur.com\/wp-content\/uploads\/DSC00322-705x529.jpg 705w, https:\/\/www.maderasmenur.com\/wp-content\/uploads\/DSC00322-450x338.jpg 450w, https:\/\/www.maderasmenur.com\/wp-content\/uploads\/DSC00322-20x15.jpg 20w\" sizes=\"auto, (max-width: 3648px) 100vw, 3648px\" \/><\/a> <a href=\"https:\/\/www.maderasmenur.com\/wp-content\/uploads\/IMG-20130708-WA0004.jpg\" rel=\"attachment wp-att-6220\"><br \/>\n<\/a> <a href=\"https:\/\/www.maderasmenur.com\/wp-content\/uploads\/IMG-20150611-WA0009.jpg\" rel=\"attachment wp-att-6223\"><img loading=\"lazy\" decoding=\"async\" class=\"aligncenter size-full wp-image-6223\" src=\"https:\/\/www.maderasmenur.com\/wp-content\/uploads\/IMG-20150611-WA0009.jpg\" alt=\"ideas-decoracion-jardin\" width=\"852\" height=\"640\" srcset=\"https:\/\/www.maderasmenur.com\/wp-content\/uploads\/IMG-20150611-WA0009.jpg 852w, https:\/\/www.maderasmenur.com\/wp-content\/uploads\/IMG-20150611-WA0009-300x225.jpg 300w, https:\/\/www.maderasmenur.com\/wp-content\/uploads\/IMG-20150611-WA0009-768x577.jpg 768w, https:\/\/www.maderasmenur.com\/wp-content\/uploads\/IMG-20150611-WA0009-705x530.jpg 705w, https:\/\/www.maderasmenur.com\/wp-content\/uploads\/IMG-20150611-WA0009-450x338.jpg 450w, https:\/\/www.maderasmenur.com\/wp-content\/uploads\/IMG-20150611-WA0009-20x15.jpg 20w\" sizes=\"auto, (max-width: 852px) 100vw, 852px\" \/><\/a><\/p>\n<p><img loading=\"lazy\" decoding=\"async\" class=\"aligncenter size-full wp-image-6229\" src=\"https:\/\/www.maderasmenur.com\/wp-content\/uploads\/IMG-20150615-WA0005.jpg\" alt=\"ideas-decoracion-jardin\" width=\"1280\" height=\"768\" srcset=\"https:\/\/www.maderasmenur.com\/wp-content\/uploads\/IMG-20150615-WA0005.jpg 1280w, https:\/\/www.maderasmenur.com\/wp-content\/uploads\/IMG-20150615-WA0005-300x180.jpg 300w, https:\/\/www.maderasmenur.com\/wp-content\/uploads\/IMG-20150615-WA0005-768x461.jpg 768w, https:\/\/www.maderasmenur.com\/wp-content\/uploads\/IMG-20150615-WA0005-1030x618.jpg 1030w, https:\/\/www.maderasmenur.com\/wp-content\/uploads\/IMG-20150615-WA0005-705x423.jpg 705w, https:\/\/www.maderasmenur.com\/wp-content\/uploads\/IMG-20150615-WA0005-450x270.jpg 450w, https:\/\/www.maderasmenur.com\/wp-content\/uploads\/IMG-20150615-WA0005-20x12.jpg 20w\" sizes=\"auto, (max-width: 1280px) 100vw, 1280px\" \/><\/p>\n<p>Tambi\u00e9n podemos cubrir nuestras <strong>p\u00e9rgolas de madera<\/strong> con toldos de tela y hacerlas esquineras.<\/p>\n<h2>2. El rey de las reuniones sociales<\/h2>\n<p>Bajo tu <strong>p\u00e9rgola<\/strong> y a buen cubierto instala unos bonitos <strong>sof\u00e1s y asientos de madera toque chill out<\/strong> con su correspondiente mesa para disfrutar de largas veladas de calor.<\/p>\n<p><img loading=\"lazy\" decoding=\"async\" class=\"aligncenter size-full wp-image-6208\" src=\"https:\/\/www.maderasmenur.com\/wp-content\/uploads\/20150312_113621.jpg\" alt=\"ideas-decoracion-jardin\" width=\"3264\" height=\"1836\" srcset=\"https:\/\/www.maderasmenur.com\/wp-content\/uploads\/20150312_113621.jpg 3264w, https:\/\/www.maderasmenur.com\/wp-content\/uploads\/20150312_113621-300x169.jpg 300w, https:\/\/www.maderasmenur.com\/wp-content\/uploads\/20150312_113621-768x432.jpg 768w, https:\/\/www.maderasmenur.com\/wp-content\/uploads\/20150312_113621-1030x579.jpg 1030w, https:\/\/www.maderasmenur.com\/wp-content\/uploads\/20150312_113621-1500x844.jpg 1500w, https:\/\/www.maderasmenur.com\/wp-content\/uploads\/20150312_113621-705x397.jpg 705w, https:\/\/www.maderasmenur.com\/wp-content\/uploads\/20150312_113621-450x253.jpg 450w, https:\/\/www.maderasmenur.com\/wp-content\/uploads\/20150312_113621-20x11.jpg 20w\" sizes=\"auto, (max-width: 3264px) 100vw, 3264px\" \/><\/p>\n<h2>3. Toque exclusivo y de lujo con una cama balinesa<\/h2>\n<p>Esta <strong>cama balinesa<\/strong> marcar\u00e1 la diferencia total con el resto de jardines y terrazas, y no solo podr\u00e1s presumir de ello en tus reuniones sociales, si no que tumbarte en ellas mientras tomas un cocktail o lees un libro es un aut\u00e9ntico placer.<\/p>\n<p><a href=\"https:\/\/www.maderasmenur.com\/wp-content\/uploads\/Medidas-2.jpg\" rel=\"attachment wp-att-6235\"><img loading=\"lazy\" decoding=\"async\" class=\"aligncenter size-full wp-image-6235\" src=\"https:\/\/www.maderasmenur.com\/wp-content\/uploads\/Medidas-2.jpg\" alt=\"ideas-decoracion-jardin\" width=\"1024\" height=\"768\" srcset=\"https:\/\/www.maderasmenur.com\/wp-content\/uploads\/Medidas-2.jpg 1024w, https:\/\/www.maderasmenur.com\/wp-content\/uploads\/Medidas-2-300x225.jpg 300w, https:\/\/www.maderasmenur.com\/wp-content\/uploads\/Medidas-2-768x576.jpg 768w, https:\/\/www.maderasmenur.com\/wp-content\/uploads\/Medidas-2-705x529.jpg 705w, https:\/\/www.maderasmenur.com\/wp-content\/uploads\/Medidas-2-450x338.jpg 450w, https:\/\/www.maderasmenur.com\/wp-content\/uploads\/Medidas-2-20x15.jpg 20w\" sizes=\"auto, (max-width: 1024px) 100vw, 1024px\" \/><\/a><\/p>\n<h2>4. Bien de plantas.<\/h2>\n<p>Otro aspecto fundamental es <strong>dotar nuestro jard\u00edn y terraza de muchas plantas, macetas, jardineras <\/strong>y flores para terminar de crear un ambiente natural y de confort.<\/p>\n<p><a href=\"https:\/\/www.maderasmenur.com\/wp-content\/uploads\/.\/JARDINERA-MODELO-BARCELONA.jpg\" rel=\"attachment wp-att-6232\"><img loading=\"lazy\" decoding=\"async\" class=\"wp-image-12385 size-full aligncenter\" src=\"https:\/\/www.maderasmenur.com\/wp-content\/uploads\/.\/JARDINERA-MODELO-BARCELONA.jpg\" alt=\"\" width=\"600\" height=\"387\" srcset=\"https:\/\/www.maderasmenur.com\/wp-content\/uploads\/JARDINERA-MODELO-BARCELONA.jpg 600w, https:\/\/www.maderasmenur.com\/wp-content\/uploads\/JARDINERA-MODELO-BARCELONA-300x194.jpg 300w, https:\/\/www.maderasmenur.com\/wp-content\/uploads\/JARDINERA-MODELO-BARCELONA-450x290.jpg 450w\" sizes=\"auto, (max-width: 600px) 100vw, 600px\" \/><\/a><\/p>\n<h2>5. Un cenador acogedor<\/h2>\n<p>Otra opci\u00f3n pr\u00e1ctica y original es poner un peque\u00f1o <strong>cenador redondo de madera<\/strong> en medio de nuestro jard\u00edn o en un peque\u00f1o rinc\u00f3n si no queremos poner toda una p\u00e9rgola de grandes dimensiones.<\/p>\n<p><a href=\"https:\/\/www.maderasmenur.com\/wp-content\/uploads\/IMG-20150615-WA0005.jpg\" rel=\"attachment wp-att-6229\"><br \/>\n<\/a> <a href=\"https:\/\/www.maderasmenur.com\/wp-content\/uploads\/IMG-20150611-WA0016.jpg\" rel=\"attachment wp-att-6226\"><img loading=\"lazy\" decoding=\"async\" class=\"aligncenter size-full wp-image-6226\" src=\"https:\/\/www.maderasmenur.com\/wp-content\/uploads\/IMG-20150611-WA0016.jpg\" alt=\"ideas-decoracion-jardin\" width=\"960\" height=\"1280\" srcset=\"https:\/\/www.maderasmenur.com\/wp-content\/uploads\/IMG-20150611-WA0016.jpg 960w, https:\/\/www.maderasmenur.com\/wp-content\/uploads\/IMG-20150611-WA0016-225x300.jpg 225w, https:\/\/www.maderasmenur.com\/wp-content\/uploads\/IMG-20150611-WA0016-768x1024.jpg 768w, https:\/\/www.maderasmenur.com\/wp-content\/uploads\/IMG-20150611-WA0016-773x1030.jpg 773w, https:\/\/www.maderasmenur.com\/wp-content\/uploads\/IMG-20150611-WA0016-529x705.jpg 529w, https:\/\/www.maderasmenur.com\/wp-content\/uploads\/IMG-20150611-WA0016-450x600.jpg 450w, https:\/\/www.maderasmenur.com\/wp-content\/uploads\/IMG-20150611-WA0016-15x20.jpg 15w\" sizes=\"auto, (max-width: 960px) 100vw, 960px\" \/><\/a><\/p>\n<h2>6. Toque tropical para tu piscina<\/h2>\n<p>Pon a punto tu piscina con un toque original y ex\u00f3tico equip\u00e1ndola con <strong>tarima tropical<\/strong>. El efecto es aut\u00e9ntico.<\/p>\n<p><a href=\"https:\/\/www.maderasmenur.com\/wp-content\/uploads\/IMG_6409.jpg\" rel=\"attachment wp-att-6217\"><img loading=\"lazy\" decoding=\"async\" class=\"aligncenter size-full wp-image-6217\" src=\"https:\/\/www.maderasmenur.com\/wp-content\/uploads\/IMG_6409.jpg\" alt=\"ideas-decoracion-jardin\" width=\"1280\" height=\"960\" srcset=\"https:\/\/www.maderasmenur.com\/wp-content\/uploads\/IMG_6409.jpg 1280w, https:\/\/www.maderasmenur.com\/wp-content\/uploads\/IMG_6409-300x225.jpg 300w, https:\/\/www.maderasmenur.com\/wp-content\/uploads\/IMG_6409-768x576.jpg 768w, https:\/\/www.maderasmenur.com\/wp-content\/uploads\/IMG_6409-1030x773.jpg 1030w, https:\/\/www.maderasmenur.com\/wp-content\/uploads\/IMG_6409-705x529.jpg 705w, https:\/\/www.maderasmenur.com\/wp-content\/uploads\/IMG_6409-450x338.jpg 450w, https:\/\/www.maderasmenur.com\/wp-content\/uploads\/IMG_6409-20x15.jpg 20w\" sizes=\"auto, (max-width: 1280px) 100vw, 1280px\" \/><\/a><\/p>\n<h2>7. Viste de gala la entrada<\/h2>\n<p>No te olvides de la entrada a tu casa. Es lo primero que vemos al entrar. Construye un bonito <strong>entre pilar de madera<\/strong> para dar la bienvenida a todos tus invitados.<\/p>\n<p><a href=\"https:\/\/www.maderasmenur.com\/wp-content\/uploads\/IMG_0978-1.jpg\" rel=\"attachment wp-att-6214\"><img loading=\"lazy\" decoding=\"async\" class=\"aligncenter size-full wp-image-6214\" src=\"https:\/\/www.maderasmenur.com\/wp-content\/uploads\/IMG_0978-1.jpg\" alt=\"ideas-decoracion-jardin\" width=\"1024\" height=\"764\" srcset=\"https:\/\/www.maderasmenur.com\/wp-content\/uploads\/IMG_0978-1.jpg 1024w, https:\/\/www.maderasmenur.com\/wp-content\/uploads\/IMG_0978-1-300x224.jpg 300w, https:\/\/www.maderasmenur.com\/wp-content\/uploads\/IMG_0978-1-768x573.jpg 768w, https:\/\/www.maderasmenur.com\/wp-content\/uploads\/IMG_0978-1-705x526.jpg 705w, https:\/\/www.maderasmenur.com\/wp-content\/uploads\/IMG_0978-1-450x336.jpg 450w, https:\/\/www.maderasmenur.com\/wp-content\/uploads\/IMG_0978-1-20x15.jpg 20w\" sizes=\"auto, (max-width: 1024px) 100vw, 1024px\" \/><\/a><\/p>\n<p>\u00bfQuieres saber m\u00e1s? \u00a1Cons\u00faltanos!\u00a0<a href=\"https:\/\/www.maderasmenur.com\/wp-content\/uploads\/20150312_113621.jpg\" rel=\"attachment wp-att-6208\"><br \/>\n<\/a><\/p>\n<\/div><\/section>\n","protected":false},"excerpt":{"rendered":"","protected":false},"author":1001087,"featured_media":6208,"comment_status":"closed","ping_status":"closed","sticky":false,"template":"","format":"standard","meta":{"footnotes":""},"categories":[99],"tags":[],"class_list":["post-6204","post","type-post","status-publish","format-standard","has-post-thumbnail","hentry","category-construcciones-en-madera"],"_links":{"self":[{"href":"https:\/\/www.maderasmenur.com\/it\/wp-json\/wp\/v2\/posts\/6204","targetHints":{"allow":["GET"]}}],"collection":[{"href":"https:\/\/www.maderasmenur.com\/it\/wp-json\/wp\/v2\/posts"}],"about":[{"href":"https:\/\/www.maderasmenur.com\/it\/wp-json\/wp\/v2\/types\/post"}],"author":[{"embeddable":true,"href":"https:\/\/www.maderasmenur.com\/it\/wp-json\/wp\/v2\/users\/1001087"}],"replies":[{"embeddable":true,"href":"https:\/\/www.maderasmenur.com\/it\/wp-json\/wp\/v2\/comments?post=6204"}],"version-history":[{"count":0,"href":"https:\/\/www.maderasmenur.com\/it\/wp-json\/wp\/v2\/posts\/6204\/revisions"}],"wp:featuredmedia":[{"embeddable":true,"href":"https:\/\/www.maderasmenur.com\/it\/wp-json\/wp\/v2\/media\/6208"}],"wp:attachment":[{"href":"https:\/\/www.maderasmenur.com\/it\/wp-json\/wp\/v2\/media?parent=6204"}],"wp:term":[{"taxonomy":"category","embeddable":true,"href":"https:\/\/www.maderasmenur.com\/it\/wp-json\/wp\/v2\/categories?post=6204"},{"taxonomy":"post_tag","embeddable":true,"href":"https:\/\/www.maderasmenur.com\/it\/wp-json\/wp\/v2\/tags?post=6204"}],"curies":[{"name":"wp","href":"https:\/\/api.w.org\/{rel}","templated":true}]}}