{"id":6281,"date":"2016-04-25T11:50:16","date_gmt":"2016-04-25T09:50:16","guid":{"rendered":"https:\/\/www.maderasmenur.com\/?p=6281"},"modified":"2019-12-10T10:16:32","modified_gmt":"2019-12-10T09:16:32","slug":"casas-modulares-de-madera-para-estudiantes","status":"publish","type":"post","link":"https:\/\/www.maderasmenur.com\/it\/casas-modulares-de-madera-para-estudiantes\/","title":{"rendered":"Mini casas modulares de madera lowcost para estudiantes"},"content":{"rendered":"\n<style type=\"text\/css\" data-created_by=\"avia_inline_auto\" id=\"style-css-av-k3zndolc-cccfbdf3ea2ba87c9c6349ea3061f330\">\n#top .av-special-heading.av-k3zndolc-cccfbdf3ea2ba87c9c6349ea3061f330{\npadding-bottom:30px;\n}\nbody .av-special-heading.av-k3zndolc-cccfbdf3ea2ba87c9c6349ea3061f330 .av-special-heading-tag .heading-char{\nfont-size:25px;\n}\n.av-special-heading.av-k3zndolc-cccfbdf3ea2ba87c9c6349ea3061f330 .av-subheading{\nfont-size:15px;\n}\n<\/style>\n<div  class='av-special-heading av-k3zndolc-cccfbdf3ea2ba87c9c6349ea3061f330 av-special-heading-h1 blockquote modern-quote modern-centered  avia-builder-el-0  el_before_av_textblock  avia-builder-el-first '><h1 class='av-special-heading-tag '  itemprop=\"headline\"  >Mini casas modulares de madera lowcost para estudiantes<\/h1><div class=\"special-heading-border\"><div class=\"special-heading-inner-border\"><\/div><\/div><\/div>\n<section  class='av_textblock_section av-av_textblock-445188a952fb265869ea404d0e52fad7 '   itemscope=\"itemscope\" itemtype=\"https:\/\/schema.org\/BlogPosting\" itemprop=\"blogPost\" ><div class='avia_textblock'  itemprop=\"text\" ><p><strong>Material elegante, pr\u00e1ctico, reciclable, resistente y muy asequible<\/strong>. Si citamos estas caracter\u00edsticas juntas a todos nos viene a la cabeza la <strong>madera como material de construcci\u00f3n<\/strong> cada vez en mayor auge. Y otro ejemplo m\u00e1s de ello es este nuevo proyecto, de la mano del estudio de arquitectura <a href=\"http:\/\/www.tengbom.se\/en-US\/projects\/207\/smart-student-unit\" target=\"_blank\" rel=\"noopener noreferrer\">Tengboom<\/a>, que ha dise\u00f1ado y creado estas originales <strong>mini casas modulares de madera<\/strong>\u00a0contralaminada y <strong>lowcost<\/strong> para los estudiantes de las ciudades suecas de Virserum y Lund de <strong>tan solo 10 metros cuadrados<\/strong>, eso s\u00ed, muy bien aprovechados y distribuidos.<\/p>\n<div id=\"attachment_6282\" style=\"width: 3790px\" class=\"wp-caption aligncenter\"><a href=\"https:\/\/www.maderasmenur.com\/wp-content\/uploads\/2-1.jpg\" rel=\"attachment wp-att-6282\"><img loading=\"lazy\" decoding=\"async\" aria-describedby=\"caption-attachment-6282\" class=\"wp-image-6282 size-full\" title=\"casa-modular-madera\" src=\"https:\/\/www.maderasmenur.com\/wp-content\/uploads\/2-1.jpg\" alt=\"casa-modular-madera\" width=\"3780\" height=\"4300\" srcset=\"https:\/\/www.maderasmenur.com\/wp-content\/uploads\/2-1.jpg 3780w, https:\/\/www.maderasmenur.com\/wp-content\/uploads\/2-1-264x300.jpg 264w, https:\/\/www.maderasmenur.com\/wp-content\/uploads\/2-1-768x874.jpg 768w, https:\/\/www.maderasmenur.com\/wp-content\/uploads\/2-1-905x1030.jpg 905w, https:\/\/www.maderasmenur.com\/wp-content\/uploads\/2-1-1319x1500.jpg 1319w, https:\/\/www.maderasmenur.com\/wp-content\/uploads\/2-1-620x705.jpg 620w, https:\/\/www.maderasmenur.com\/wp-content\/uploads\/2-1-450x512.jpg 450w, https:\/\/www.maderasmenur.com\/wp-content\/uploads\/2-1-18x20.jpg 18w\" sizes=\"auto, (max-width: 3780px) 100vw, 3780px\" \/><\/a><p id=\"caption-attachment-6282\" class=\"wp-caption-text\">Fotograf\u00eda: Bertil Hertzberg<\/p><\/div>\n<p>Cubrir las necesidades de los estudiantes de forma sostenible, inteligente y asequible fue la clave a la hora de dise\u00f1ar estas<strong> casas modulares de madera<\/strong>\u00a0en colaboraci\u00f3n con la Universidad de Lund, consiguiendo implantar un total de 22 unidades listas para ser habitadas por los estudiantes en el 2014.<\/p>\n<h2>Mini casas modulares de madera lowcost totalmente equipadas<\/h2>\n<p>Cada <strong>vivienda de madera<\/strong> ofrece una c\u00f3moda zona loft para dormir, una cocina, un ba\u00f1o, un peque\u00f1o espacio de estar y adem\u00e1s cuenta con un peque\u00f1o jard\u00edn con patio.<\/p>\n<div id=\"attachment_6285\" style=\"width: 3007px\" class=\"wp-caption aligncenter\"><a href=\"https:\/\/www.maderasmenur.com\/wp-content\/uploads\/1-1.jpg\" rel=\"attachment wp-att-6285\"><img loading=\"lazy\" decoding=\"async\" aria-describedby=\"caption-attachment-6285\" class=\"wp-image-6285 size-full\" title=\"casa-modular-madera\" src=\"https:\/\/www.maderasmenur.com\/wp-content\/uploads\/1-1.jpg\" alt=\"casa-modular-madera\" width=\"2997\" height=\"4400\" srcset=\"https:\/\/www.maderasmenur.com\/wp-content\/uploads\/1-1.jpg 2997w, https:\/\/www.maderasmenur.com\/wp-content\/uploads\/1-1-204x300.jpg 204w, https:\/\/www.maderasmenur.com\/wp-content\/uploads\/1-1-768x1128.jpg 768w, https:\/\/www.maderasmenur.com\/wp-content\/uploads\/1-1-702x1030.jpg 702w, https:\/\/www.maderasmenur.com\/wp-content\/uploads\/1-1-1022x1500.jpg 1022w, https:\/\/www.maderasmenur.com\/wp-content\/uploads\/1-1-480x705.jpg 480w, https:\/\/www.maderasmenur.com\/wp-content\/uploads\/1-1-450x661.jpg 450w, https:\/\/www.maderasmenur.com\/wp-content\/uploads\/1-1-14x20.jpg 14w\" sizes=\"auto, (max-width: 2997px) 100vw, 2997px\" \/><\/a><p id=\"caption-attachment-6285\" class=\"wp-caption-text\">Fotograf\u00eda: Bertil Hertzberg<\/p><\/div>\n<div id=\"attachment_6297\" style=\"width: 2963px\" class=\"wp-caption aligncenter\"><a href=\"https:\/\/www.maderasmenur.com\/wp-content\/uploads\/7-1.jpg\" rel=\"attachment wp-att-6297\"><img loading=\"lazy\" decoding=\"async\" aria-describedby=\"caption-attachment-6297\" class=\"wp-image-6297 size-full\" title=\"casa-modular-madera\" src=\"https:\/\/www.maderasmenur.com\/wp-content\/uploads\/7-1.jpg\" alt=\"casa-modular-madera\" width=\"2953\" height=\"4378\" srcset=\"https:\/\/www.maderasmenur.com\/wp-content\/uploads\/7-1.jpg 2953w, https:\/\/www.maderasmenur.com\/wp-content\/uploads\/7-1-202x300.jpg 202w, https:\/\/www.maderasmenur.com\/wp-content\/uploads\/7-1-768x1139.jpg 768w, https:\/\/www.maderasmenur.com\/wp-content\/uploads\/7-1-695x1030.jpg 695w, https:\/\/www.maderasmenur.com\/wp-content\/uploads\/7-1-1012x1500.jpg 1012w, https:\/\/www.maderasmenur.com\/wp-content\/uploads\/7-1-476x705.jpg 476w, https:\/\/www.maderasmenur.com\/wp-content\/uploads\/7-1-450x667.jpg 450w, https:\/\/www.maderasmenur.com\/wp-content\/uploads\/7-1-13x20.jpg 13w\" sizes=\"auto, (max-width: 2953px) 100vw, 2953px\" \/><\/a><p id=\"caption-attachment-6297\" class=\"wp-caption-text\">Fotograf\u00eda: Bertil Hertzberg<\/p><\/div>\n<div id=\"attachment_6291\" style=\"width: 4341px\" class=\"wp-caption aligncenter\"><a href=\"https:\/\/www.maderasmenur.com\/wp-content\/uploads\/5-1.jpg\" rel=\"attachment wp-att-6291\"><img loading=\"lazy\" decoding=\"async\" aria-describedby=\"caption-attachment-6291\" class=\"wp-image-6291 size-full\" title=\"casa-modular-madera\" src=\"https:\/\/www.maderasmenur.com\/wp-content\/uploads\/5-1.jpg\" alt=\"casa-modular-madera\" width=\"4331\" height=\"2953\" srcset=\"https:\/\/www.maderasmenur.com\/wp-content\/uploads\/5-1.jpg 4331w, https:\/\/www.maderasmenur.com\/wp-content\/uploads\/5-1-300x205.jpg 300w, https:\/\/www.maderasmenur.com\/wp-content\/uploads\/5-1-768x524.jpg 768w, https:\/\/www.maderasmenur.com\/wp-content\/uploads\/5-1-1030x702.jpg 1030w, https:\/\/www.maderasmenur.com\/wp-content\/uploads\/5-1-1500x1023.jpg 1500w, https:\/\/www.maderasmenur.com\/wp-content\/uploads\/5-1-705x481.jpg 705w, https:\/\/www.maderasmenur.com\/wp-content\/uploads\/5-1-450x307.jpg 450w, https:\/\/www.maderasmenur.com\/wp-content\/uploads\/5-1-20x14.jpg 20w\" sizes=\"auto, (max-width: 4331px) 100vw, 4331px\" \/><\/a><p id=\"caption-attachment-6291\" class=\"wp-caption-text\">Fotograf\u00eda: Bertil Hertzberg<\/p><\/div>\n<p>Al aplicar este <strong>sistema de construcci\u00f3n<\/strong> con un <strong>sencillo montaje<\/strong> se ha conseguido reducir a la mitad el coste de su renta, as\u00ed como el impacto del carbono y el desgaste ecol\u00f3gico que este tipo de construcciones suele ocasionar.<\/p>\n<p>Por este motivo fue adem\u00e1s que se eligi\u00f3 la <strong>madera de pino<\/strong> como material pr\u00e1cticamente exclusivo para la construcci\u00f3n de estas <strong>casas\u00a0modulares de madera<\/strong>. Su car\u00e1cter renovable puede obtenerse y emplearse directamente en las ciudades locales, reduciendo as\u00ed la cadena de costes y transporte.<\/p>\n<div id=\"attachment_6300\" style=\"width: 2963px\" class=\"wp-caption aligncenter\"><a href=\"https:\/\/www.maderasmenur.com\/wp-content\/uploads\/8-1.jpg\" rel=\"attachment wp-att-6300\"><img loading=\"lazy\" decoding=\"async\" aria-describedby=\"caption-attachment-6300\" class=\"wp-image-6300 size-full\" title=\"casa-modular-madera\" src=\"https:\/\/www.maderasmenur.com\/wp-content\/uploads\/8-1.jpg\" alt=\"casa-modular-madera\" width=\"2953\" height=\"4429\" srcset=\"https:\/\/www.maderasmenur.com\/wp-content\/uploads\/8-1.jpg 2953w, https:\/\/www.maderasmenur.com\/wp-content\/uploads\/8-1-200x300.jpg 200w, https:\/\/www.maderasmenur.com\/wp-content\/uploads\/8-1-768x1152.jpg 768w, https:\/\/www.maderasmenur.com\/wp-content\/uploads\/8-1-687x1030.jpg 687w, https:\/\/www.maderasmenur.com\/wp-content\/uploads\/8-1-1000x1500.jpg 1000w, https:\/\/www.maderasmenur.com\/wp-content\/uploads\/8-1-470x705.jpg 470w, https:\/\/www.maderasmenur.com\/wp-content\/uploads\/8-1-450x675.jpg 450w, https:\/\/www.maderasmenur.com\/wp-content\/uploads\/8-1-13x20.jpg 13w\" sizes=\"auto, (max-width: 2953px) 100vw, 2953px\" \/><\/a><p id=\"caption-attachment-6300\" class=\"wp-caption-text\">Fotograf\u00eda: Bertil Hertzberg<\/p><\/div>\n<div id=\"attachment_6294\" style=\"width: 4360px\" class=\"wp-caption aligncenter\"><a href=\"https:\/\/www.maderasmenur.com\/wp-content\/uploads\/6-1.jpg\" rel=\"attachment wp-att-6294\"><img loading=\"lazy\" decoding=\"async\" aria-describedby=\"caption-attachment-6294\" class=\"wp-image-6294 size-full\" title=\"casa-modular-madera\" src=\"https:\/\/www.maderasmenur.com\/wp-content\/uploads\/6-1.jpg\" alt=\"casa-modular-madera\" width=\"4350\" height=\"2900\" srcset=\"https:\/\/www.maderasmenur.com\/wp-content\/uploads\/6-1.jpg 4350w, https:\/\/www.maderasmenur.com\/wp-content\/uploads\/6-1-300x200.jpg 300w, https:\/\/www.maderasmenur.com\/wp-content\/uploads\/6-1-768x512.jpg 768w, https:\/\/www.maderasmenur.com\/wp-content\/uploads\/6-1-1030x687.jpg 1030w, https:\/\/www.maderasmenur.com\/wp-content\/uploads\/6-1-1500x1000.jpg 1500w, https:\/\/www.maderasmenur.com\/wp-content\/uploads\/6-1-705x470.jpg 705w, https:\/\/www.maderasmenur.com\/wp-content\/uploads\/6-1-450x300.jpg 450w, https:\/\/www.maderasmenur.com\/wp-content\/uploads\/6-1-20x13.jpg 20w\" sizes=\"auto, (max-width: 4350px) 100vw, 4350px\" \/><\/a><p id=\"caption-attachment-6294\" class=\"wp-caption-text\">Bertil Hertzberg<\/p><\/div>\n<div id=\"attachment_6288\" style=\"width: 2963px\" class=\"wp-caption aligncenter\"><a href=\"https:\/\/www.maderasmenur.com\/wp-content\/uploads\/4-1.jpg\" rel=\"attachment wp-att-6288\"><img loading=\"lazy\" decoding=\"async\" aria-describedby=\"caption-attachment-6288\" class=\"wp-image-6288 size-full\" title=\"casa-modular-madera\" src=\"https:\/\/www.maderasmenur.com\/wp-content\/uploads\/4-1.jpg\" alt=\"casa-modular-madera\" width=\"2953\" height=\"4376\" srcset=\"https:\/\/www.maderasmenur.com\/wp-content\/uploads\/4-1.jpg 2953w, https:\/\/www.maderasmenur.com\/wp-content\/uploads\/4-1-202x300.jpg 202w, https:\/\/www.maderasmenur.com\/wp-content\/uploads\/4-1-768x1138.jpg 768w, https:\/\/www.maderasmenur.com\/wp-content\/uploads\/4-1-695x1030.jpg 695w, https:\/\/www.maderasmenur.com\/wp-content\/uploads\/4-1-1012x1500.jpg 1012w, https:\/\/www.maderasmenur.com\/wp-content\/uploads\/4-1-476x705.jpg 476w, https:\/\/www.maderasmenur.com\/wp-content\/uploads\/4-1-450x667.jpg 450w, https:\/\/www.maderasmenur.com\/wp-content\/uploads\/4-1-13x20.jpg 13w\" sizes=\"auto, (max-width: 2953px) 100vw, 2953px\" \/><\/a><p id=\"caption-attachment-6288\" class=\"wp-caption-text\">Bertil Hertzberg<\/p><\/div>\n<p>La creatividad del dise\u00f1o y todas sus ventajas y cualidades mencionadas le sirvieron para ser expuesto durante todo el a\u00f1o 2013 en el Museo de Arte de Virserum, para posteriormente en el 2014 construir las primeras unidades listas para ser habitadas.<\/p>\n<p>Es dif\u00edcil pensar que toda esta distribuci\u00f3n tan coqueta y completa\u00a0de <strong>madera<\/strong> est\u00e1 concentrada en tan solo 10 metros cuadrados. \u00a1Es genial!<\/p>\n<\/div><\/section>\n","protected":false},"excerpt":{"rendered":"","protected":false},"author":1001087,"featured_media":6282,"comment_status":"closed","ping_status":"closed","sticky":false,"template":"","format":"standard","meta":{"footnotes":""},"categories":[99],"tags":[],"class_list":["post-6281","post","type-post","status-publish","format-standard","has-post-thumbnail","hentry","category-construcciones-en-madera"],"_links":{"self":[{"href":"https:\/\/www.maderasmenur.com\/it\/wp-json\/wp\/v2\/posts\/6281","targetHints":{"allow":["GET"]}}],"collection":[{"href":"https:\/\/www.maderasmenur.com\/it\/wp-json\/wp\/v2\/posts"}],"about":[{"href":"https:\/\/www.maderasmenur.com\/it\/wp-json\/wp\/v2\/types\/post"}],"author":[{"embeddable":true,"href":"https:\/\/www.maderasmenur.com\/it\/wp-json\/wp\/v2\/users\/1001087"}],"replies":[{"embeddable":true,"href":"https:\/\/www.maderasmenur.com\/it\/wp-json\/wp\/v2\/comments?post=6281"}],"version-history":[{"count":0,"href":"https:\/\/www.maderasmenur.com\/it\/wp-json\/wp\/v2\/posts\/6281\/revisions"}],"wp:featuredmedia":[{"embeddable":true,"href":"https:\/\/www.maderasmenur.com\/it\/wp-json\/wp\/v2\/media\/6282"}],"wp:attachment":[{"href":"https:\/\/www.maderasmenur.com\/it\/wp-json\/wp\/v2\/media?parent=6281"}],"wp:term":[{"taxonomy":"category","embeddable":true,"href":"https:\/\/www.maderasmenur.com\/it\/wp-json\/wp\/v2\/categories?post=6281"},{"taxonomy":"post_tag","embeddable":true,"href":"https:\/\/www.maderasmenur.com\/it\/wp-json\/wp\/v2\/tags?post=6281"}],"curies":[{"name":"wp","href":"https:\/\/api.w.org\/{rel}","templated":true}]}}