{"id":6388,"date":"2016-05-16T12:33:31","date_gmt":"2016-05-16T10:33:31","guid":{"rendered":"https:\/\/www.maderasmenur.com\/?p=6388"},"modified":"2019-12-02T18:00:44","modified_gmt":"2019-12-02T17:00:44","slug":"escultura-en-madera-motosierra-doom","status":"publish","type":"post","link":"https:\/\/www.maderasmenur.com\/it\/escultura-en-madera-motosierra-doom\/","title":{"rendered":"Escultura en madera a golpe de motosierra para lo nuevo de DOOM"},"content":{"rendered":"\n<style type=\"text\/css\" data-created_by=\"avia_inline_auto\" id=\"style-css-av-k3ooiyf7-692d632f164ba59dd2cf87b0701c92ba\">\n#top .av-special-heading.av-k3ooiyf7-692d632f164ba59dd2cf87b0701c92ba{\npadding-bottom:25px;\n}\nbody .av-special-heading.av-k3ooiyf7-692d632f164ba59dd2cf87b0701c92ba .av-special-heading-tag .heading-char{\nfont-size:25px;\n}\n.av-special-heading.av-k3ooiyf7-692d632f164ba59dd2cf87b0701c92ba .av-subheading{\nfont-size:15px;\n}\n<\/style>\n<div  class='av-special-heading av-k3ooiyf7-692d632f164ba59dd2cf87b0701c92ba av-special-heading-h1  avia-builder-el-0  el_before_av_textblock  avia-builder-el-first '><h1 class='av-special-heading-tag '  itemprop=\"headline\"  >Escultura en madera a golpe de motosierra para lo nuevo de DOOM<\/h1><div class=\"special-heading-border\"><div class=\"special-heading-inner-border\"><\/div><\/div><\/div>\n<section  class='av_textblock_section av-k3oofeit-a20d89a64d2cfc0c7c90d6b0f05a7379 '   itemscope=\"itemscope\" itemtype=\"https:\/\/schema.org\/BlogPosting\" itemprop=\"blogPost\" ><div class='avia_textblock'  itemprop=\"text\" ><p>Si hablamos de <strong>escultura de madera<\/strong> inmediatamente pensamos en la <strong>delicadeza a la hora de tallar los detalles<\/strong>, pensamos en un <strong>martillo<\/strong>, en un <strong>cincel<\/strong>. Algo con lo que no estar\u00eda nada de acuerdo <a href=\"http:\/\/www.robbastsculptor.com.au\/\"><strong>Rob Bast<\/strong><\/a>, un <strong>escultor australiano especializado en esculpir la madera a golpe de motosierra<\/strong>, ense\u00f1ando as\u00ed la cara m\u00e1s extrema y asombrosa del <strong>arte en madera<\/strong>. Es por eso que los creadores del <strong>cl\u00e1sico videojuego de 1993 DOOM<\/strong> pensaron en \u00e9l para celebrar el lanzamiento de su nueva entrega (que ha salido a la vente este pasado 13 de mayo) y le propusieron inmortalizar a <strong>Revenant<\/strong>, uno de los personajes principales, con una <strong>escultura en madera a tama\u00f1o real<\/strong>, aprovechando que, adem\u00e1s, la motosierra es una de las armas m\u00e1s populares en el famoso juego.<\/p>\n<p><iframe loading=\"lazy\" src=\"\/\/www.youtube.com\/embed\/UYwamjfisNA\" width=\"560\" height=\"314\" allowfullscreen=\"allowfullscreen\"><\/iframe><\/p>\n<h2>Diferentes motosierras para dar vida con grandes detalles a una gran escultura en madera<\/h2>\n<p>Sin duda su gran tama\u00f1o impresiona, pero lo que m\u00e1s asombra es la <strong>cantidad de detalles tan cuidados<\/strong> y dif\u00edciles de conseguir sobre todo cuando sabemos que ha sido<strong> realizado con una motosierra<\/strong>. Para la talla, realizada con <strong>madera de cipr\u00e9s sostenible reciclado<\/strong>, \u00a0emplea una gran gama de motosierras, desde modelos grandes para dar inicio al tallado hasta peque\u00f1as sierras mec\u00e1nicas para pulir los detalles.<\/p>\n<p><a href=\"https:\/\/www.maderasmenur.com\/wp-content\/uploads\/slide_489366_6744206_compressed.jpg\"><img loading=\"lazy\" decoding=\"async\" class=\"aligncenter size-full wp-image-6392\" src=\"https:\/\/www.maderasmenur.com\/wp-content\/uploads\/slide_489366_6744206_compressed.jpg\" alt=\"escultura-en-madera-rob-bast\" width=\"527\" height=\"277\" \/><\/a><\/p>\n<p><a href=\"https:\/\/www.maderasmenur.com\/wp-content\/uploads\/slide_489366_6744228_compressed.jpg\"><img loading=\"lazy\" decoding=\"async\" class=\"aligncenter size-full wp-image-6416\" src=\"https:\/\/www.maderasmenur.com\/wp-content\/uploads\/slide_489366_6744228_compressed.jpg\" alt=\"escultura-en-madera-rob-bast\" width=\"527\" height=\"351\" srcset=\"https:\/\/www.maderasmenur.com\/wp-content\/uploads\/slide_489366_6744228_compressed.jpg 527w, https:\/\/www.maderasmenur.com\/wp-content\/uploads\/slide_489366_6744228_compressed-300x200.jpg 300w, https:\/\/www.maderasmenur.com\/wp-content\/uploads\/slide_489366_6744228_compressed-450x300.jpg 450w, https:\/\/www.maderasmenur.com\/wp-content\/uploads\/slide_489366_6744228_compressed-20x13.jpg 20w\" sizes=\"auto, (max-width: 527px) 100vw, 527px\" \/><\/a><\/p>\n<p><a href=\"https:\/\/www.maderasmenur.com\/wp-content\/uploads\/slide_489366_6744224_compressed.jpg\"><img loading=\"lazy\" decoding=\"async\" class=\"aligncenter wp-image-6413 size-full\" title=\"escultura-en-madera-rob-bast\" src=\"https:\/\/www.maderasmenur.com\/wp-content\/uploads\/slide_489366_6744224_compressed.jpg\" alt=\"escultura-en-madera-rob-bast\" width=\"283\" height=\"425\" srcset=\"https:\/\/www.maderasmenur.com\/wp-content\/uploads\/slide_489366_6744224_compressed.jpg 283w, https:\/\/www.maderasmenur.com\/wp-content\/uploads\/slide_489366_6744224_compressed-200x300.jpg 200w, https:\/\/www.maderasmenur.com\/wp-content\/uploads\/slide_489366_6744224_compressed-13x20.jpg 13w\" sizes=\"auto, (max-width: 283px) 100vw, 283px\" \/><\/a><\/p>\n<p>Revenant no se lo ha puesto f\u00e1cil al australiano, y es que convertir a este <strong>enorme monstruo de espalda voluminosa y con dos grandes armas sobre esta en una escultura en\u00a0madera \u00a0no ha sido tarea sencilla<\/strong>: tallar la enorme escultura en madera le ha llevado <strong>m\u00e1s de 150 horas de trabajo<\/strong>, lo que, seg\u00fan palabras del artista, se ha convertido en el <strong>mayor reto de su carrera<\/strong> como escultor.<\/p>\n<p><strong>La complejidad de la escultura en madera<\/strong> le ha llevado a Rob Bast a emplear y juntar distintas <strong>piezas de madera<\/strong> para formar brazos y piernas, estando acostumbrado a trabajar directamente sobre bloques macizos. &#8220;La clave ha sido seguir las vetas de la madera. Para esculpir un brazo, por ejemplo, tienes que tallar siempre a favor de las \u00e9stas. Al haber un cambio de direcci\u00f3n en el codo, tienes que utilizar dos piezas de madera distintas y unirlas en la articulaci\u00f3n&#8221;, ha explicado el escultor.<\/p>\n<p><a href=\"https:\/\/www.maderasmenur.com\/wp-content\/uploads\/slide_489366_6744222_compressed.jpg\"><img loading=\"lazy\" decoding=\"async\" class=\"aligncenter size-full wp-image-6410\" src=\"https:\/\/www.maderasmenur.com\/wp-content\/uploads\/slide_489366_6744222_compressed.jpg\" alt=\"escultura-en-madera-rob-bast\" width=\"283\" height=\"425\" srcset=\"https:\/\/www.maderasmenur.com\/wp-content\/uploads\/slide_489366_6744222_compressed.jpg 283w, https:\/\/www.maderasmenur.com\/wp-content\/uploads\/slide_489366_6744222_compressed-200x300.jpg 200w, https:\/\/www.maderasmenur.com\/wp-content\/uploads\/slide_489366_6744222_compressed-13x20.jpg 13w\" sizes=\"auto, (max-width: 283px) 100vw, 283px\" \/><\/a><\/p>\n<p><a href=\"https:\/\/www.maderasmenur.com\/wp-content\/uploads\/slide_489366_6744220_compressed.jpg\"><img loading=\"lazy\" decoding=\"async\" class=\"aligncenter size-full wp-image-6407\" src=\"https:\/\/www.maderasmenur.com\/wp-content\/uploads\/slide_489366_6744220_compressed.jpg\" alt=\"escultura-en-madera-rob-bast\" width=\"527\" height=\"351\" srcset=\"https:\/\/www.maderasmenur.com\/wp-content\/uploads\/slide_489366_6744220_compressed.jpg 527w, https:\/\/www.maderasmenur.com\/wp-content\/uploads\/slide_489366_6744220_compressed-300x200.jpg 300w, https:\/\/www.maderasmenur.com\/wp-content\/uploads\/slide_489366_6744220_compressed-450x300.jpg 450w, https:\/\/www.maderasmenur.com\/wp-content\/uploads\/slide_489366_6744220_compressed-20x13.jpg 20w\" sizes=\"auto, (max-width: 527px) 100vw, 527px\" \/><\/a><\/p>\n<p><a href=\"https:\/\/www.maderasmenur.com\/wp-content\/uploads\/slide_489366_6744218_compressed.jpg\"><img loading=\"lazy\" decoding=\"async\" class=\"aligncenter size-full wp-image-6404\" src=\"https:\/\/www.maderasmenur.com\/wp-content\/uploads\/slide_489366_6744218_compressed.jpg\" alt=\"escultura-en-madera-rob-bast\" width=\"527\" height=\"351\" srcset=\"https:\/\/www.maderasmenur.com\/wp-content\/uploads\/slide_489366_6744218_compressed.jpg 527w, https:\/\/www.maderasmenur.com\/wp-content\/uploads\/slide_489366_6744218_compressed-300x200.jpg 300w, https:\/\/www.maderasmenur.com\/wp-content\/uploads\/slide_489366_6744218_compressed-450x300.jpg 450w, https:\/\/www.maderasmenur.com\/wp-content\/uploads\/slide_489366_6744218_compressed-20x13.jpg 20w\" sizes=\"auto, (max-width: 527px) 100vw, 527px\" \/><\/a><\/p>\n<p><a href=\"https:\/\/www.maderasmenur.com\/wp-content\/uploads\/slide_489366_6744212_compressed.jpg\"><img loading=\"lazy\" decoding=\"async\" class=\"aligncenter size-full wp-image-6401\" src=\"https:\/\/www.maderasmenur.com\/wp-content\/uploads\/slide_489366_6744212_compressed.jpg\" alt=\"escultura-en-madera-rob-bast\" width=\"283\" height=\"425\" srcset=\"https:\/\/www.maderasmenur.com\/wp-content\/uploads\/slide_489366_6744212_compressed.jpg 283w, https:\/\/www.maderasmenur.com\/wp-content\/uploads\/slide_489366_6744212_compressed-200x300.jpg 200w, https:\/\/www.maderasmenur.com\/wp-content\/uploads\/slide_489366_6744212_compressed-13x20.jpg 13w\" sizes=\"auto, (max-width: 283px) 100vw, 283px\" \/><\/a><\/p>\n<p>La impresionante afici\u00f3n del artista por la <strong>escultura\u00a0en madera con motosierra<\/strong> comenz\u00f3 por el a\u00f1o 2003 tras observar a otros escultores en el sector y a d\u00eda de hoy puede presumir de grandes y majestuosas obras y decenas de premios.<\/p>\n<p>Rob nos ense\u00f1a que siempre hay una <strong>forma distinta de ver las cosas<\/strong>, la visi\u00f3n creativa donde el l\u00edmite est\u00e1 en nuestra cabeza e ingenio. &#8220;Las motosierras normalmente se ven como herramientas para destruir o para talar \u00e1rboles, pero intento darles un enfoque creativo. El objetivo, en cualquier tipo de escultura, es plasmar tu visi\u00f3n y crear algo, yo utilizo sierras mec\u00e1nicas por su rapidez y porque es una herramienta muy llamativa&#8221;, comenta.<\/p>\n<p>Si tenemos pensado hacer una visita por la tierra de los canguros, podremos admirar la escultura en madera en el Centro Australiano de La Imagen en Movimiento (<a href=\"https:\/\/www.acmi.net.au\/\">ACMI<\/a>) de Melbourne donde se encuentra expuesta.<\/p>\n<p><a href=\"https:\/\/www.maderasmenur.com\/wp-content\/uploads\/slide_489366_6744210_compressed.jpg\"><img loading=\"lazy\" decoding=\"async\" class=\"aligncenter size-full wp-image-6398\" src=\"https:\/\/www.maderasmenur.com\/wp-content\/uploads\/slide_489366_6744210_compressed.jpg\" alt=\"escultura-en-madera-rob-bast\" width=\"283\" height=\"425\" srcset=\"https:\/\/www.maderasmenur.com\/wp-content\/uploads\/slide_489366_6744210_compressed.jpg 283w, https:\/\/www.maderasmenur.com\/wp-content\/uploads\/slide_489366_6744210_compressed-200x300.jpg 200w, https:\/\/www.maderasmenur.com\/wp-content\/uploads\/slide_489366_6744210_compressed-13x20.jpg 13w\" sizes=\"auto, (max-width: 283px) 100vw, 283px\" \/><\/a><\/p>\n<p><a href=\"https:\/\/www.maderasmenur.com\/wp-content\/uploads\/slide_489366_6744208_compressed.jpg\"><img loading=\"lazy\" decoding=\"async\" class=\"aligncenter size-full wp-image-6395\" src=\"https:\/\/www.maderasmenur.com\/wp-content\/uploads\/slide_489366_6744208_compressed.jpg\" alt=\"escultura-en-madera-rob-bast\" width=\"283\" height=\"425\" srcset=\"https:\/\/www.maderasmenur.com\/wp-content\/uploads\/slide_489366_6744208_compressed.jpg 283w, https:\/\/www.maderasmenur.com\/wp-content\/uploads\/slide_489366_6744208_compressed-200x300.jpg 200w, https:\/\/www.maderasmenur.com\/wp-content\/uploads\/slide_489366_6744208_compressed-13x20.jpg 13w\" sizes=\"auto, (max-width: 283px) 100vw, 283px\" \/><\/a><\/p>\n<\/div><\/section>\n","protected":false},"excerpt":{"rendered":"","protected":false},"author":1001087,"featured_media":0,"comment_status":"closed","ping_status":"closed","sticky":false,"template":"","format":"standard","meta":{"footnotes":""},"categories":[1,90],"tags":[],"class_list":["post-6388","post","type-post","status-publish","format-standard","hentry","category-sin-categoria","category-todo-sobre-la-madera"],"_links":{"self":[{"href":"https:\/\/www.maderasmenur.com\/it\/wp-json\/wp\/v2\/posts\/6388","targetHints":{"allow":["GET"]}}],"collection":[{"href":"https:\/\/www.maderasmenur.com\/it\/wp-json\/wp\/v2\/posts"}],"about":[{"href":"https:\/\/www.maderasmenur.com\/it\/wp-json\/wp\/v2\/types\/post"}],"author":[{"embeddable":true,"href":"https:\/\/www.maderasmenur.com\/it\/wp-json\/wp\/v2\/users\/1001087"}],"replies":[{"embeddable":true,"href":"https:\/\/www.maderasmenur.com\/it\/wp-json\/wp\/v2\/comments?post=6388"}],"version-history":[{"count":0,"href":"https:\/\/www.maderasmenur.com\/it\/wp-json\/wp\/v2\/posts\/6388\/revisions"}],"wp:attachment":[{"href":"https:\/\/www.maderasmenur.com\/it\/wp-json\/wp\/v2\/media?parent=6388"}],"wp:term":[{"taxonomy":"category","embeddable":true,"href":"https:\/\/www.maderasmenur.com\/it\/wp-json\/wp\/v2\/categories?post=6388"},{"taxonomy":"post_tag","embeddable":true,"href":"https:\/\/www.maderasmenur.com\/it\/wp-json\/wp\/v2\/tags?post=6388"}],"curies":[{"name":"wp","href":"https:\/\/api.w.org\/{rel}","templated":true}]}}