{"id":6446,"date":"2016-06-30T10:56:12","date_gmt":"2016-06-30T08:56:12","guid":{"rendered":"https:\/\/www.maderasmenur.com\/?p=6446"},"modified":"2019-12-11T15:38:10","modified_gmt":"2019-12-11T14:38:10","slug":"todo-madera-reto-viral-redes-sociales","status":"publish","type":"post","link":"https:\/\/www.maderasmenur.com\/it\/todo-madera-reto-viral-redes-sociales\/","title":{"rendered":"\u00bfEs todo madera lo que &#8220;reluce&#8221;?: Reto visual"},"content":{"rendered":"<p>Estamos acostumbrados a ver en las Redes Sociales constantes juegos y retos que se convierten en virales. Como el famoso &#8220;desaf\u00edo&#8221; del vestido azul y dorado que traspas\u00f3 fronteras y medios de comunicaci\u00f3n.<\/p>\n<p>Pues hay un nuevo reto circulando por nuestras Redes Sociales dispuesto a traer m\u00e1s de un quebradero de cabeza.<\/p>\n<h2>El reto de los troncos de madera<\/h2>\n<p>Se trata de una foto a primera vista normal de un mont\u00f3n de troncos de madera apilados en medio de un bosque. Pero parece ser que hay una &#8220;sorpresa&#8221; oculta. A continuaci\u00f3n te dejamos la famosa foto del reto de la madera y te invitamos a descubrir qu\u00e9 se esconde en ella. \u00bfEres capaz de verlo? \u00a1Presta atenci\u00f3n!<\/p>\n<p><a href=\"https:\/\/www.maderasmenur.com\/wp-content\/uploads\/Tronco1-737x1024.jpg\"><img loading=\"lazy\" decoding=\"async\" class=\"size-full wp-image-14276 aligncenter\" src=\"https:\/\/www.maderasmenur.com\/wp-content\/uploads\/Tronco1-737x1024.jpg\" alt=\"\" width=\"750\" height=\"1042\" srcset=\"https:\/\/www.maderasmenur.com\/wp-content\/uploads\/Tronco1-737x1024.jpg 750w, https:\/\/www.maderasmenur.com\/wp-content\/uploads\/Tronco1-737x1024-216x300.jpg 216w, https:\/\/www.maderasmenur.com\/wp-content\/uploads\/Tronco1-737x1024-741x1030.jpg 741w, https:\/\/www.maderasmenur.com\/wp-content\/uploads\/Tronco1-737x1024-507x705.jpg 507w, https:\/\/www.maderasmenur.com\/wp-content\/uploads\/Tronco1-737x1024-450x625.jpg 450w\" sizes=\"auto, (max-width: 750px) 100vw, 750px\" \/><\/a><\/p>\n<p>No sigas leyendo hasta haber resuelto el reto o haber desistido \ud83d\ude42<\/p>\n<p>Si despu\u00e9s de unos minutos no has sido capaz de encontrar este peque\u00f1a &#8220;sorpresa&#8221; aqu\u00ed te damos la soluci\u00f3n:<\/p>\n<div id=\"attachment_6447\" style=\"width: 582px\" class=\"wp-caption aligncenter\"><a href=\"https:\/\/www.maderasmenur.com\/wp-content\/uploads\/animal2-oculto-k8HE-U201116634482bgF-575x323@El-Correo.jpg\"><img loading=\"lazy\" decoding=\"async\" aria-describedby=\"caption-attachment-6447\" class=\"size-full wp-image-6447\" src=\"https:\/\/www.maderasmenur.com\/wp-content\/uploads\/animal2-oculto-k8HE-U201116634482bgF-575x323@El-Correo.jpg\" alt=\"reto-redes-sociales-madera\" width=\"572\" height=\"321\" srcset=\"https:\/\/www.maderasmenur.com\/wp-content\/uploads\/animal2-oculto-k8HE-U201116634482bgF-575x323@El-Correo.jpg 572w, https:\/\/www.maderasmenur.com\/wp-content\/uploads\/animal2-oculto-k8HE-U201116634482bgF-575x323@El-Correo-300x168.jpg 300w, https:\/\/www.maderasmenur.com\/wp-content\/uploads\/animal2-oculto-k8HE-U201116634482bgF-575x323@El-Correo-450x253.jpg 450w, https:\/\/www.maderasmenur.com\/wp-content\/uploads\/animal2-oculto-k8HE-U201116634482bgF-575x323@El-Correo-20x11.jpg 20w\" sizes=\"auto, (max-width: 572px) 100vw, 572px\" \/><\/a><p id=\"caption-attachment-6447\" class=\"wp-caption-text\">\u00a1Vaya un lindo gatito se ha colado entre tanta madera!<\/p><\/div>\n","protected":false},"excerpt":{"rendered":"<p>Estamos acostumbrados a ver en las Redes Sociales constantes juegos y retos que se convierten en virales. Como el famoso &#8220;desaf\u00edo&#8221; del vestido azul y dorado que traspas\u00f3 fronteras y medios de comunicaci\u00f3n. Pues hay un nuevo reto circulando por nuestras Redes Sociales dispuesto a traer m\u00e1s de un quebradero de cabeza. El reto de [&hellip;]<\/p>\n","protected":false},"author":1001087,"featured_media":0,"comment_status":"closed","ping_status":"closed","sticky":false,"template":"","format":"standard","meta":{"footnotes":""},"categories":[1],"tags":[],"class_list":["post-6446","post","type-post","status-publish","format-standard","hentry","category-sin-categoria"],"_links":{"self":[{"href":"https:\/\/www.maderasmenur.com\/it\/wp-json\/wp\/v2\/posts\/6446","targetHints":{"allow":["GET"]}}],"collection":[{"href":"https:\/\/www.maderasmenur.com\/it\/wp-json\/wp\/v2\/posts"}],"about":[{"href":"https:\/\/www.maderasmenur.com\/it\/wp-json\/wp\/v2\/types\/post"}],"author":[{"embeddable":true,"href":"https:\/\/www.maderasmenur.com\/it\/wp-json\/wp\/v2\/users\/1001087"}],"replies":[{"embeddable":true,"href":"https:\/\/www.maderasmenur.com\/it\/wp-json\/wp\/v2\/comments?post=6446"}],"version-history":[{"count":0,"href":"https:\/\/www.maderasmenur.com\/it\/wp-json\/wp\/v2\/posts\/6446\/revisions"}],"wp:attachment":[{"href":"https:\/\/www.maderasmenur.com\/it\/wp-json\/wp\/v2\/media?parent=6446"}],"wp:term":[{"taxonomy":"category","embeddable":true,"href":"https:\/\/www.maderasmenur.com\/it\/wp-json\/wp\/v2\/categories?post=6446"},{"taxonomy":"post_tag","embeddable":true,"href":"https:\/\/www.maderasmenur.com\/it\/wp-json\/wp\/v2\/tags?post=6446"}],"curies":[{"name":"wp","href":"https:\/\/api.w.org\/{rel}","templated":true}]}}