{"id":6481,"date":"2016-09-22T13:07:34","date_gmt":"2016-09-22T11:07:34","guid":{"rendered":"https:\/\/www.maderasmenur.com\/?p=6481"},"modified":"2019-12-02T16:38:39","modified_gmt":"2019-12-02T15:38:39","slug":"tipos-de-madera","status":"publish","type":"post","link":"https:\/\/www.maderasmenur.com\/it\/tipos-de-madera\/","title":{"rendered":"Tipos de madera"},"content":{"rendered":"<section  class='av_textblock_section av-k3ol7ow5-2fa98c633f8279f67a890e0eba6f9b23 '   itemscope=\"itemscope\" itemtype=\"https:\/\/schema.org\/BlogPosting\" itemprop=\"blogPost\" ><div class='avia_textblock'  itemprop=\"text\" ><h1>Tipos de madera o clases de madera<\/h1>\n<p>La <strong>madera<\/strong>, como ya\u00a0sabemos, es un <strong>material muy resistente<\/strong>. Esto se debe\u00a0gracias\u00a0a su funci\u00f3n estructural, donde los troncos de los \u00e1rboles est\u00e1n compuestos por <strong>fibras de celulosa unidas con lignina<\/strong>.<\/p>\n<p>La\u00a0<strong>resistencia y durabilidad<\/strong> son sus principales caracter\u00edsticas y han hecho de\u00a0la <strong>madera<\/strong> uno de los primeros materiales utilizados por el hombre tanto en la fabricaci\u00f3n de utensilios como\u00a0en la <strong>construcci\u00f3n<\/strong>, donde actualmente se presenta como un <strong>material en auge<\/strong> de nuevo.<\/p>\n<p><a href=\"https:\/\/www.maderasmenur.com\/wp-content\/uploads\/IMG-20160708-WA0005.jpg\"><img loading=\"lazy\" decoding=\"async\" class=\"aligncenter wp-image-6483\" src=\"https:\/\/www.maderasmenur.com\/wp-content\/uploads\/IMG-20160708-WA0005.jpg\" alt=\"tipos-de-madera\" width=\"872\" height=\"654\" \/><\/a><\/p>\n<h2>Tipos de madera seg\u00fan su uso<\/h2>\n<h3><strong style=\"font-size: 16px;\">Maderas blandas<\/strong><\/h3>\n<h2><span style=\"font-size: 16px;\">Son las m\u00e1s usadas, y destacan por su liviandad y por su coste m\u00e1s barato. Se obtienen de los <\/span><strong style=\"font-size: 16px;\">\u00e1rboles de crecimiento r\u00e1pido<\/strong><span style=\"font-size: 16px;\">, perennes y con\u00edferas. Pero no por estas caracter\u00edsticas son siempre maderas menos resistentes. Se trata de maderas d\u00factiles sobre las que mejor se suele trabajar.\u00a0Entre las maderas blandas m\u00e1s usadas tenemos:<\/span><\/h2>\n<ul>\n<li>\n<h4><strong><em>Pino\u00a0<\/em><\/strong><\/h4>\n<\/li>\n<\/ul>\n<p><a href=\"https:\/\/www.maderasmenur.com\/wp-content\/uploads\/pino.jpg\"><img loading=\"lazy\" decoding=\"async\" class=\"alignnone wp-image-14847 size-full\" src=\"https:\/\/www.maderasmenur.com\/wp-content\/uploads\/pino.jpg\" alt=\"\" width=\"250\" height=\"124\" \/><\/a><\/p>\n<p>El pino es considerado una\u00a0<strong>madera blanda<\/strong>\u00a0y posee una textura uniforme, es menos costoso que las maderas duras y es f\u00e1cil de trabajar.\u00a0 Es una de las maderas m\u00e1s utilizadas por los profesionales y aconsejable en cuanto a calidad\/precio se refiere.\u00a0 El pino es ampliamente utilizado en la carpinter\u00eda, paneles, muebles y molduras.<\/p>\n<ul>\n<li>\n<h4><strong><em>Cedro<\/em><\/strong><\/h4>\n<\/li>\n<\/ul>\n<h5><a href=\"https:\/\/www.maderasmenur.com\/wp-content\/uploads\/cedro.jpg\"><img loading=\"lazy\" decoding=\"async\" class=\"alignnone wp-image-14851 size-medium\" src=\"https:\/\/www.maderasmenur.com\/wp-content\/uploads\/cedro-300x149.jpg\" alt=\"\" width=\"300\" height=\"149\" srcset=\"https:\/\/www.maderasmenur.com\/wp-content\/uploads\/cedro-300x149.jpg 300w, https:\/\/www.maderasmenur.com\/wp-content\/uploads\/cedro.jpg 353w\" sizes=\"auto, (max-width: 300px) 100vw, 300px\" \/><\/a><\/h5>\n<p>El cedro es una\u00a0<strong>madera blanda<\/strong>\u00a0de color rojizo,\u00a0 muy conocida por su olor dulce.\u00a0 El cedro es frecuentemente\u00a0utilizado en cajoneras, cubiertas y tejas. Se usa mucho en la construcci\u00f3n, para forrar muebles, etc.<\/p>\n<ul>\n<li>\n<h4><strong><em>Abeto<\/em><\/strong><\/h4>\n<\/li>\n<\/ul>\n<h5><a href=\"https:\/\/www.maderasmenur.com\/wp-content\/uploads\/abeto.jpg\"><img loading=\"lazy\" decoding=\"async\" class=\"alignnone wp-image-14855 size-medium\" src=\"https:\/\/www.maderasmenur.com\/wp-content\/uploads\/abeto-300x219.jpg\" alt=\"\" width=\"300\" height=\"219\" srcset=\"https:\/\/www.maderasmenur.com\/wp-content\/uploads\/abeto-300x219.jpg 300w, https:\/\/www.maderasmenur.com\/wp-content\/uploads\/abeto.jpg 309w\" sizes=\"auto, (max-width: 300px) 100vw, 300px\" \/><\/a><\/h5>\n<p>Madera ligera y blanda, comparable con el pino. Peso relativamente bajo con buena resistencia y elasticidad.\u00a0 F\u00e1cil de trabajar en todos los aspectos. Relativamente a los qu\u00edmicos es mucho m\u00e1s resistente de que la mayor\u00eda de las maderas. Libre de resinas.\u00a0 Se utiliza mucho en la construcci\u00f3n de revestimientos de\u00a0 pared y techo para el interior<\/p>\n<h3><strong>Maderas duras<\/strong><\/h3>\n<p>Suelen ser <strong>maderas m\u00e1s resistentes y duraderas<\/strong>. Las maderas duras provienen de \u00e1rboles de crecimiento prolongado. Esto hace que para alcanzar el punto necesario para ser talados haya que esperar m\u00e1s tiempo, traduci\u00e9ndose esto en un encarecimiento considerablemente. Suelen emplearse para la fabricaci\u00f3n de suelos gracias a su dureza, para construcciones y para muebles de gran calidad. Trabajar con este\u00a0<strong>tipo de madera<\/strong>\u00a0es m\u00e1s complicado porque son menos lisas y tienen m\u00e1s irregularidades, sin embargo, darles forma con m\u00e1quina suele ser m\u00e1s sencillo.\u00a0Entre las mas utilizadas est\u00e1n:<\/p>\n<ul>\n<li>\n<h4><strong><em>Caoba<\/em><\/strong><\/h4>\n<\/li>\n<\/ul>\n<p><a href=\"https:\/\/www.maderasmenur.com\/wp-content\/uploads\/caoba.jpg\"><img loading=\"lazy\" decoding=\"async\" class=\"alignnone size-full wp-image-14859\" src=\"https:\/\/www.maderasmenur.com\/wp-content\/uploads\/caoba.jpg\" alt=\"\" width=\"305\" height=\"150\" srcset=\"https:\/\/www.maderasmenur.com\/wp-content\/uploads\/caoba.jpg 305w, https:\/\/www.maderasmenur.com\/wp-content\/uploads\/caoba-300x148.jpg 300w\" sizes=\"auto, (max-width: 305px) 100vw, 305px\" \/><\/a><\/p>\n<p>Esta madera de grano fino muy resistente\u00a0 tiene un bonito\u00a0color marr\u00f3n rojizo.\u00a0 Es una de las preferidas en ebanister\u00eda ya que en gran parte se emplean para muebles de calidad, como armarios, revestimientos de madera y chapas.\u00a0 Debido a su propiedad del alta densidad y durabilidad es muy empleado en zonas tropicales que tienden a alta humedad.<\/p>\n<ul>\n<li>\n<h4><strong><em>Roble<\/em><\/strong><\/h4>\n<\/li>\n<\/ul>\n<p><a href=\"https:\/\/www.maderasmenur.com\/wp-content\/uploads\/roble.jpg\"><img loading=\"lazy\" decoding=\"async\" class=\"alignnone size-medium wp-image-14863\" src=\"https:\/\/www.maderasmenur.com\/wp-content\/uploads\/roble-300x233.jpg\" alt=\"\" width=\"300\" height=\"233\" srcset=\"https:\/\/www.maderasmenur.com\/wp-content\/uploads\/roble-300x233.jpg 300w, https:\/\/www.maderasmenur.com\/wp-content\/uploads\/roble.jpg 450w\" sizes=\"auto, (max-width: 300px) 100vw, 300px\" \/><\/a><\/p>\n<p>El Roble esta dentro de las\u00a0maderas duras, pero no posee grano fino como la caoba o cerezo. Posee excelentes cualidades de flexi\u00f3n, por lo que es popular para parqu\u00e9s, pisos de madera, junto con algunos muebles y gabinetes.<\/p>\n<ul>\n<li>\n<h4><strong><em>Nogal<\/em><\/strong><\/h4>\n<\/li>\n<\/ul>\n<p><a href=\"https:\/\/www.maderasmenur.com\/wp-content\/uploads\/nogal.jpg\"><img loading=\"lazy\" decoding=\"async\" class=\"alignnone size-full wp-image-14867\" src=\"https:\/\/www.maderasmenur.com\/wp-content\/uploads\/nogal.jpg\" alt=\"\" width=\"300\" height=\"232\" \/><\/a><\/p>\n<p>Es\u00a0una de las maderas m\u00e1s duras que existen.\u00a0 Ofrecen un bonito\u00a0color marr\u00f3n chocolate. Esta madera no es tan densa como el cerezo\u00a0o caoba, pero sigue siendo muy buscada para panelados de lujo, muebles, gabinetes, puertas, adornos y elementos torneados.<\/p>\n<ul>\n<li>\n<h4><strong><em>Teca<\/em><\/strong><\/h4>\n<\/li>\n<\/ul>\n<p><a href=\"https:\/\/www.maderasmenur.com\/wp-content\/uploads\/teka.jpg\"><img loading=\"lazy\" decoding=\"async\" class=\"alignnone size-medium wp-image-14871\" src=\"https:\/\/www.maderasmenur.com\/wp-content\/uploads\/teka-300x300.jpg\" alt=\"\" width=\"300\" height=\"300\" srcset=\"https:\/\/www.maderasmenur.com\/wp-content\/uploads\/teka-300x300.jpg 300w, https:\/\/www.maderasmenur.com\/wp-content\/uploads\/teka-80x80.jpg 80w, https:\/\/www.maderasmenur.com\/wp-content\/uploads\/teka-36x36.jpg 36w, https:\/\/www.maderasmenur.com\/wp-content\/uploads\/teka-180x180.jpg 180w, https:\/\/www.maderasmenur.com\/wp-content\/uploads\/teka-120x120.jpg 120w, https:\/\/www.maderasmenur.com\/wp-content\/uploads\/teka.jpg 400w\" sizes=\"auto, (max-width: 300px) 100vw, 300px\" \/><\/a><\/p>\n<p>La teca es una madera dura y resistente a la humedad. La teca es resiste a deformaciones, fisuras y deterioro y que se utiliza mejor en muebles finos, puertas, marcos de ventanas, pisos y construcci\u00f3n en general. La teca es especialmente utilizada en muebles de exterior y zonas m\u00e1s h\u00famedas.<\/p>\n<ul>\n<li>\n<h4><strong><em>Olivo<\/em><\/strong><\/h4>\n<\/li>\n<\/ul>\n<p><a href=\"https:\/\/www.maderasmenur.com\/wp-content\/uploads\/olivo.jpg\"><img loading=\"lazy\" decoding=\"async\" class=\"alignnone size-full wp-image-14875\" src=\"https:\/\/www.maderasmenur.com\/wp-content\/uploads\/olivo.jpg\" alt=\"\" width=\"250\" height=\"124\" \/><\/a><\/p>\n<p>Las vetas de la madera de este \u00e1rbol son muy atractivas y decorativas, sobre todo las cercanas a la ra\u00edz. Se emplea mucho para trabajos art\u00edsticos y decorativos entre otros. Su madera suele ser gruesa y resistente, de tonos amarillos, claros u rojizos dependiendo de su origen.<\/p>\n<ul>\n<li>\n<h4><strong><em>Cerezo<\/em><\/strong><\/h4>\n<\/li>\n<\/ul>\n<p><a href=\"https:\/\/www.maderasmenur.com\/wp-content\/uploads\/cerezo.jpg\"><img loading=\"lazy\" decoding=\"async\" class=\"alignnone size-full wp-image-14835\" src=\"https:\/\/www.maderasmenur.com\/wp-content\/uploads\/cerezo.jpg\" alt=\"\" width=\"250\" height=\"124\" \/><\/a><\/p>\n<p>En su origen es de color marr\u00f3n rosado, aunque se va oscureciendo con el tiempo, tomando un color rojo caoba. Es una madera delicada que debe ser bien secada ya que tiende a torcerse.\u00a0 Se utiliza mucho en la fabricaci\u00f3n de muebles, sillas, revestimientos, dado su gran aporte decorativo.<\/p>\n<ul>\n<li>\n<h4><strong><em>Olmo<\/em><\/strong><\/h4>\n<\/li>\n<\/ul>\n<p><a href=\"https:\/\/www.maderasmenur.com\/wp-content\/uploads\/olmo.jpg\"><img loading=\"lazy\" decoding=\"async\" class=\"alignnone size-full wp-image-14839\" src=\"https:\/\/www.maderasmenur.com\/wp-content\/uploads\/olmo.jpg\" alt=\"\" width=\"250\" height=\"124\" \/><\/a><\/p>\n<p>Es de color marr\u00f3n claro, algunas veces con un tinte rojizo o, como en el olmo montano, con un matiz gris\u00e1ceo.\u00a0 Resistente a la putrefacci\u00f3n, la madera del Olmo es muy apreciada en trabajos de marqueter\u00eda y ebanister\u00eda, as\u00ed como en la fabricaci\u00f3n de barcos, grabados y esculturas.<\/p>\n<ul>\n<li>\n<h4><strong><em>Fresno<\/em><\/strong><\/h4>\n<\/li>\n<\/ul>\n<p><a href=\"https:\/\/www.maderasmenur.com\/wp-content\/uploads\/fresno.jpg\"><img loading=\"lazy\" decoding=\"async\" class=\"alignnone size-medium wp-image-14843\" src=\"https:\/\/www.maderasmenur.com\/wp-content\/uploads\/fresno-300x149.jpg\" alt=\"\" width=\"300\" height=\"149\" srcset=\"https:\/\/www.maderasmenur.com\/wp-content\/uploads\/fresno-300x149.jpg 300w, https:\/\/www.maderasmenur.com\/wp-content\/uploads\/fresno-450x223.jpg 450w, https:\/\/www.maderasmenur.com\/wp-content\/uploads\/fresno.jpg 468w\" sizes=\"auto, (max-width: 300px) 100vw, 300px\" \/><\/a><\/p>\n<p>Se emplea en\u00a0ebanister\u00eda y carpinter\u00eda: con frecuencia en la fabricaci\u00f3n de esqu\u00eds, muebles y art\u00edculos curvos, ya que se trata de una madera muy el\u00e1stica y nerviosa. Es de color blanco crema ligeramente rosado o agrisado.<\/p>\n<h2>Tipos de madera seg\u00fan su uso origen<\/h2>\n<p><strong>Maderas Europeas:<\/strong> son aquellas maderas que provienen del hemisferio norte o de las zonas templadas del continente. Se dividen en maderas frondosas, como el roble, el haya, el fresno, la encina, el nogal o el cerezo y son muy empleadas en la fabricaci\u00f3n de muebles y revestimientos. Y en maderas resinosas, que son las m\u00e1s usadas principalmente en la construcci\u00f3n y carpinter\u00eda, como <strong>el cedro, el abeto y el pino<\/strong>.<\/p>\n<p><strong>Maderas tropicales:<\/strong> se trata de maderas ex\u00f3ticas originarias de las zonas tropicales de Am\u00e9rica, Asia y \u00c1frica. Actualmente gozan de un gran auge y entre ellas encontramos<strong> la teca, el iroko, el wengu\u00e9<\/strong>, el \u00e9bano y la caoba.<\/p>\n<\/div><\/section>\n","protected":false},"excerpt":{"rendered":"","protected":false},"author":1001087,"featured_media":0,"comment_status":"closed","ping_status":"closed","sticky":false,"template":"","format":"standard","meta":{"footnotes":""},"categories":[1],"tags":[],"class_list":["post-6481","post","type-post","status-publish","format-standard","hentry","category-sin-categoria"],"_links":{"self":[{"href":"https:\/\/www.maderasmenur.com\/it\/wp-json\/wp\/v2\/posts\/6481","targetHints":{"allow":["GET"]}}],"collection":[{"href":"https:\/\/www.maderasmenur.com\/it\/wp-json\/wp\/v2\/posts"}],"about":[{"href":"https:\/\/www.maderasmenur.com\/it\/wp-json\/wp\/v2\/types\/post"}],"author":[{"embeddable":true,"href":"https:\/\/www.maderasmenur.com\/it\/wp-json\/wp\/v2\/users\/1001087"}],"replies":[{"embeddable":true,"href":"https:\/\/www.maderasmenur.com\/it\/wp-json\/wp\/v2\/comments?post=6481"}],"version-history":[{"count":0,"href":"https:\/\/www.maderasmenur.com\/it\/wp-json\/wp\/v2\/posts\/6481\/revisions"}],"wp:attachment":[{"href":"https:\/\/www.maderasmenur.com\/it\/wp-json\/wp\/v2\/media?parent=6481"}],"wp:term":[{"taxonomy":"category","embeddable":true,"href":"https:\/\/www.maderasmenur.com\/it\/wp-json\/wp\/v2\/categories?post=6481"},{"taxonomy":"post_tag","embeddable":true,"href":"https:\/\/www.maderasmenur.com\/it\/wp-json\/wp\/v2\/tags?post=6481"}],"curies":[{"name":"wp","href":"https:\/\/api.w.org\/{rel}","templated":true}]}}