{"id":6530,"date":"2016-10-04T12:00:20","date_gmt":"2016-10-04T10:00:20","guid":{"rendered":"https:\/\/www.maderasmenur.com\/?p=6530"},"modified":"2019-12-20T13:32:19","modified_gmt":"2019-12-20T12:32:19","slug":"madera-gris-natural-tendencia-2017","status":"publish","type":"post","link":"https:\/\/www.maderasmenur.com\/it\/madera-gris-natural-tendencia-2017\/","title":{"rendered":"Madera gris natural: tendencia para el 2017"},"content":{"rendered":"\n<style type=\"text\/css\" data-created_by=\"avia_inline_auto\" id=\"style-css-av-k4e4upry-d29ef8e935f0652e8f3bfeeaec5eef96\">\n#top .av-special-heading.av-k4e4upry-d29ef8e935f0652e8f3bfeeaec5eef96{\npadding-bottom:0;\n}\nbody .av-special-heading.av-k4e4upry-d29ef8e935f0652e8f3bfeeaec5eef96 .av-special-heading-tag .heading-char{\nfont-size:25px;\n}\n.av-special-heading.av-k4e4upry-d29ef8e935f0652e8f3bfeeaec5eef96 .av-subheading{\nfont-size:15px;\n}\n<\/style>\n<div  class='av-special-heading av-k4e4upry-d29ef8e935f0652e8f3bfeeaec5eef96 av-special-heading-h1  avia-builder-el-0  el_before_av_heading  avia-builder-el-first '><h1 class='av-special-heading-tag '  itemprop=\"headline\"  >Madera gris natural: tendencia para el 2017<\/h1><div class=\"special-heading-border\"><div class=\"special-heading-inner-border\"><\/div><\/div><\/div>\n\n<style type=\"text\/css\" data-created_by=\"avia_inline_auto\" id=\"style-css-av-av_heading-014e1f2782b3a485ba88568e74e7d209\">\n#top .av-special-heading.av-av_heading-014e1f2782b3a485ba88568e74e7d209{\npadding-bottom:30px;\n}\nbody .av-special-heading.av-av_heading-014e1f2782b3a485ba88568e74e7d209 .av-special-heading-tag .heading-char{\nfont-size:25px;\n}\n.av-special-heading.av-av_heading-014e1f2782b3a485ba88568e74e7d209 .av-subheading{\nfont-size:15px;\n}\n<\/style>\n<div  class='av-special-heading av-av_heading-014e1f2782b3a485ba88568e74e7d209 av-special-heading-h2 blockquote modern-quote  avia-builder-el-1  el_after_av_heading  el_before_av_textblock '><h2 class='av-special-heading-tag '  itemprop=\"headline\"  >La madera grisacea natural marcar\u00e1 tendencia en 2017<\/h2><div class=\"special-heading-border\"><div class=\"special-heading-inner-border\"><\/div><\/div><\/div>\n<section  class='av_textblock_section av-k4e4v7bp-5b156684af7cca7d15536cd696230311 '   itemscope=\"itemscope\" itemtype=\"https:\/\/schema.org\/BlogPosting\" itemprop=\"blogPost\" ><div class='avia_textblock'  itemprop=\"text\" ><p>Las tendencias del mercado apuestan por la madera gris natural, en roble y casta\u00f1o, para la pr\u00f3xima temporada.<\/p>\n<p>El color gris es uno de los colores que viene pisando fuerte desde hace tiempo en cuanto a tendencias y \u00a0sin duda ahora comienza a estar en su punto m\u00e1s \u00e1lgido.<\/p>\n<p>El gris\u00a0es un color que combina perfectamente con casi todos los colores \u00a0aporta sobriedad, elegancia y tranquilidad y puede considerarse atemporal.<\/p>\n<p>Por lo tanto, si tenemos que hablar de alg\u00fan protagonista para la pr\u00f3xima temporada, debemos de hablar de la madera grisacea con el paso del tiempo y de forma natural, como el roble y el casta\u00f1o, que gozan de una larga vida y durabilidad.<\/p>\n<p>Una de las caracter\u00edsticas de estas maderas de roble y casta\u00f1o es que lucen sus imperfecciones potenciando sus betas y sus rugosidades.<\/p>\n<\/div><\/section>\n\n<style type=\"text\/css\" data-created_by=\"avia_inline_auto\" id=\"style-css-av-av_heading-9173b879fba9831296adf013380e15e5\">\n#top .av-special-heading.av-av_heading-9173b879fba9831296adf013380e15e5{\npadding-bottom:30px;\n}\nbody .av-special-heading.av-av_heading-9173b879fba9831296adf013380e15e5 .av-special-heading-tag .heading-char{\nfont-size:25px;\n}\n.av-special-heading.av-av_heading-9173b879fba9831296adf013380e15e5 .av-subheading{\nfont-size:15px;\n}\n<\/style>\n<div  class='av-special-heading av-av_heading-9173b879fba9831296adf013380e15e5 av-special-heading-h2 blockquote modern-quote  avia-builder-el-3  el_after_av_textblock  el_before_av_textblock '><h2 class='av-special-heading-tag '  itemprop=\"headline\"  >\u00bfC\u00f3mo se consigue la madera gris de forma natural?<\/h2><div class=\"special-heading-border\"><div class=\"special-heading-inner-border\"><\/div><\/div><\/div>\n<section  class='av_textblock_section av-k4e4iec9-bc200f63dcd1eb52d3fc7dfdb7a85af1 '   itemscope=\"itemscope\" itemtype=\"https:\/\/schema.org\/BlogPosting\" itemprop=\"blogPost\" ><div class='avia_textblock'  itemprop=\"text\" ><p>Para conseguir este efecto de madera envejecida\u00a0(ya aserrada y sin cepillar), esta se expone durante m\u00e1s de un a\u00f1o a la intemperie para que el sol, los rayos ultravioletas (UV), el viento, la lluvia y la humedad la oxiden de forma natural.<\/p>\n<p>Se consigue as\u00ed una madera gris natural sin necesidad de utilizar ning\u00fan tipo de tinte o producto qu\u00edmico para obtenerlo de manera artificial.<\/p>\n<p>Su uso es apto para revestimientos tanto en exterior como en interior, y el acabo presume de ser ideal para decorar tanto locales comerciales como viviendas particulares que se decanten por un estilo decorativo \u201cvintage\u201d o r\u00fastico.<\/p>\n<p>Tambi\u00e9n es una excelente opci\u00f3n para suelos y pavimentos, que aportar\u00e1 un estilo elegante, sobrio y muy del estilo n\u00f3rdico.<\/p>\n<\/div><\/section>\n","protected":false},"excerpt":{"rendered":"","protected":false},"author":1001087,"featured_media":13355,"comment_status":"closed","ping_status":"closed","sticky":false,"template":"","format":"standard","meta":{"footnotes":""},"categories":[90],"tags":[],"class_list":["post-6530","post","type-post","status-publish","format-standard","has-post-thumbnail","hentry","category-todo-sobre-la-madera"],"_links":{"self":[{"href":"https:\/\/www.maderasmenur.com\/it\/wp-json\/wp\/v2\/posts\/6530","targetHints":{"allow":["GET"]}}],"collection":[{"href":"https:\/\/www.maderasmenur.com\/it\/wp-json\/wp\/v2\/posts"}],"about":[{"href":"https:\/\/www.maderasmenur.com\/it\/wp-json\/wp\/v2\/types\/post"}],"author":[{"embeddable":true,"href":"https:\/\/www.maderasmenur.com\/it\/wp-json\/wp\/v2\/users\/1001087"}],"replies":[{"embeddable":true,"href":"https:\/\/www.maderasmenur.com\/it\/wp-json\/wp\/v2\/comments?post=6530"}],"version-history":[{"count":0,"href":"https:\/\/www.maderasmenur.com\/it\/wp-json\/wp\/v2\/posts\/6530\/revisions"}],"wp:featuredmedia":[{"embeddable":true,"href":"https:\/\/www.maderasmenur.com\/it\/wp-json\/wp\/v2\/media\/13355"}],"wp:attachment":[{"href":"https:\/\/www.maderasmenur.com\/it\/wp-json\/wp\/v2\/media?parent=6530"}],"wp:term":[{"taxonomy":"category","embeddable":true,"href":"https:\/\/www.maderasmenur.com\/it\/wp-json\/wp\/v2\/categories?post=6530"},{"taxonomy":"post_tag","embeddable":true,"href":"https:\/\/www.maderasmenur.com\/it\/wp-json\/wp\/v2\/tags?post=6530"}],"curies":[{"name":"wp","href":"https:\/\/api.w.org\/{rel}","templated":true}]}}