{"id":6752,"date":"2017-03-21T16:22:09","date_gmt":"2017-03-21T15:22:09","guid":{"rendered":"https:\/\/www.maderasmenur.com\/?p=6752\/"},"modified":"2019-12-12T09:29:44","modified_gmt":"2019-12-12T08:29:44","slug":"nueva-cubierta-bodega-protos-valladolid","status":"publish","type":"post","link":"https:\/\/www.maderasmenur.com\/it\/nueva-cubierta-bodega-protos-valladolid\/","title":{"rendered":"Nueva cubierta para las bodegas Protos en Valladolid"},"content":{"rendered":"\n<style type=\"text\/css\" data-created_by=\"avia_inline_auto\" id=\"style-css-av-k42gi7ix-9fc67127511196aec29b3bea384fdd63\">\n#top .av-special-heading.av-k42gi7ix-9fc67127511196aec29b3bea384fdd63{\npadding-bottom:10px;\n}\nbody .av-special-heading.av-k42gi7ix-9fc67127511196aec29b3bea384fdd63 .av-special-heading-tag .heading-char{\nfont-size:25px;\n}\n.av-special-heading.av-k42gi7ix-9fc67127511196aec29b3bea384fdd63 .av-subheading{\nfont-size:15px;\n}\n<\/style>\n<div  class='av-special-heading av-k42gi7ix-9fc67127511196aec29b3bea384fdd63 av-special-heading-h1  avia-builder-el-0  el_before_av_textblock  avia-builder-el-first '><h1 class='av-special-heading-tag '  itemprop=\"headline\"  >Nueva cubierta para las bodegas Protos en Valladolid<\/h1><div class=\"special-heading-border\"><div class=\"special-heading-inner-border\"><\/div><\/div><\/div>\n<section  class='av_textblock_section av-2b8bv4-c7aa7aa021661e75ed149425466bcb2d '   itemscope=\"itemscope\" itemtype=\"https:\/\/schema.org\/BlogPosting\" itemprop=\"blogPost\" ><div class='avia_textblock'  itemprop=\"text\" ><p style=\"text-align: justify;\">Hoy nos acercamos para conocer el proyecto de cubierta para las Bodegas Protos en Valladolid. En este proyecto se ha conceptuado la cubierta del edificio como fachada, la cual es apreciada desde la privilegiada ubicaci\u00f3n que ofrece el Castillo de Pe\u00f1afiel. As\u00ed esta cubierta se concibe como una parte integral en la composici\u00f3n arquitect\u00f3nica del proyecto. Destaca como la base del edificio ha reinterpretado la construcci\u00f3n de bodegas enterradas en el terreno, como las que se encuentran bajo la ladera de la monta\u00f1a del Castillo de Pe\u00f1afiel. As\u00ed se decidi\u00f3 enterrar la mayor parte de las instalaciones destinadas a la elaboraci\u00f3n y maduraci\u00f3n del vino, mediante una\u00a0 estructura de arcos parab\u00f3licos, de madera laminada.<\/p>\n<p style=\"text-align: justify;\">Os ense\u00f1amos las fotos m\u00e1s interesantes de este proyecto.<\/p>\n<p style=\"text-align: justify;\"><a href=\"http:\/\/www.laminur.com\/wp-content\/uploads\/2017\/01\/bodegas-protos-1.jpg\"><img loading=\"lazy\" decoding=\"async\" class=\"aligncenter size-large wp-image-3614\" src=\"http:\/\/www.laminur.com\/wp-content\/uploads\/2017\/01\/bodegas-protos-1-1030x685.jpg\" alt=\"bodegas-protos-1\" width=\"1030\" height=\"685\" \/><\/a> <a href=\"http:\/\/www.laminur.com\/wp-content\/uploads\/2017\/01\/bodegas-protos-2.jpg\"><img loading=\"lazy\" decoding=\"async\" class=\"aligncenter size-large wp-image-3615\" src=\"http:\/\/www.laminur.com\/wp-content\/uploads\/2017\/01\/bodegas-protos-2.jpg\" alt=\"BDEGAS PROTOS (PE\u0084AFIEL)\" width=\"935\" height=\"622\" \/><\/a> <a href=\"http:\/\/www.laminur.com\/wp-content\/uploads\/2017\/01\/bodegas-protos-3.jpg\"><img loading=\"lazy\" decoding=\"async\" class=\"aligncenter size-large wp-image-3616\" src=\"http:\/\/www.laminur.com\/wp-content\/uploads\/2017\/01\/bodegas-protos-3.jpg\" alt=\"BDEGAS PROTOS (PE\u0084AFIEL)\" width=\"935\" height=\"622\" \/><\/a> <a href=\"http:\/\/www.laminur.com\/wp-content\/uploads\/2017\/01\/bodegas-protos-4.jpg\"><img loading=\"lazy\" decoding=\"async\" class=\"aligncenter size-large wp-image-3617\" src=\"http:\/\/www.laminur.com\/wp-content\/uploads\/2017\/01\/bodegas-protos-4-1030x685.jpg\" alt=\"bodegas-protos-4\" width=\"1030\" height=\"685\" \/><\/a> <a href=\"http:\/\/www.laminur.com\/wp-content\/uploads\/2017\/01\/bodegas-protos-5.jpg\"><img loading=\"lazy\" decoding=\"async\" class=\"aligncenter size-large wp-image-3618\" src=\"http:\/\/www.laminur.com\/wp-content\/uploads\/2017\/01\/bodegas-protos-5-1030x685.jpg\" alt=\"bodegas-protos-5\" width=\"1030\" height=\"685\" \/><\/a> <a href=\"http:\/\/www.laminur.com\/wp-content\/uploads\/2017\/01\/bodegas-protos-6.jpg\"><img loading=\"lazy\" decoding=\"async\" class=\"aligncenter size-large wp-image-3619\" src=\"http:\/\/www.laminur.com\/wp-content\/uploads\/2017\/01\/bodegas-protos-6-1030x424.jpg\" alt=\"bodegas-protos-6\" width=\"1030\" height=\"424\" \/><\/a> <a href=\"http:\/\/www.laminur.com\/wp-content\/uploads\/2017\/01\/bodegas-protos-7.jpg\"><img loading=\"lazy\" decoding=\"async\" class=\"aligncenter wp-image-3620\" src=\"http:\/\/www.laminur.com\/wp-content\/uploads\/2017\/01\/bodegas-protos-7.jpg\" alt=\"BDEGAS PROTOS (PE\u0084AFIEL)\" width=\"869\" height=\"884\" \/><\/a> <a href=\"http:\/\/www.laminur.com\/wp-content\/uploads\/2017\/01\/bodegas-protos-9.jpg\"><img loading=\"lazy\" decoding=\"async\" class=\"aligncenter size-large wp-image-3621\" src=\"http:\/\/www.laminur.com\/wp-content\/uploads\/2017\/01\/bodegas-protos-9-1030x428.jpg\" alt=\"bodegas-protos-9\" width=\"1030\" height=\"428\" \/><\/a> <a href=\"http:\/\/www.laminur.com\/wp-content\/uploads\/2017\/01\/bodegas-protos-10.jpg\"><img loading=\"lazy\" decoding=\"async\" class=\"aligncenter size-large wp-image-3622\" src=\"http:\/\/www.laminur.com\/wp-content\/uploads\/2017\/01\/bodegas-protos-10-1030x685.jpg\" alt=\"bodegas-protos-10\" width=\"1030\" height=\"685\" \/><\/a> <a href=\"http:\/\/www.laminur.com\/wp-content\/uploads\/2017\/01\/bodegas-protos-11.jpg\"><img loading=\"lazy\" decoding=\"async\" class=\"aligncenter size-large wp-image-3623\" src=\"http:\/\/www.laminur.com\/wp-content\/uploads\/2017\/01\/bodegas-protos-11-1030x685.jpg\" alt=\"bodegas-protos-11\" width=\"1030\" height=\"685\" \/><\/a> <a href=\"http:\/\/www.laminur.com\/wp-content\/uploads\/2017\/01\/bodegas-protos-12.jpg\"><img loading=\"lazy\" decoding=\"async\" class=\"aligncenter size-large wp-image-3624\" src=\"http:\/\/www.laminur.com\/wp-content\/uploads\/2017\/01\/bodegas-protos-12-1030x685.jpg\" alt=\"bodegas-protos-12\" width=\"1030\" height=\"685\" \/><\/a><\/p>\n<p>Informaci\u00f3n recogida en:<\/p>\n<h6>http:\/\/www.plataformaarquitectura.cl\/cl\/804069\/bodegas-protos-valladolid-alonso-balaguer-y-arquitectos-asociados-plus-richard-rogers-partnership<\/h6>\n<\/div><\/section>\n","protected":false},"excerpt":{"rendered":"","protected":false},"author":1001087,"featured_media":0,"comment_status":"closed","ping_status":"closed","sticky":false,"template":"","format":"standard","meta":{"footnotes":""},"categories":[99],"tags":[],"class_list":["post-6752","post","type-post","status-publish","format-standard","hentry","category-construcciones-en-madera"],"_links":{"self":[{"href":"https:\/\/www.maderasmenur.com\/it\/wp-json\/wp\/v2\/posts\/6752","targetHints":{"allow":["GET"]}}],"collection":[{"href":"https:\/\/www.maderasmenur.com\/it\/wp-json\/wp\/v2\/posts"}],"about":[{"href":"https:\/\/www.maderasmenur.com\/it\/wp-json\/wp\/v2\/types\/post"}],"author":[{"embeddable":true,"href":"https:\/\/www.maderasmenur.com\/it\/wp-json\/wp\/v2\/users\/1001087"}],"replies":[{"embeddable":true,"href":"https:\/\/www.maderasmenur.com\/it\/wp-json\/wp\/v2\/comments?post=6752"}],"version-history":[{"count":0,"href":"https:\/\/www.maderasmenur.com\/it\/wp-json\/wp\/v2\/posts\/6752\/revisions"}],"wp:attachment":[{"href":"https:\/\/www.maderasmenur.com\/it\/wp-json\/wp\/v2\/media?parent=6752"}],"wp:term":[{"taxonomy":"category","embeddable":true,"href":"https:\/\/www.maderasmenur.com\/it\/wp-json\/wp\/v2\/categories?post=6752"},{"taxonomy":"post_tag","embeddable":true,"href":"https:\/\/www.maderasmenur.com\/it\/wp-json\/wp\/v2\/tags?post=6752"}],"curies":[{"name":"wp","href":"https:\/\/api.w.org\/{rel}","templated":true}]}}