{"id":6776,"date":"2017-03-21T16:47:06","date_gmt":"2017-03-21T15:47:06","guid":{"rendered":"https:\/\/www.maderasmenur.com\/?p=6776\/"},"modified":"2019-12-11T12:25:58","modified_gmt":"2019-12-11T11:25:58","slug":"proyecto-del-barrio-ecologico-bruselas-tour-taxis","status":"publish","type":"post","link":"https:\/\/www.maderasmenur.com\/it\/proyecto-del-barrio-ecologico-bruselas-tour-taxis\/","title":{"rendered":"Barrio ecol\u00f3gico: Proyecto&#8221;Tour &#038; Taxis&#8221; en Bruselas"},"content":{"rendered":"<p class=\"entradilla col-sm-8 col-sm-offset-2\">El proyecto Tour&amp; Taxis comprende la remodelaci\u00f3n de la zona portuaria de la ciudad y la construcci\u00f3n de tres bloques residenciales con hasta 100 metros de altura conformando bosques verticales.<\/p>\n<p class=\"entradilla col-sm-8 col-sm-offset-2\">El principal objetivo en el proyecto es la creaci\u00f3n de un barrio que conjugue progreso tecnol\u00f3gico, construcci\u00f3n sostenible y rehabilitaci\u00f3n del patrimonio hist\u00f3rico.<\/p>\n<p class=\"entradilla col-sm-8 col-sm-offset-2\">Contar\u00e1 con un gran estanque que atraer\u00e1 a biodiversidad de Bruselas, una antigua lonja convertida en un bar y restaurante especializado en men\u00fas marinos, y un gigante islote dentro de la laguna que proporcionar\u00e1 espacio para eventos, exposiciones y un auditorio al aire libre.<\/p>\n<p class=\"entradilla col-sm-8 col-sm-offset-2\">El proyecto incorporar\u00e1 la antigua terminal convertida en un campus ecol\u00f3gico con espacios de trabajo y esparcimiento (oficinas, gimnasios, zonas deportivas, espacios de ocio, zonas comerciales, bares, restaurantes e invernaderos).<\/p>\n<p class=\"entradilla col-sm-8 col-sm-offset-2\">Es de destacar la adaptabilidad del proyecto y el contraste con las nuevas estructuras del eco-campus construidas en madera y madera laminada cruzada, como medida para reducir la huella de carbono del medio ambiente.<\/p>\n<p class=\"entradilla col-sm-8 col-sm-offset-2\">Grandes cubiertas verdes con elegantes curvas contienen blacones con \u00e1rboles frutales y vegetales, adem\u00e1s de una gran cantidad de paneles solares covirtiendo a estos edificios en bosques verticales.<\/p>\n<p class=\"entradilla col-sm-8 col-sm-offset-2\">Todos sus edificios destacan por su configuraci\u00f3n estetica y sistem\u00e1tica de los jardines verticales, en el que las estructuras de los materiales en hierro de las antiguas edificaciones, incorporan con este nuevo proyecto que combina la vida rural y urbana, la integraci\u00f3n de la madera como elemento vertebrador de la eco-construcci\u00f3n.<\/p>\n<p class=\"entradilla col-sm-8 col-sm-offset-2\">Os dejamos con imagenes que evidencian esta nueva forma de construcci\u00f3n en el que la vegetaci\u00f3n y la construcci\u00f3n con madera est\u00e1 evidenciando una nueva forma de contrucci\u00f3n integrada en cada entorno, mas verde, m\u00e1s ecol\u00f3gica y con materiales naturales.<\/p>\n<p class=\"entradilla col-sm-8 col-sm-offset-2\"><a href=\"http:\/\/www.laminur.com\/wp-content\/uploads\/2017\/03\/arquitecturayempresa_vincent_callebaut_tourtaxi_01.jpg\"><img loading=\"lazy\" decoding=\"async\" class=\"aligncenter size-full wp-image-3695\" src=\"http:\/\/www.laminur.com\/wp-content\/uploads\/2017\/03\/arquitecturayempresa_vincent_callebaut_tourtaxi_01.jpg\" alt=\"\" width=\"1000\" height=\"540\" \/><\/a> <a href=\"http:\/\/www.laminur.com\/wp-content\/uploads\/2017\/03\/arquitecturayempresa_vincent_callebaut_tourtaxi_04.jpg\"><img loading=\"lazy\" decoding=\"async\" class=\"aligncenter size-large wp-image-3696\" src=\"http:\/\/www.laminur.com\/wp-content\/uploads\/2017\/03\/arquitecturayempresa_vincent_callebaut_tourtaxi_04.jpg\" alt=\"\" width=\"800\" height=\"338\" \/><\/a> <a href=\"http:\/\/www.laminur.com\/wp-content\/uploads\/2017\/03\/arquitecturayempresa_vincent_callebaut_tourtaxi_06.jpg\"><img loading=\"lazy\" decoding=\"async\" class=\"aligncenter size-large wp-image-3697\" src=\"http:\/\/www.laminur.com\/wp-content\/uploads\/2017\/03\/arquitecturayempresa_vincent_callebaut_tourtaxi_06.jpg\" alt=\"\" width=\"800\" height=\"338\" \/><\/a> <a href=\"http:\/\/www.laminur.com\/wp-content\/uploads\/2017\/03\/arquitecturayempresa_vincent_callebaut_tourtaxi_09.jpg\"><img loading=\"lazy\" decoding=\"async\" class=\"aligncenter size-large wp-image-3698\" src=\"http:\/\/www.laminur.com\/wp-content\/uploads\/2017\/03\/arquitecturayempresa_vincent_callebaut_tourtaxi_09.jpg\" alt=\"\" width=\"800\" height=\"338\" \/><\/a> <a href=\"http:\/\/www.laminur.com\/wp-content\/uploads\/2017\/03\/arquitecturayempresa_vincent_callebaut_tourtaxi_10.jpg\"><img loading=\"lazy\" decoding=\"async\" class=\"aligncenter size-large wp-image-3699\" src=\"http:\/\/www.laminur.com\/wp-content\/uploads\/2017\/03\/arquitecturayempresa_vincent_callebaut_tourtaxi_10.jpg\" alt=\"\" width=\"800\" height=\"432\" \/><\/a><\/p>\n","protected":false},"excerpt":{"rendered":"<p>El proyecto Tour&amp; Taxis comprende la remodelaci\u00f3n de la zona portuaria de la ciudad y la construcci\u00f3n de tres bloques residenciales con hasta 100 metros de altura conformando bosques verticales. El principal objetivo en el proyecto es la creaci\u00f3n de un barrio que conjugue progreso tecnol\u00f3gico, construcci\u00f3n sostenible y rehabilitaci\u00f3n del patrimonio hist\u00f3rico. Contar\u00e1 con [&hellip;]<\/p>\n","protected":false},"author":1001087,"featured_media":0,"comment_status":"closed","ping_status":"closed","sticky":false,"template":"","format":"standard","meta":{"footnotes":""},"categories":[99,19],"tags":[],"class_list":["post-6776","post","type-post","status-publish","format-standard","hentry","category-construcciones-en-madera","category-noticias"],"_links":{"self":[{"href":"https:\/\/www.maderasmenur.com\/it\/wp-json\/wp\/v2\/posts\/6776","targetHints":{"allow":["GET"]}}],"collection":[{"href":"https:\/\/www.maderasmenur.com\/it\/wp-json\/wp\/v2\/posts"}],"about":[{"href":"https:\/\/www.maderasmenur.com\/it\/wp-json\/wp\/v2\/types\/post"}],"author":[{"embeddable":true,"href":"https:\/\/www.maderasmenur.com\/it\/wp-json\/wp\/v2\/users\/1001087"}],"replies":[{"embeddable":true,"href":"https:\/\/www.maderasmenur.com\/it\/wp-json\/wp\/v2\/comments?post=6776"}],"version-history":[{"count":0,"href":"https:\/\/www.maderasmenur.com\/it\/wp-json\/wp\/v2\/posts\/6776\/revisions"}],"wp:attachment":[{"href":"https:\/\/www.maderasmenur.com\/it\/wp-json\/wp\/v2\/media?parent=6776"}],"wp:term":[{"taxonomy":"category","embeddable":true,"href":"https:\/\/www.maderasmenur.com\/it\/wp-json\/wp\/v2\/categories?post=6776"},{"taxonomy":"post_tag","embeddable":true,"href":"https:\/\/www.maderasmenur.com\/it\/wp-json\/wp\/v2\/tags?post=6776"}],"curies":[{"name":"wp","href":"https:\/\/api.w.org\/{rel}","templated":true}]}}