{"id":6788,"date":"2017-03-21T16:51:18","date_gmt":"2017-03-21T15:51:18","guid":{"rendered":"https:\/\/www.maderasmenur.com\/?p=6788\/"},"modified":"2019-12-11T12:42:17","modified_gmt":"2019-12-11T11:42:17","slug":"tejado-curvo-del-vivero-toranoko-japon","status":"publish","type":"post","link":"https:\/\/www.maderasmenur.com\/it\/tejado-curvo-del-vivero-toranoko-japon\/","title":{"rendered":"El tejado curvo del vivero Toranoko en Jap\u00f3n."},"content":{"rendered":"<p>El tejado curvo del vivero Toranoko en Yamanashi Jap\u00f3n. Este vivero adem\u00e1s de ofrecer una vista espectacular del monte Fuji, crea una voluminosidad cargada de movimiento con su peculiar estructura que tiene como\u00a0 objetivo hacer un espacio comunitario para los usuarios y la gente local en el medio de este espacio, rodeado por los tres edificios.<\/p>\n<p><a href=\"http:\/\/www.laminur.com\/wp-content\/uploads\/2017\/03\/CKenichi_Suzuki_1.jpg\"><img loading=\"lazy\" decoding=\"async\" class=\"aligncenter size-large wp-image-3727\" src=\"http:\/\/www.laminur.com\/wp-content\/uploads\/2017\/03\/CKenichi_Suzuki_1-1030x510.jpg\" alt=\"\" width=\"1030\" height=\"510\" \/><\/a> <a href=\"http:\/\/www.laminur.com\/wp-content\/uploads\/2017\/03\/CKenichi_Suzuki_2.jpg\"><img loading=\"lazy\" decoding=\"async\" class=\"aligncenter size-large wp-image-3728\" src=\"http:\/\/www.laminur.com\/wp-content\/uploads\/2017\/03\/CKenichi_Suzuki_2-1030x687.jpg\" alt=\"\" width=\"1030\" height=\"687\" \/><\/a> <a href=\"http:\/\/www.laminur.com\/wp-content\/uploads\/2017\/03\/CKenichi_Suzuki_4.jpg\"><img loading=\"lazy\" decoding=\"async\" class=\"aligncenter size-large wp-image-3730\" src=\"http:\/\/www.laminur.com\/wp-content\/uploads\/2017\/03\/CKenichi_Suzuki_4-1030x773.jpg\" alt=\"\" width=\"1030\" height=\"773\" \/><\/a> <a href=\"http:\/\/www.laminur.com\/wp-content\/uploads\/2017\/03\/CKenichi_Suzuki_8.jpg\"><img loading=\"lazy\" decoding=\"async\" class=\"aligncenter size-large wp-image-3734\" src=\"http:\/\/www.laminur.com\/wp-content\/uploads\/2017\/03\/CKenichi_Suzuki_8-1030x687.jpg\" alt=\"\" width=\"1030\" height=\"687\" \/><\/a><\/p>\n<p>La idea fue entonces desarrollada y especificada para crear un sal\u00f3n de\u00a0t\u00e9 y una guarder\u00eda para cuidar a los ni\u00f1os del \u00e1rea local. La suave curvatura de los tejados, en madera, crea una secuencia perfectamente dividida para el jard\u00edn, sal\u00f3n, comedor, enfermer\u00eda y oficina, que sin embargo mantienen a todos estos espacios conectados como uno solo.<\/p>\n<p>Est\u00e1 dise\u00f1ado con la esperanza de que este peque\u00f1o vivero cree un espacio central para la comunidad, como un gran \u00e1rbol.<\/p>\n<p><a href=\"http:\/\/www.laminur.com\/wp-content\/uploads\/2017\/03\/CKenichi_Suzuki_9.jpg\"><img loading=\"lazy\" decoding=\"async\" class=\"aligncenter size-large wp-image-3735\" src=\"http:\/\/www.laminur.com\/wp-content\/uploads\/2017\/03\/CKenichi_Suzuki_9-1030x687.jpg\" alt=\"\" width=\"1030\" height=\"687\" \/><\/a> <a href=\"http:\/\/www.laminur.com\/wp-content\/uploads\/2017\/03\/CKenichi_Suzuki_8.jpg\"><img loading=\"lazy\" decoding=\"async\" class=\"aligncenter size-large wp-image-3734\" src=\"http:\/\/www.laminur.com\/wp-content\/uploads\/2017\/03\/CKenichi_Suzuki_8-1030x687.jpg\" alt=\"\" width=\"1030\" height=\"687\" \/><\/a> <a href=\"http:\/\/www.laminur.com\/wp-content\/uploads\/2017\/03\/CKenichi_Suzuki_7.jpg\"><img loading=\"lazy\" decoding=\"async\" class=\"aligncenter size-large wp-image-3733\" src=\"http:\/\/www.laminur.com\/wp-content\/uploads\/2017\/03\/CKenichi_Suzuki_7-1030x687.jpg\" alt=\"\" width=\"1030\" height=\"687\" \/><\/a> <a href=\"http:\/\/www.laminur.com\/wp-content\/uploads\/2017\/03\/CKenichi_Suzuki_6.jpg\"><img loading=\"lazy\" decoding=\"async\" class=\"aligncenter size-large wp-image-3732\" src=\"http:\/\/www.laminur.com\/wp-content\/uploads\/2017\/03\/CKenichi_Suzuki_6-1030x456.jpg\" alt=\"\" width=\"1030\" height=\"456\" \/><\/a> <a href=\"http:\/\/www.laminur.com\/wp-content\/uploads\/2017\/03\/CKenichi_Suzuki_3.jpg\"><img loading=\"lazy\" decoding=\"async\" class=\"aligncenter size-large wp-image-3729\" src=\"http:\/\/www.laminur.com\/wp-content\/uploads\/2017\/03\/CKenichi_Suzuki_3-1030x687.jpg\" alt=\"\" width=\"1030\" height=\"687\" \/><\/a><\/p>\n<figure class=\"js-image-size media-picture\" data-height=\"480\" data-width=\"640\"><\/figure>\n<p><strong>El Sistema estructural: <\/strong>Marco de acero que se levanta de una viga de pie de hormig\u00f3n armado, establece un l\u00edmite entre las habitaciones, entonces una madera de chapa laminada de 50&#215;50 se sienta entre los marcos del portal de acero. Para ganar rigidez, la chapa laminada\u00a0se acu\u00f1a entre dos contrachapas estructurales de 9 mm. La cubierta puede cubrir un palmo grande de 10 metros m\u00e1ximo por apenas 86 mm de grosor. Una suave y ligera curvatura del techo se logra mediante la utilizaci\u00f3n de madera, que se puede manipular f\u00e1cilmente en variedad de forma y tama\u00f1o de manera eficaz. As\u00ed crear\u00eda un gran espacio abierto lleno de una atm\u00f3sfera c\u00e1lida.<\/p>\n","protected":false},"excerpt":{"rendered":"<p>El tejado curvo del vivero Toranoko en Yamanashi Jap\u00f3n. Este vivero adem\u00e1s de ofrecer una vista espectacular del monte Fuji, crea una voluminosidad cargada de movimiento con su peculiar estructura que tiene como\u00a0 objetivo hacer un espacio comunitario para los usuarios y la gente local en el medio de este espacio, rodeado por los tres [&hellip;]<\/p>\n","protected":false},"author":1001087,"featured_media":0,"comment_status":"closed","ping_status":"closed","sticky":false,"template":"","format":"standard","meta":{"footnotes":""},"categories":[99],"tags":[],"class_list":["post-6788","post","type-post","status-publish","format-standard","hentry","category-construcciones-en-madera"],"_links":{"self":[{"href":"https:\/\/www.maderasmenur.com\/it\/wp-json\/wp\/v2\/posts\/6788","targetHints":{"allow":["GET"]}}],"collection":[{"href":"https:\/\/www.maderasmenur.com\/it\/wp-json\/wp\/v2\/posts"}],"about":[{"href":"https:\/\/www.maderasmenur.com\/it\/wp-json\/wp\/v2\/types\/post"}],"author":[{"embeddable":true,"href":"https:\/\/www.maderasmenur.com\/it\/wp-json\/wp\/v2\/users\/1001087"}],"replies":[{"embeddable":true,"href":"https:\/\/www.maderasmenur.com\/it\/wp-json\/wp\/v2\/comments?post=6788"}],"version-history":[{"count":0,"href":"https:\/\/www.maderasmenur.com\/it\/wp-json\/wp\/v2\/posts\/6788\/revisions"}],"wp:attachment":[{"href":"https:\/\/www.maderasmenur.com\/it\/wp-json\/wp\/v2\/media?parent=6788"}],"wp:term":[{"taxonomy":"category","embeddable":true,"href":"https:\/\/www.maderasmenur.com\/it\/wp-json\/wp\/v2\/categories?post=6788"},{"taxonomy":"post_tag","embeddable":true,"href":"https:\/\/www.maderasmenur.com\/it\/wp-json\/wp\/v2\/tags?post=6788"}],"curies":[{"name":"wp","href":"https:\/\/api.w.org\/{rel}","templated":true}]}}