{"id":6803,"date":"2017-03-21T16:57:42","date_gmt":"2017-03-21T15:57:42","guid":{"rendered":"https:\/\/www.maderasmenur.com\/?p=6803\/"},"modified":"2019-12-09T10:19:23","modified_gmt":"2019-12-09T09:19:23","slug":"maderas-menur-presente-exploplayas-2017","status":"publish","type":"post","link":"https:\/\/www.maderasmenur.com\/it\/maderas-menur-presente-exploplayas-2017\/","title":{"rendered":"Maderas Menur presente en Exploplayas 2017"},"content":{"rendered":"\n<style type=\"text\/css\" data-created_by=\"avia_inline_auto\" id=\"style-css-av-k3y82s31-1f5fdab61bf039e04023ef78fbadd89e\">\n#top .av-special-heading.av-k3y82s31-1f5fdab61bf039e04023ef78fbadd89e{\npadding-bottom:10px;\n}\nbody .av-special-heading.av-k3y82s31-1f5fdab61bf039e04023ef78fbadd89e .av-special-heading-tag .heading-char{\nfont-size:25px;\n}\n.av-special-heading.av-k3y82s31-1f5fdab61bf039e04023ef78fbadd89e .av-subheading{\nfont-size:15px;\n}\n<\/style>\n<div  class='av-special-heading av-k3y82s31-1f5fdab61bf039e04023ef78fbadd89e av-special-heading-h1 blockquote modern-quote modern-centered  avia-builder-el-0  el_before_av_textblock  avia-builder-el-first '><h1 class='av-special-heading-tag '  itemprop=\"headline\"  >Maderas Menur presente en Exploplayas 2017<\/h1><div class=\"special-heading-border\"><div class=\"special-heading-inner-border\"><\/div><\/div><\/div>\n<section  class='av_textblock_section av-av_textblock-445188a952fb265869ea404d0e52fad7 '   itemscope=\"itemscope\" itemtype=\"https:\/\/schema.org\/BlogPosting\" itemprop=\"blogPost\" ><div class='avia_textblock'  itemprop=\"text\" ><p>Como cada a\u00f1o, los empresarios del sector de la hosteler\u00eda, profesionales y ayuntamientos se han dado cita en ExpoPlaya 2017.<\/p>\n<p>Cerca de un millar de empresarios se han citado hoy\u00a0en esta exposici\u00f3n de hosteler\u00eda y art\u00edculos de playa en el Palacio de Congresos de Torremolinos, destacando que la\u00a0Costa del Sol complet\u00f3 el a\u00f1o 2016 con el mejor verano de su historia.<\/p>\n<div class=\"row\">\n<div class=\"eight columns\">\n<div class=\"orbit-wrapper\">\n<div id=\"featuredHomeFicha\" class=\"orbit with-bullets\">\n<div class=\"imagenes fluid-placeholder\"><\/div>\n<div class=\"imagenes\">Este evento organizado por la Federaci\u00f3n Andaluza de Empresarios de Playas (Faeplayas) y la Federaci\u00f3n Espa\u00f1ola de Empresarios de Playas (Fesempla), destacad por ser la cita profesional con mayor convocatoria gremial del sector en Espa\u00f1a con m\u00e1s de 1.000 empresarios citados de unas 70 compa\u00f1\u00edas de la regi\u00f3n.<\/div>\n<\/div>\n<\/div>\n<div class=\"contenidoFicha\">\n<p>Turismo Costa del Sol\u00a0ha estado\u00a0presente en la celebraci\u00f3n de este importante evento, en donde su presidente, El\u00edas Bendodo, ha declarado que \u201cla calidad es el principal reto del segmento de sol y playa\u201d. As\u00ed como la Junta de Andaluc\u00eda representada por el Delegado del Gobierno en M\u00e1laga, Jos\u00e9 Luis Ru\u00edz Espejo.<\/p>\n<p>Expoplaya se ha celebrado este a\u00f1o con el aval de un verano de 2016 hist\u00f3rico para la Costa del Sol, con 6.770.000 turistas, un 6,5%% m\u00e1s que el a\u00f1o anterior, con un\u00a0impacto econ\u00f3mico de m\u00e1s de 6.700 millones de euros<\/p>\n<p>Dentro del turismo vacacional, la gastronom\u00eda y los espacios para el turismo veraniego son la se\u00f1a de la calidad el la oferta tur\u00edstica a lo largo de la Costa del Sol.<\/p>\n<p><strong>Green Maderas Menur ha estado presente en ExpoPlaya 2017<\/strong><\/p>\n<p>Desde Maderas Menur queremos adem\u00e1s de dar a conocer las novedades para los equipamientos de playa para 2017, queremos poner nuestro granito de arena para que entre todos mejoremos cada d\u00eda la calidad tur\u00edstica de nuestra Costa con equipamientos modernos, vers\u00e1tiles y de la mayor calidad para\u00a0 el sector ya sea con equipamientos especialmente dise\u00f1ados\u00a0y pensados para los empresarios del sector tur\u00edstico, as\u00ed como para las instituciones que apuestan cada a\u00f1o por\u00a0mejorar sus equipamientos p\u00fablicos, especialmente en sus playas, \u00a0bajo la convicci\u00f3n de hacer posible que vecinos y turistas disfruten de su litoral.<\/p>\n<p><img loading=\"lazy\" decoding=\"async\" class=\"aligncenter size-full wp-image-6208\" src=\"https:\/\/greenmaderas.com\/wp-content\/uploads\/IMG-20170217-WA0001.jpg\" alt=\"\" width=\"1600\" height=\"1200\" \/> <img loading=\"lazy\" decoding=\"async\" class=\"aligncenter size-full wp-image-6209\" src=\"https:\/\/greenmaderas.com\/wp-content\/uploads\/IMG-20170217-WA0002.jpg\" alt=\"\" width=\"1600\" height=\"901\" \/><img loading=\"lazy\" decoding=\"async\" class=\"aligncenter size-full wp-image-6207\" src=\"https:\/\/greenmaderas.com\/wp-content\/uploads\/IMG-20170217-WA0000.jpg\" alt=\"\" width=\"1600\" height=\"1200\" \/><\/p>\n<p>Soluciones Maderas Menur.<\/p>\n<\/div>\n<\/div>\n<\/div>\n<\/div><\/section>\n","protected":false},"excerpt":{"rendered":"","protected":false},"author":1001087,"featured_media":15454,"comment_status":"closed","ping_status":"closed","sticky":false,"template":"","format":"standard","meta":{"footnotes":""},"categories":[19],"tags":[],"class_list":["post-6803","post","type-post","status-publish","format-standard","has-post-thumbnail","hentry","category-noticias"],"_links":{"self":[{"href":"https:\/\/www.maderasmenur.com\/it\/wp-json\/wp\/v2\/posts\/6803","targetHints":{"allow":["GET"]}}],"collection":[{"href":"https:\/\/www.maderasmenur.com\/it\/wp-json\/wp\/v2\/posts"}],"about":[{"href":"https:\/\/www.maderasmenur.com\/it\/wp-json\/wp\/v2\/types\/post"}],"author":[{"embeddable":true,"href":"https:\/\/www.maderasmenur.com\/it\/wp-json\/wp\/v2\/users\/1001087"}],"replies":[{"embeddable":true,"href":"https:\/\/www.maderasmenur.com\/it\/wp-json\/wp\/v2\/comments?post=6803"}],"version-history":[{"count":0,"href":"https:\/\/www.maderasmenur.com\/it\/wp-json\/wp\/v2\/posts\/6803\/revisions"}],"wp:featuredmedia":[{"embeddable":true,"href":"https:\/\/www.maderasmenur.com\/it\/wp-json\/wp\/v2\/media\/15454"}],"wp:attachment":[{"href":"https:\/\/www.maderasmenur.com\/it\/wp-json\/wp\/v2\/media?parent=6803"}],"wp:term":[{"taxonomy":"category","embeddable":true,"href":"https:\/\/www.maderasmenur.com\/it\/wp-json\/wp\/v2\/categories?post=6803"},{"taxonomy":"post_tag","embeddable":true,"href":"https:\/\/www.maderasmenur.com\/it\/wp-json\/wp\/v2\/tags?post=6803"}],"curies":[{"name":"wp","href":"https:\/\/api.w.org\/{rel}","templated":true}]}}