{"id":6806,"date":"2017-03-21T17:24:02","date_gmt":"2017-03-21T16:24:02","guid":{"rendered":"https:\/\/www.maderasmenur.com\/?p=6806\/"},"modified":"2019-12-11T15:26:24","modified_gmt":"2019-12-11T14:26:24","slug":"modulo-casa-granja-madera-laminada-austria","status":"publish","type":"post","link":"https:\/\/www.maderasmenur.com\/it\/modulo-casa-granja-madera-laminada-austria\/","title":{"rendered":"Modulo de casa-granja en madera laminada"},"content":{"rendered":"<div class=\"afd-main-content afd-main-content--left\">\n<article id=\"single-content\" class=\"afd-post-content\">\n<p class=\"p1\">En Abtenau, Austria cerca de Salzburgo un cliente privado adquiri\u00f3 una granja y con la colaboraci\u00f3n de un equipo de expertos en arquitectura en madera laminada tomaron el desaf\u00edo de encontrar una soluci\u00f3n apropiada para revitalizar esta granja con el firme compromiso de nutrirse de materiales tradicionales utilizados en este paraje alpino.<\/p>\n<p class=\"p1\">Debido al deterioro de la estructura existente, se tomo la decisi\u00f3n de construir un nuevo m\u00f3dulo, una nueva vivienda de vacaciones caracterizada por un s\u00f3lido plinto de piedra, con una estructura de madera y una cubierta seccionada.<\/p>\n<p class=\"p1\"><a href=\"http:\/\/www.laminur.com\/wp-content\/uploads\/2017\/03\/modulo-casa-granja-0.jpg\"><img loading=\"lazy\" decoding=\"async\" class=\"aligncenter size-large wp-image-3791\" src=\"http:\/\/www.laminur.com\/wp-content\/uploads\/2017\/03\/modulo-casa-granja-0-1030x773.jpg\" alt=\"\" width=\"1030\" height=\"773\" \/><\/a> <a href=\"http:\/\/www.laminur.com\/wp-content\/uploads\/2017\/03\/modulo-casa-granja-1.jpg\"><img loading=\"lazy\" decoding=\"async\" class=\"aligncenter size-large wp-image-3792\" src=\"http:\/\/www.laminur.com\/wp-content\/uploads\/2017\/03\/modulo-casa-granja-1-1030x773.jpg\" alt=\"\" width=\"1030\" height=\"773\" \/><\/a> <a href=\"http:\/\/www.laminur.com\/wp-content\/uploads\/2017\/03\/modulo-casa-granja-2.jpg\"><img loading=\"lazy\" decoding=\"async\" class=\"aligncenter size-large wp-image-3793\" src=\"http:\/\/www.laminur.com\/wp-content\/uploads\/2017\/03\/modulo-casa-granja-2-1030x773.jpg\" alt=\"\" width=\"1030\" height=\"773\" \/><\/a><\/p>\n<p class=\"p3\">Este m\u00f3dulo de casa-granja consta de una estructura de tres pisos distribuida en dos plantas. Los espacios de la vivienda incluyen\u00a0una zona de bienestar y una bodega de vinos. Como se puede apreciar en la construcci\u00f3n, la madera laminada y los enormes ventanales posibilitan que sus usuarios disfruten de adem\u00e1s de unas vistas espectaculares del paisaje alpino local de Salzburgo, un ambiente interior c\u00f3modo y acogedor con los continuos y brillantes revestimientos interiores, de tableros de madera laminada<\/p>\n<p class=\"p3\">El uso de la madera como material natural en las \u00e1reas alpinas es indiscutible. El tratamiento especial en\u00a0los paneles de madera, que se carbonizaron en la capa superior, lugo sirvieron para fijarlos en la fachada y en la cubierta del nuevo edificio como homenaje a las fachadas de las antiguas granjas.<\/p>\n<p class=\"p3\"><a href=\"http:\/\/www.laminur.com\/wp-content\/uploads\/2017\/03\/modulo-casa-granja-4.jpg\"><img loading=\"lazy\" decoding=\"async\" class=\"aligncenter size-large wp-image-3794\" src=\"http:\/\/www.laminur.com\/wp-content\/uploads\/2017\/03\/modulo-casa-granja-4-1030x773.jpg\" alt=\"\" width=\"1030\" height=\"773\" \/><\/a> <a href=\"http:\/\/www.laminur.com\/wp-content\/uploads\/2017\/03\/modulo-casa-granja-5.jpg\"><img loading=\"lazy\" decoding=\"async\" class=\"aligncenter wp-image-3795\" src=\"http:\/\/www.laminur.com\/wp-content\/uploads\/2017\/03\/modulo-casa-granja-5.jpg\" alt=\"\" width=\"856\" height=\"1283\" \/><\/a> <a href=\"http:\/\/www.laminur.com\/wp-content\/uploads\/2017\/03\/modulo-casa-granja-6.jpg\"><img loading=\"lazy\" decoding=\"async\" class=\"aligncenter size-large wp-image-3796\" src=\"http:\/\/www.laminur.com\/wp-content\/uploads\/2017\/03\/modulo-casa-granja-6-1030x773.jpg\" alt=\"\" width=\"1030\" height=\"773\" \/><\/a> <a href=\"http:\/\/www.laminur.com\/wp-content\/uploads\/2017\/03\/modulo-casa-granja-7.jpg\"><img loading=\"lazy\" decoding=\"async\" class=\"aligncenter size-large wp-image-3797\" src=\"http:\/\/www.laminur.com\/wp-content\/uploads\/2017\/03\/modulo-casa-granja-7-1030x687.jpg\" alt=\"\" width=\"1030\" height=\"687\" \/><\/a> <a href=\"http:\/\/www.laminur.com\/wp-content\/uploads\/2017\/03\/modulo-casa-granja-8.jpg\"><img loading=\"lazy\" decoding=\"async\" class=\"aligncenter size-large wp-image-3798\" src=\"http:\/\/www.laminur.com\/wp-content\/uploads\/2017\/03\/modulo-casa-granja-8-1030x687.jpg\" alt=\"\" width=\"1030\" height=\"687\" \/><\/a> <a href=\"http:\/\/www.laminur.com\/wp-content\/uploads\/2017\/03\/modulo-casa-granja-9.jpg\"><img loading=\"lazy\" decoding=\"async\" class=\"aligncenter wp-image-3799\" src=\"http:\/\/www.laminur.com\/wp-content\/uploads\/2017\/03\/modulo-casa-granja-9.jpg\" alt=\"\" width=\"863\" height=\"1151\" \/><\/a><\/p>\n<\/article>\n<\/div>\n","protected":false},"excerpt":{"rendered":"<p>En Abtenau, Austria cerca de Salzburgo un cliente privado adquiri\u00f3 una granja y con la colaboraci\u00f3n de un equipo de expertos en arquitectura en madera laminada tomaron el desaf\u00edo de encontrar una soluci\u00f3n apropiada para revitalizar esta granja con el firme compromiso de nutrirse de materiales tradicionales utilizados en este paraje alpino. Debido al deterioro [&hellip;]<\/p>\n","protected":false},"author":1001087,"featured_media":0,"comment_status":"closed","ping_status":"closed","sticky":false,"template":"","format":"standard","meta":{"footnotes":""},"categories":[99],"tags":[],"class_list":["post-6806","post","type-post","status-publish","format-standard","hentry","category-construcciones-en-madera"],"_links":{"self":[{"href":"https:\/\/www.maderasmenur.com\/it\/wp-json\/wp\/v2\/posts\/6806","targetHints":{"allow":["GET"]}}],"collection":[{"href":"https:\/\/www.maderasmenur.com\/it\/wp-json\/wp\/v2\/posts"}],"about":[{"href":"https:\/\/www.maderasmenur.com\/it\/wp-json\/wp\/v2\/types\/post"}],"author":[{"embeddable":true,"href":"https:\/\/www.maderasmenur.com\/it\/wp-json\/wp\/v2\/users\/1001087"}],"replies":[{"embeddable":true,"href":"https:\/\/www.maderasmenur.com\/it\/wp-json\/wp\/v2\/comments?post=6806"}],"version-history":[{"count":0,"href":"https:\/\/www.maderasmenur.com\/it\/wp-json\/wp\/v2\/posts\/6806\/revisions"}],"wp:attachment":[{"href":"https:\/\/www.maderasmenur.com\/it\/wp-json\/wp\/v2\/media?parent=6806"}],"wp:term":[{"taxonomy":"category","embeddable":true,"href":"https:\/\/www.maderasmenur.com\/it\/wp-json\/wp\/v2\/categories?post=6806"},{"taxonomy":"post_tag","embeddable":true,"href":"https:\/\/www.maderasmenur.com\/it\/wp-json\/wp\/v2\/tags?post=6806"}],"curies":[{"name":"wp","href":"https:\/\/api.w.org\/{rel}","templated":true}]}}