{"id":6813,"date":"2017-03-22T23:59:08","date_gmt":"2017-03-22T22:59:08","guid":{"rendered":"https:\/\/www.maderasmenur.com\/?p=6813\/"},"modified":"2019-12-09T10:04:11","modified_gmt":"2019-12-09T09:04:11","slug":"modulo-endesa-la-smart-city-barcelona","status":"publish","type":"post","link":"https:\/\/www.maderasmenur.com\/it\/modulo-endesa-la-smart-city-barcelona\/","title":{"rendered":"Modulo de Endesa para la Smart City de Barcelona"},"content":{"rendered":"\n<style type=\"text\/css\" data-created_by=\"avia_inline_auto\" id=\"style-css-av-k3y7lmvk-6f881e925837092c4f0b36a0099a6586\">\n#top .av-special-heading.av-k3y7lmvk-6f881e925837092c4f0b36a0099a6586{\npadding-bottom:10px;\n}\nbody .av-special-heading.av-k3y7lmvk-6f881e925837092c4f0b36a0099a6586 .av-special-heading-tag .heading-char{\nfont-size:25px;\n}\n.av-special-heading.av-k3y7lmvk-6f881e925837092c4f0b36a0099a6586 .av-subheading{\nfont-size:15px;\n}\n<\/style>\n<div  class='av-special-heading av-k3y7lmvk-6f881e925837092c4f0b36a0099a6586 av-special-heading-h1 blockquote modern-quote modern-centered  avia-builder-el-0  el_before_av_textblock  avia-builder-el-first '><h1 class='av-special-heading-tag '  itemprop=\"headline\"  >Modulo de Endesa para la Smart City de Barcelona<\/h1><div class=\"special-heading-border\"><div class=\"special-heading-inner-border\"><\/div><\/div><\/div>\n<section  class='av_textblock_section av-av_textblock-445188a952fb265869ea404d0e52fad7 '   itemscope=\"itemscope\" itemtype=\"https:\/\/schema.org\/BlogPosting\" itemprop=\"blogPost\" ><div class='avia_textblock'  itemprop=\"text\" ><p>\u00a0<\/p>\n<p>Endesa ha estrenado el edificio que ser\u00e1 el Centro de Control de su Smartcity Barcelona y laboratorio de ideas (think tank) sobre eficiencia energ\u00e9tica, ciudades inteligentes.\u00a0Se trata de un innovador edificio solar donde la madera laminada en toda la estructura es el protagonista, junto con los paneles solares.<\/p>\n<p>El pabell\u00f3n est\u00e1 instalado al final del Muelle de la Marina, su uso servir\u00e1 como Centro de Control provisional de Smartcity Barcelona, el proyecto de ciudad inteligente que la compa\u00f1\u00eda energ\u00e9tica est\u00e1 desarrollando en la ciudad y en el que se invertir\u00e1n 100 millones de euros en los pr\u00f3ximos a\u00f1os; y por otra, como edificio de exhibici\u00f3n del proyecto Smartcity Barcelona, en el que se dar\u00e1 a conocer la telegesti\u00f3n, la presencia de veh\u00edculos el\u00e9ctricos, alumbrado eficiente, monitorizaci\u00f3n e incorporaci\u00f3n a la red de energ\u00edas renovables y la utilizaci\u00f3n de materiales naturales en la esencia del edificio con la madera como protagonista del habit\u00e1culo.\u00a0Se trata de un pabell\u00f3n modular di\u00e1fano, ligero y desmontable, con una superficie construida de 154m2, son m\u00f3dulos formados por p\u00f3rticos de madera laminada y cubierta fotovoltaica, que posibilitan un consumo medio diario de unos 20kwh y una producci\u00f3n energ\u00e9tica prevista de 100 kwh.<\/p>\n<p>El edificio de madera ha sido construido en un mes, gracias al empleo de piezas producidas en formato digital, cortadas en cadena. El m\u00f3dulo global ha sido dise\u00f1ado como una casa solar<\/p>\n<h2><strong>Inteligencia distribuida<\/strong><\/h2>\n<p>El proyecto supone un ejercicio en el que un edificio es adaptado mediante el a\u00f1adido de una serie de m\u00f3dulos en su fachada. Estos m\u00f3dulos, que son vistos en secci\u00f3n como piezas triangulares, suponen optimizar el edificio con una inteligencia energ\u00e9tica y espacial. Sus dimensiones y componentes var\u00edan en funci\u00f3n de la orientaci\u00f3n e inclinaci\u00f3n del sol, de la relaci\u00f3n con el entorno y otras necesidades t\u00e9cnicas.<\/p>\n<p><strong>La forma sigue a la energ\u00eda<\/strong><\/p>\n<p>Las inclinaciones de los paneles var\u00edan en funci\u00f3n estas orientaciones principales. Las fachadas con componente sur se equipan con m\u00f3dulos preparados para que la radiaci\u00f3n solar de invierno, con inclinaciones m\u00e1ximas en torno a los 30 grados, entre al interior y se acumule calor por efecto invernadero. Y para que la radiaci\u00f3n solar de verano, con inclinaciones m\u00e1ximas en torno a los 70 grados, no entre al interior. Para este \u00faltimo caso tambi\u00e9n se dota de protecciones verticales para proteger del sol bajo de verano.<\/p>\n<p>Por lo cual en invierno las ventanas estar\u00e1n soleadas, ganamos calor; y en verano las ventanas estar\u00e1n en sombra, evitamos ganar calor. Las fachadas de componente norte son m\u00e1s cerradas, tienden a protegerse porque no reciben radiaci\u00f3n solar en invierno. Albergan las instalaciones y el ba\u00f1o, haciendo de barrera t\u00e9rmica ante la parte m\u00e1s desprotegida por el fr\u00edo.<\/p>\n<h2><strong>Madera, material solar<\/strong><\/h2>\n<p>La casa solar se construy\u00f3n con un material solar. La madera es un material vivo que crece con el sol. Es un material inagotable, producido en cultivos. Es un material blando y accesible, f\u00e1cil de trabajar, adaptar y ensamblar. Es un material c\u00e1lido, que nos proporciona un alto aislamiento t\u00e9rmico.<\/p>\n<p>Encontramos varios tipos de madera con la que se ha construido el pabell\u00f3n: la estructura y paneles principales son de kerto, se panela con conglomerados de fibras procedentes de reciclaje, abedul para acabados interiores y acacia para las tarimas exteriores.<\/p>\n<h2><strong>Fabricaci\u00f3n digital<\/strong><\/h2>\n<p>El dise\u00f1o por software ha sido realizado mediante el uso de herramientas param\u00e9tricas. Estas herramientas nos permiten regir el proyecto mediante los criterios explicados anteriormente. Pero traducidos mediante ecuaciones matem\u00e1ticas que producen y alteran la geometr\u00eda del edificio. Los par\u00e1metros que han definido la geometr\u00eda se basan en inclinaciones solares, orientaci\u00f3n y aperturas al exterior.<\/p>\n<p>El pabell\u00f3n ha sido construido en un solo mes de plazo. Esto es posible gracias a la producci\u00f3n de piezas que son definidas en formato digital y cortadas en cadena con gran rapidez, aunque sean completamente distintas entre s\u00ed. Adem\u00e1s, contamos con que la madera es un material f\u00e1cil de cortar y transportar.<\/p>\n<p>Actualmente se puede tener un dise\u00f1o digital que controla al mil\u00edmetro lo que se va a ejecutar en obra. Los encuentros entre piezas han sido resueltos mediante software, y las piezas se cortan pensando en el sistema que forman en el edificio. Con esta precisi\u00f3n, las piezas de madera llegan a obra con los rebajes para encuentros y los agujeros para recibir torniller\u00eda. Los m\u00f3dulos perimetrales de fachada son producidos y ensamblados en f\u00e1brica, por lo que en obra s\u00f3lo deben ser encajados. Aumentando a\u00fan m\u00e1s la eficiencia de la construcci\u00f3n.<\/p>\n<p>Hablamos por tanto de una arquitectura de construcci\u00f3n r\u00e1pida, basada en el ensamblaje preciso de piezas que conforman un sistema. Un sistema completamente adaptado, que lejos de una repetici\u00f3n indiferenciada, se basa en la estandarizaci\u00f3n de una l\u00f3gica, distribuida a trav\u00e9s de piezas variables.<\/p>\n<\/div><\/section>\n","protected":false},"excerpt":{"rendered":"","protected":false},"author":1001087,"featured_media":0,"comment_status":"closed","ping_status":"closed","sticky":false,"template":"","format":"standard","meta":{"footnotes":""},"categories":[99],"tags":[],"class_list":["post-6813","post","type-post","status-publish","format-standard","hentry","category-construcciones-en-madera"],"_links":{"self":[{"href":"https:\/\/www.maderasmenur.com\/it\/wp-json\/wp\/v2\/posts\/6813","targetHints":{"allow":["GET"]}}],"collection":[{"href":"https:\/\/www.maderasmenur.com\/it\/wp-json\/wp\/v2\/posts"}],"about":[{"href":"https:\/\/www.maderasmenur.com\/it\/wp-json\/wp\/v2\/types\/post"}],"author":[{"embeddable":true,"href":"https:\/\/www.maderasmenur.com\/it\/wp-json\/wp\/v2\/users\/1001087"}],"replies":[{"embeddable":true,"href":"https:\/\/www.maderasmenur.com\/it\/wp-json\/wp\/v2\/comments?post=6813"}],"version-history":[{"count":0,"href":"https:\/\/www.maderasmenur.com\/it\/wp-json\/wp\/v2\/posts\/6813\/revisions"}],"wp:attachment":[{"href":"https:\/\/www.maderasmenur.com\/it\/wp-json\/wp\/v2\/media?parent=6813"}],"wp:term":[{"taxonomy":"category","embeddable":true,"href":"https:\/\/www.maderasmenur.com\/it\/wp-json\/wp\/v2\/categories?post=6813"},{"taxonomy":"post_tag","embeddable":true,"href":"https:\/\/www.maderasmenur.com\/it\/wp-json\/wp\/v2\/tags?post=6813"}],"curies":[{"name":"wp","href":"https:\/\/api.w.org\/{rel}","templated":true}]}}