{"id":6946,"date":"2017-03-27T00:54:29","date_gmt":"2017-03-26T22:54:29","guid":{"rendered":"https:\/\/www.maderasmenur.com\/?p=6946\/"},"modified":"2019-12-10T09:44:48","modified_gmt":"2019-12-10T08:44:48","slug":"casa-piel-madera-pedralbes","status":"publish","type":"post","link":"https:\/\/www.maderasmenur.com\/it\/casa-piel-madera-pedralbes\/","title":{"rendered":"Casa con piel de madera en Pedralbes"},"content":{"rendered":"\n<style type=\"text\/css\" data-created_by=\"avia_inline_auto\" id=\"style-css-av-k3zmcitf-d0b4492d438dbd53d878edfb1bdb2cba\">\n#top .av-special-heading.av-k3zmcitf-d0b4492d438dbd53d878edfb1bdb2cba{\npadding-bottom:30px;\n}\nbody .av-special-heading.av-k3zmcitf-d0b4492d438dbd53d878edfb1bdb2cba .av-special-heading-tag .heading-char{\nfont-size:25px;\n}\n.av-special-heading.av-k3zmcitf-d0b4492d438dbd53d878edfb1bdb2cba .av-subheading{\nfont-size:15px;\n}\n<\/style>\n<div  class='av-special-heading av-k3zmcitf-d0b4492d438dbd53d878edfb1bdb2cba av-special-heading-h1 blockquote modern-quote modern-centered  avia-builder-el-0  el_before_av_textblock  avia-builder-el-first '><h1 class='av-special-heading-tag '  itemprop=\"headline\"  >Casa con piel de madera en Pedralbes<\/h1><div class=\"special-heading-border\"><div class=\"special-heading-inner-border\"><\/div><\/div><\/div>\n<section  class='av_textblock_section av-av_textblock-445188a952fb265869ea404d0e52fad7 '   itemscope=\"itemscope\" itemtype=\"https:\/\/schema.org\/BlogPosting\" itemprop=\"blogPost\" ><div class='avia_textblock'  itemprop=\"text\" ><p>Hoy queremos contemplar el trabajo que han realizado en esta vivienda unifamiliar situada en\u00a0Barcelona, en el que el contraste entre la madera y el hormig\u00f3n abujardado con grandes carpinter\u00edas sirve de\u00a0elemento integrador de la vivienda con todo el jard\u00edn y su entorno.<br \/>\nLa casa al estar pr\u00f3xima\u00a0a una calle con\u00a0mucho tr\u00e1fico, le han dado como soluci\u00f3n de aislamiento ac\u00fastico\u00a0el cubrimiento\u00a0con si se tratara de una\u00a0piel de lamas de madera a\u00a0la fachada y\u00a0mediante un muro-talud verde.<br \/>\nLa vivienda consta de planta baja, primera, segunda y s\u00f3tano con la madera como protagonista. Sin duda, la madera est\u00e1 cada vez m\u00e1s de moda que nunca ofreciendo soluciones inteligentes a las necesidades de cada entorno.<\/p>\n<p><a href=\"https:\/\/www.maderasmenur.com\/wp-content\/uploads\/casa-fachada-madera-2.jpg\"><img loading=\"lazy\" decoding=\"async\" class=\"aligncenter  wp-image-6948\" src=\"https:\/\/www.maderasmenur.com\/wp-content\/uploads\/casa-fachada-madera-2.jpg\" alt=\"\" width=\"836\" height=\"1253\" \/><\/a> <a href=\"https:\/\/www.maderasmenur.com\/wp-content\/uploads\/casa-fachada-madera-6.jpg\"><img loading=\"lazy\" decoding=\"async\" class=\"aligncenter size-full wp-image-6952\" src=\"https:\/\/www.maderasmenur.com\/wp-content\/uploads\/casa-fachada-madera-6.jpg\" alt=\"\" width=\"1500\" height=\"1000\" \/><\/a> <a href=\"https:\/\/www.maderasmenur.com\/wp-content\/uploads\/casa-fachada-madera-7.jpg\"><img loading=\"lazy\" decoding=\"async\" class=\"aligncenter size-full wp-image-6953\" src=\"https:\/\/www.maderasmenur.com\/wp-content\/uploads\/casa-fachada-madera-7.jpg\" alt=\"\" width=\"1500\" height=\"1000\" \/><\/a><\/p>\n<p><a href=\"https:\/\/www.maderasmenur.com\/wp-content\/uploads\/casa-fachada-madera-1.jpg\"><img loading=\"lazy\" decoding=\"async\" class=\"aligncenter  wp-image-6947\" src=\"https:\/\/www.maderasmenur.com\/wp-content\/uploads\/casa-fachada-madera-1.jpg\" alt=\"\" width=\"829\" height=\"1220\" \/><\/a> <a href=\"https:\/\/www.maderasmenur.com\/wp-content\/uploads\/casa-fachada-e-interior-de-madera-1.jpg\"><img loading=\"lazy\" decoding=\"async\" class=\"aligncenter size-full wp-image-6954\" src=\"https:\/\/www.maderasmenur.com\/wp-content\/uploads\/casa-fachada-e-interior-de-madera-1.jpg\" alt=\"\" width=\"1582\" height=\"980\" \/><\/a> <a href=\"https:\/\/www.maderasmenur.com\/wp-content\/uploads\/casa-fachada-madera-5.jpg\"><img loading=\"lazy\" decoding=\"async\" class=\"aligncenter size-full wp-image-6951\" src=\"https:\/\/www.maderasmenur.com\/wp-content\/uploads\/casa-fachada-madera-5.jpg\" alt=\"\" width=\"1500\" height=\"1000\" \/><\/a> <a href=\"https:\/\/www.maderasmenur.com\/wp-content\/uploads\/casa-fachada-madera-4.jpg\"><img loading=\"lazy\" decoding=\"async\" class=\"aligncenter size-full wp-image-6950\" src=\"https:\/\/www.maderasmenur.com\/wp-content\/uploads\/casa-fachada-madera-4.jpg\" alt=\"\" width=\"1000\" height=\"1000\" \/><\/a> <a href=\"https:\/\/www.maderasmenur.com\/wp-content\/uploads\/casa-fachada-madera-3.jpg\"><img loading=\"lazy\" decoding=\"async\" class=\"aligncenter size-full wp-image-6949\" src=\"https:\/\/www.maderasmenur.com\/wp-content\/uploads\/casa-fachada-madera-3.jpg\" alt=\"\" width=\"1000\" height=\"1000\" \/><\/a><\/p>\n<\/div><\/section>\n","protected":false},"excerpt":{"rendered":"","protected":false},"author":1001087,"featured_media":15547,"comment_status":"closed","ping_status":"closed","sticky":false,"template":"","format":"standard","meta":{"footnotes":""},"categories":[99],"tags":[],"class_list":["post-6946","post","type-post","status-publish","format-standard","has-post-thumbnail","hentry","category-construcciones-en-madera"],"_links":{"self":[{"href":"https:\/\/www.maderasmenur.com\/it\/wp-json\/wp\/v2\/posts\/6946","targetHints":{"allow":["GET"]}}],"collection":[{"href":"https:\/\/www.maderasmenur.com\/it\/wp-json\/wp\/v2\/posts"}],"about":[{"href":"https:\/\/www.maderasmenur.com\/it\/wp-json\/wp\/v2\/types\/post"}],"author":[{"embeddable":true,"href":"https:\/\/www.maderasmenur.com\/it\/wp-json\/wp\/v2\/users\/1001087"}],"replies":[{"embeddable":true,"href":"https:\/\/www.maderasmenur.com\/it\/wp-json\/wp\/v2\/comments?post=6946"}],"version-history":[{"count":0,"href":"https:\/\/www.maderasmenur.com\/it\/wp-json\/wp\/v2\/posts\/6946\/revisions"}],"wp:featuredmedia":[{"embeddable":true,"href":"https:\/\/www.maderasmenur.com\/it\/wp-json\/wp\/v2\/media\/15547"}],"wp:attachment":[{"href":"https:\/\/www.maderasmenur.com\/it\/wp-json\/wp\/v2\/media?parent=6946"}],"wp:term":[{"taxonomy":"category","embeddable":true,"href":"https:\/\/www.maderasmenur.com\/it\/wp-json\/wp\/v2\/categories?post=6946"},{"taxonomy":"post_tag","embeddable":true,"href":"https:\/\/www.maderasmenur.com\/it\/wp-json\/wp\/v2\/tags?post=6946"}],"curies":[{"name":"wp","href":"https:\/\/api.w.org\/{rel}","templated":true}]}}