{"id":6977,"date":"2017-03-31T21:02:41","date_gmt":"2017-03-31T19:02:41","guid":{"rendered":"https:\/\/www.maderasmenur.com\/?p=6977\/"},"modified":"2019-12-11T11:24:10","modified_gmt":"2019-12-11T10:24:10","slug":"los-bloques-pisos-proteccion-oficial-madera-llegan-espana","status":"publish","type":"post","link":"https:\/\/www.maderasmenur.com\/it\/los-bloques-pisos-proteccion-oficial-madera-llegan-espana\/","title":{"rendered":"Bloques de pisos de protecci\u00f3n oficial en madera"},"content":{"rendered":"<p>En Hondarribia (Gipuzkoa) una peregrinaci\u00f3n de arquitectos, aparejadores, ingenieros y constructores interesados en conocer las entra\u00f1as de dos bloques de viviendas construidas\u00a0exclusivamente con madera de pino. Ni un\u00a0solo ladrillo, ni hormig\u00f3n, ni\u00a0hierro. Se trata de\u00a065 pisos de protecci\u00f3n oficial construidos con una t\u00e9cnica caracter\u00edstica de los pa\u00edses n\u00f3rdicos, promovidas por el\u00a0Gobierno vascoy que est\u00e1 siendo &#8220;un referente de construcci\u00f3n sostenible&#8221;, adem\u00e1s del inmueble &#8220;m\u00e1s grande y de mayor altura hecho en madera en todo el suroeste de Europa&#8221;.<\/p>\n<p>En 14 semanas han levantado dos bloques (8.379 metros cuadrados en cuatro alturas) mediante el ensamblaje de 2.200 metros c\u00fabicos de paneles de madera contralaminada, extra\u00edda de bosques del entorno.<\/p>\n<p>Como\u00a0un mecano gigante, &#8220;la uni\u00f3n de\u00a0forjados y\u00a0tabiques prefabricados ha dado como resultado una edificaci\u00f3n con viviendas de calidad,\u00a0 con un consumo energ\u00e9tico casi nulo,\u00a0sostenibles y respetuosas con el medioambiente&#8221;, tal y como ha afirmado\u00a0Nerea Morgado, directora t\u00e9cnica de Visesa, la sociedad p\u00fablica promotora de las viviendas.<\/p>\n<p>A la obra llegan en camiones grandes tableros con &#8220;su nombre y apellido&#8221;, numerados en la f\u00e1brica para facilitar el montaje de las mismas. Las tarimas de hasta 16 metros de largo y 21 cent\u00edmetros de grosor encajan como un puzle hasta conformar la edificaci\u00f3n. &#8220;Esta t\u00e9cnica\u00a0a la vanguardia en la bioconstrucci\u00f3n, ha necesitado 180 camiones para transportar los 5.800 metros c\u00fabicos de troncos que conforman el esqueleto de las viviendas.<\/p>\n<p>La madera se ha empleado en paredes, suelos, muros de carga, techos y en la cubierta de los inmuebles. Una vez se instalan\u00a0los paneles,\u00a0se recubren con placas de yeso, sin que sean visibles dentro y fuera de los pisos,\u00a0 pero en donde sus\u00a0propietarios\u00a0notar\u00e1n los beneficios en\u00a0ahorro de energ\u00eda,\u00a0regulaci\u00f3n de la humedad o\u00a0purificaci\u00f3n del aire.<\/p>\n<p><img loading=\"lazy\" decoding=\"async\" class=\"aligncenter size-full wp-image-6261\" src=\"https:\/\/greenmaderas.com\/wp-content\/uploads\/bloques-de-pisos-de-proteccion-oficial-de-madera-3.jpg\" alt=\"\" width=\"980\" height=\"654\" \/><img loading=\"lazy\" decoding=\"async\" class=\"aligncenter size-full wp-image-6262\" src=\"https:\/\/greenmaderas.com\/wp-content\/uploads\/bloques-de-pisos-de-proteccion-oficial-de-madera.jpg\" alt=\"\" width=\"980\" height=\"583\" \/><img loading=\"lazy\" decoding=\"async\" class=\"aligncenter wp-image-6263\" src=\"https:\/\/greenmaderas.com\/wp-content\/uploads\/bloques-proteccion-oficial-de-madera-1.jpg\" alt=\"\" width=\"1012\" height=\"596\" \/><\/p>\n<p>El proceso de fabricaci\u00f3n, montaje, transporte y colocaci\u00f3n de las planchas de madera ha permitido &#8220;ganar hasta cuatro meses en la ejecuci\u00f3n de la obra&#8221;. Uno de los bloques alberga 32 viviendas de protecci\u00f3n oficial en venta y el otro, 33 en r\u00e9gimen de alquiler, de las que el Ayuntamiento recibir\u00e1 15 en compensaci\u00f3n por la cesi\u00f3n de un solar de 4.375 metros cuadrados. Inicialmente, las viviendas de dos dormitorios ten\u00edan un precio de 129.764 euros, y de 164.355 euros las de tres habitaciones.<\/p>\n<p>La experiencia pionera forma parte de un proyecto denominado &#8220;Viviendas de madera&#8221; que trata de comparar los sistemas constructivos avanzados con este material y en el que tambi\u00e9n participa una empresa de Canad\u00e1. Por otro lado este tipo de instalaciones permite evaluar el coste de la obra con m\u00e1s exactitud, reduciendo los tiempos de obra, la mejora en el control de la calidad de los materiales, minimizando los riesgos laborales y reduciendo claramente\u00a0las emisiones de CO2 durante la explotaci\u00f3n, construcci\u00f3n y vida \u00fatil del edificio.<\/p>\n","protected":false},"excerpt":{"rendered":"<p>En Hondarribia (Gipuzkoa) una peregrinaci\u00f3n de arquitectos, aparejadores, ingenieros y constructores interesados en conocer las entra\u00f1as de dos bloques de viviendas construidas\u00a0exclusivamente con madera de pino. Ni un\u00a0solo ladrillo, ni hormig\u00f3n, ni\u00a0hierro. Se trata de\u00a065 pisos de protecci\u00f3n oficial construidos con una t\u00e9cnica caracter\u00edstica de los pa\u00edses n\u00f3rdicos, promovidas por el\u00a0Gobierno vascoy que est\u00e1 siendo [&hellip;]<\/p>\n","protected":false},"author":1001087,"featured_media":0,"comment_status":"closed","ping_status":"closed","sticky":false,"template":"","format":"standard","meta":{"footnotes":""},"categories":[99],"tags":[],"class_list":["post-6977","post","type-post","status-publish","format-standard","hentry","category-construcciones-en-madera"],"_links":{"self":[{"href":"https:\/\/www.maderasmenur.com\/it\/wp-json\/wp\/v2\/posts\/6977","targetHints":{"allow":["GET"]}}],"collection":[{"href":"https:\/\/www.maderasmenur.com\/it\/wp-json\/wp\/v2\/posts"}],"about":[{"href":"https:\/\/www.maderasmenur.com\/it\/wp-json\/wp\/v2\/types\/post"}],"author":[{"embeddable":true,"href":"https:\/\/www.maderasmenur.com\/it\/wp-json\/wp\/v2\/users\/1001087"}],"replies":[{"embeddable":true,"href":"https:\/\/www.maderasmenur.com\/it\/wp-json\/wp\/v2\/comments?post=6977"}],"version-history":[{"count":0,"href":"https:\/\/www.maderasmenur.com\/it\/wp-json\/wp\/v2\/posts\/6977\/revisions"}],"wp:attachment":[{"href":"https:\/\/www.maderasmenur.com\/it\/wp-json\/wp\/v2\/media?parent=6977"}],"wp:term":[{"taxonomy":"category","embeddable":true,"href":"https:\/\/www.maderasmenur.com\/it\/wp-json\/wp\/v2\/categories?post=6977"},{"taxonomy":"post_tag","embeddable":true,"href":"https:\/\/www.maderasmenur.com\/it\/wp-json\/wp\/v2\/tags?post=6977"}],"curies":[{"name":"wp","href":"https:\/\/api.w.org\/{rel}","templated":true}]}}