{"id":6993,"date":"2017-04-06T23:25:47","date_gmt":"2017-04-06T21:25:47","guid":{"rendered":"https:\/\/www.maderasmenur.com\/?p=6993\/"},"modified":"2019-12-10T10:27:04","modified_gmt":"2019-12-10T09:27:04","slug":"centro-escolar-tendon-francia-hecha-madera","status":"publish","type":"post","link":"https:\/\/www.maderasmenur.com\/it\/centro-escolar-tendon-francia-hecha-madera\/","title":{"rendered":"Centro escolar en Tendon, Francia hecha en madera"},"content":{"rendered":"\n<style type=\"text\/css\" data-created_by=\"avia_inline_auto\" id=\"style-css-av-k3znufnu-5985d227e99de236904f3a50655bb639\">\n#top .av-special-heading.av-k3znufnu-5985d227e99de236904f3a50655bb639{\npadding-bottom:30px;\n}\nbody .av-special-heading.av-k3znufnu-5985d227e99de236904f3a50655bb639 .av-special-heading-tag .heading-char{\nfont-size:25px;\n}\n.av-special-heading.av-k3znufnu-5985d227e99de236904f3a50655bb639 .av-subheading{\nfont-size:15px;\n}\n<\/style>\n<div  class='av-special-heading av-k3znufnu-5985d227e99de236904f3a50655bb639 av-special-heading-h1 blockquote modern-quote modern-centered  avia-builder-el-0  el_before_av_textblock  avia-builder-el-first '><h1 class='av-special-heading-tag '  itemprop=\"headline\"  >Centro escolar en Tendon, Francia hecha en madera<\/h1><div class=\"special-heading-border\"><div class=\"special-heading-inner-border\"><\/div><\/div><\/div>\n<section  class='av_textblock_section av-av_textblock-445188a952fb265869ea404d0e52fad7 '   itemscope=\"itemscope\" itemtype=\"https:\/\/schema.org\/BlogPosting\" itemprop=\"blogPost\" ><div class='avia_textblock'  itemprop=\"text\" ><p>El edificio de la nueva escuela en la ciudad de Tendon en la regi\u00f3n francesa de los Vosges es innovador en m\u00e1s de un sentido: con madera de haya, madera corta y el desarrollo de un sistema constructivo de vigas y cajones con aislamiento de paja,\u00a0 se ha conseguido este\u00a0 proyecto experimental para esta escuela que ante todo destaca por ser un espacio especialmente acogedor.<\/p>\n<p>La escuela\u00a0ha sido bautizada por sus alumnos como \u00a8la colmena\u00a8 y su edificaci\u00f3n\u00a0se caracteriza por el aprovechamiento de la madera de haya, dando como\u00a0resultado un ambiente agradable y acogedor de gran confort ac\u00fastico que se integra con su geometr\u00eda in\u00e9dita en el centro del n\u00facleo urbano.<\/p>\n<p>El proyecto ha sido una iniciativa del Ayuntamiento de Tend\u00f3n (Francia) con el objeto de\u00a0valorizar sus bosques en los nuevos proyectos de arquitectura. Haha Architecture quien ha desarrollado y realizado todo el proyecto\u00a0destaca &#8220;que se ha tenido muy en cuenta\u00a0las necesidades de los usuarios, el ambiente exterior y la cultura del lugar as\u00ed como los oficios tradicionales de la regi\u00f3n&#8221;.<\/p>\n<p>La madera corta proveniente de los aserraderos locales lleva a los protagonistas del proyecto a escoger un sistema constructivo de vigas encajonadas, cuyo ensamblaje se realiza mediante tornillos y clavos, adaptado a los equipos de trabajo de las empresas artesanales. Los muros encajonados y rellenos de aislamiento de paja son m\u00f3dulos prefabricados en taller, y la madera de haya aparece reflejada tanto en ellos como en la estructura aparente del resto del edificio.\u00a0Para conseguir un funcionamiento t\u00e9rmico cercano al pasivo, se ha utilizado la paja como aislamiento principal del edificio, quedando confinada en el interior de los m\u00f3dulos prefabricados.<\/p>\n<p><a href=\"https:\/\/www.laminur.com\/wp-content\/uploads\/2017\/04\/escuela-de-madera-en-tendon-francia.jpg\"><img loading=\"lazy\" decoding=\"async\" class=\"aligncenter  wp-image-3918\" src=\"https:\/\/www.laminur.com\/wp-content\/uploads\/2017\/04\/escuela-de-madera-en-tendon-francia.jpg\" alt=\"\" width=\"1372\" height=\"741\" \/><\/a><\/p>\n<p><a href=\"https:\/\/www.laminur.com\/wp-content\/uploads\/2017\/04\/escuela-de-madera-en-tendon-02.jpg\"><img loading=\"lazy\" decoding=\"async\" class=\"aligncenter wp-image-3919\" src=\"https:\/\/www.laminur.com\/wp-content\/uploads\/2017\/04\/escuela-de-madera-en-tendon-02.jpg\" alt=\"\" width=\"1283\" height=\"963\" \/><\/a><a href=\"https:\/\/www.laminur.com\/wp-content\/uploads\/2017\/04\/escuela-de-madera-en-tendon-01.jpg\"><img loading=\"lazy\" decoding=\"async\" class=\"aligncenter wp-image-3920\" src=\"https:\/\/www.laminur.com\/wp-content\/uploads\/2017\/04\/escuela-de-madera-en-tendon-01.jpg\" alt=\"\" width=\"1500\" height=\"997\" \/><\/a><\/p>\n<\/div><\/section>\n","protected":false},"excerpt":{"rendered":"","protected":false},"author":1001087,"featured_media":15568,"comment_status":"closed","ping_status":"closed","sticky":false,"template":"","format":"standard","meta":{"footnotes":""},"categories":[99],"tags":[],"class_list":["post-6993","post","type-post","status-publish","format-standard","has-post-thumbnail","hentry","category-construcciones-en-madera"],"_links":{"self":[{"href":"https:\/\/www.maderasmenur.com\/it\/wp-json\/wp\/v2\/posts\/6993","targetHints":{"allow":["GET"]}}],"collection":[{"href":"https:\/\/www.maderasmenur.com\/it\/wp-json\/wp\/v2\/posts"}],"about":[{"href":"https:\/\/www.maderasmenur.com\/it\/wp-json\/wp\/v2\/types\/post"}],"author":[{"embeddable":true,"href":"https:\/\/www.maderasmenur.com\/it\/wp-json\/wp\/v2\/users\/1001087"}],"replies":[{"embeddable":true,"href":"https:\/\/www.maderasmenur.com\/it\/wp-json\/wp\/v2\/comments?post=6993"}],"version-history":[{"count":0,"href":"https:\/\/www.maderasmenur.com\/it\/wp-json\/wp\/v2\/posts\/6993\/revisions"}],"wp:featuredmedia":[{"embeddable":true,"href":"https:\/\/www.maderasmenur.com\/it\/wp-json\/wp\/v2\/media\/15568"}],"wp:attachment":[{"href":"https:\/\/www.maderasmenur.com\/it\/wp-json\/wp\/v2\/media?parent=6993"}],"wp:term":[{"taxonomy":"category","embeddable":true,"href":"https:\/\/www.maderasmenur.com\/it\/wp-json\/wp\/v2\/categories?post=6993"},{"taxonomy":"post_tag","embeddable":true,"href":"https:\/\/www.maderasmenur.com\/it\/wp-json\/wp\/v2\/tags?post=6993"}],"curies":[{"name":"wp","href":"https:\/\/api.w.org\/{rel}","templated":true}]}}