{"id":7055,"date":"2017-05-01T23:24:45","date_gmt":"2017-05-01T21:24:45","guid":{"rendered":"https:\/\/www.maderasmenur.com\/?p=7055\/"},"modified":"2019-12-05T17:27:41","modified_gmt":"2019-12-05T16:27:41","slug":"torres-pisos-madera-moholt-noruega","status":"publish","type":"post","link":"https:\/\/www.maderasmenur.com\/it\/torres-pisos-madera-moholt-noruega\/","title":{"rendered":"Torres de pisos de madera en Moholt, Noruega."},"content":{"rendered":"<p>Las torres son parte de un plan maestro de densificaci\u00f3n para un pueblo de estudiantes en Noruega. El proyecto utiliza el sitio de un antiguo estacionamiento para crear el nuevo coraz\u00f3n de la comunidad estudiantil, con unidades de vivienda, guarder\u00eda, mercado y actividades deportivas. Todos los edificios est\u00e1n previstos en madera laminada cruz (CLT).<\/p>\n<p><a href=\"https:\/\/www.maderasmenur.com\/wp-content\/uploads\/Aerial_1_-_photo_Tomas_Bekkavik.jpg\"><img loading=\"lazy\" decoding=\"async\" class=\"wp-image-7056 aligncenter\" src=\"https:\/\/www.maderasmenur.com\/wp-content\/uploads\/Aerial_1_-_photo_Tomas_Bekkavik-300x196.jpg\" alt=\"\" width=\"651\" height=\"425\" srcset=\"https:\/\/www.maderasmenur.com\/wp-content\/uploads\/Aerial_1_-_photo_Tomas_Bekkavik-300x196.jpg 300w, https:\/\/www.maderasmenur.com\/wp-content\/uploads\/Aerial_1_-_photo_Tomas_Bekkavik-768x502.jpg 768w, https:\/\/www.maderasmenur.com\/wp-content\/uploads\/Aerial_1_-_photo_Tomas_Bekkavik-1030x673.jpg 1030w, https:\/\/www.maderasmenur.com\/wp-content\/uploads\/Aerial_1_-_photo_Tomas_Bekkavik-1500x980.jpg 1500w, https:\/\/www.maderasmenur.com\/wp-content\/uploads\/Aerial_1_-_photo_Tomas_Bekkavik-705x461.jpg 705w, https:\/\/www.maderasmenur.com\/wp-content\/uploads\/Aerial_1_-_photo_Tomas_Bekkavik-450x294.jpg 450w, https:\/\/www.maderasmenur.com\/wp-content\/uploads\/Aerial_1_-_photo_Tomas_Bekkavik-20x13.jpg 20w, https:\/\/www.maderasmenur.com\/wp-content\/uploads\/Aerial_1_-_photo_Tomas_Bekkavik.jpg 1530w\" sizes=\"auto, (max-width: 651px) 100vw, 651px\" \/><\/a><\/p>\n<p>Las cinco torres son edificios de 9 plantas con una altura de 28 metros. El s\u00f3tano y la planta baja se hacen en molde de hormig\u00f3n armado in situ. Desde el primer al\u00a0noveno piso toda la estructura se compone de elementos prefabricados de madera laminada. Los espacios para los ascensores y las escaleras tambi\u00e9n se construyen de esta madera, tanto para el interior como para el \u00a0exterior.El enfoque de la construcci\u00f3n con CLT es tomar ventaja de la superficie acabada de los elementos CLT y exponer la gran posibilidad de construcci\u00f3n con este elemento y su sistema, desarrollando un concepto que detalla honestidad y y firmeza.La prueba de fuego se llev\u00f3 a cabo a gran escala para establecer una mejor informaci\u00f3n para el dimensionamiento de fuego, la velocidad de combusti\u00f3n y capacidad de rociadores. Se utilizan placas de yeso y mortero en un cierto aislamiento de las paredes y techos para obtener estructuras de acuerdo con el fuego y las regulaciones s\u00f3lidas. Algunas de las paredes estructurales, por ejemplo el interior de las escaleras, est\u00e1n pintadas con un material anti fuego transparente que protege la madera y habilita la exposici\u00f3n de su superficie.<\/p>\n<p><a href=\"https:\/\/www.maderasmenur.com\/wp-content\/uploads\/Exterior_1_-_photo_Ivan_Brodey.jpg\"><img loading=\"lazy\" decoding=\"async\" class=\"alignnone size-medium wp-image-7057\" src=\"https:\/\/www.maderasmenur.com\/wp-content\/uploads\/Exterior_1_-_photo_Ivan_Brodey-209x300.jpg\" alt=\"\" width=\"209\" height=\"300\" srcset=\"https:\/\/www.maderasmenur.com\/wp-content\/uploads\/Exterior_1_-_photo_Ivan_Brodey-209x300.jpg 209w, https:\/\/www.maderasmenur.com\/wp-content\/uploads\/Exterior_1_-_photo_Ivan_Brodey-491x705.jpg 491w, https:\/\/www.maderasmenur.com\/wp-content\/uploads\/Exterior_1_-_photo_Ivan_Brodey-450x647.jpg 450w, https:\/\/www.maderasmenur.com\/wp-content\/uploads\/Exterior_1_-_photo_Ivan_Brodey-14x20.jpg 14w, https:\/\/www.maderasmenur.com\/wp-content\/uploads\/Exterior_1_-_photo_Ivan_Brodey.jpg 696w\" sizes=\"auto, (max-width: 209px) 100vw, 209px\" \/><\/a> <a href=\"https:\/\/www.maderasmenur.com\/wp-content\/uploads\/Exterior_2_-__photo_Ivan_Brodey.jpg\"><img loading=\"lazy\" decoding=\"async\" class=\"alignnone size-medium wp-image-7058\" src=\"https:\/\/www.maderasmenur.com\/wp-content\/uploads\/Exterior_2_-__photo_Ivan_Brodey-300x225.jpg\" alt=\"\" width=\"300\" height=\"225\" srcset=\"https:\/\/www.maderasmenur.com\/wp-content\/uploads\/Exterior_2_-__photo_Ivan_Brodey-300x225.jpg 300w, https:\/\/www.maderasmenur.com\/wp-content\/uploads\/Exterior_2_-__photo_Ivan_Brodey-768x576.jpg 768w, https:\/\/www.maderasmenur.com\/wp-content\/uploads\/Exterior_2_-__photo_Ivan_Brodey-1030x772.jpg 1030w, https:\/\/www.maderasmenur.com\/wp-content\/uploads\/Exterior_2_-__photo_Ivan_Brodey-705x528.jpg 705w, https:\/\/www.maderasmenur.com\/wp-content\/uploads\/Exterior_2_-__photo_Ivan_Brodey-450x337.jpg 450w, https:\/\/www.maderasmenur.com\/wp-content\/uploads\/Exterior_2_-__photo_Ivan_Brodey-20x15.jpg 20w, https:\/\/www.maderasmenur.com\/wp-content\/uploads\/Exterior_2_-__photo_Ivan_Brodey.jpg 1334w\" sizes=\"auto, (max-width: 300px) 100vw, 300px\" \/><\/a> <a href=\"https:\/\/www.maderasmenur.com\/wp-content\/uploads\/Exterior_4_-_photo_MDH.jpg\"><img loading=\"lazy\" decoding=\"async\" class=\"alignnone size-medium wp-image-7059\" src=\"https:\/\/www.maderasmenur.com\/wp-content\/uploads\/Exterior_4_-_photo_MDH-300x200.jpg\" alt=\"\" width=\"300\" height=\"200\" srcset=\"https:\/\/www.maderasmenur.com\/wp-content\/uploads\/Exterior_4_-_photo_MDH-300x200.jpg 300w, https:\/\/www.maderasmenur.com\/wp-content\/uploads\/Exterior_4_-_photo_MDH-768x512.jpg 768w, https:\/\/www.maderasmenur.com\/wp-content\/uploads\/Exterior_4_-_photo_MDH-1030x687.jpg 1030w, https:\/\/www.maderasmenur.com\/wp-content\/uploads\/Exterior_4_-_photo_MDH.jpg 1500w, https:\/\/www.maderasmenur.com\/wp-content\/uploads\/Exterior_4_-_photo_MDH-705x470.jpg 705w, https:\/\/www.maderasmenur.com\/wp-content\/uploads\/Exterior_4_-_photo_MDH-450x300.jpg 450w, https:\/\/www.maderasmenur.com\/wp-content\/uploads\/Exterior_4_-_photo_MDH-20x13.jpg 20w\" sizes=\"auto, (max-width: 300px) 100vw, 300px\" \/><\/a> <a href=\"https:\/\/www.maderasmenur.com\/wp-content\/uploads\/Exterior_5_-_photo_MDH.jpg\"><img loading=\"lazy\" decoding=\"async\" class=\"alignnone size-medium wp-image-7060\" src=\"https:\/\/www.maderasmenur.com\/wp-content\/uploads\/Exterior_5_-_photo_MDH-300x200.jpg\" alt=\"\" width=\"300\" height=\"200\" srcset=\"https:\/\/www.maderasmenur.com\/wp-content\/uploads\/Exterior_5_-_photo_MDH-300x200.jpg 300w, https:\/\/www.maderasmenur.com\/wp-content\/uploads\/Exterior_5_-_photo_MDH-768x512.jpg 768w, https:\/\/www.maderasmenur.com\/wp-content\/uploads\/Exterior_5_-_photo_MDH-1030x687.jpg 1030w, https:\/\/www.maderasmenur.com\/wp-content\/uploads\/Exterior_5_-_photo_MDH.jpg 1500w, https:\/\/www.maderasmenur.com\/wp-content\/uploads\/Exterior_5_-_photo_MDH-705x470.jpg 705w, https:\/\/www.maderasmenur.com\/wp-content\/uploads\/Exterior_5_-_photo_MDH-450x300.jpg 450w, https:\/\/www.maderasmenur.com\/wp-content\/uploads\/Exterior_5_-_photo_MDH-20x13.jpg 20w\" sizes=\"auto, (max-width: 300px) 100vw, 300px\" \/><\/a> <a href=\"https:\/\/www.maderasmenur.com\/wp-content\/uploads\/Moholt_Facade_1_-_photo_MDH.jpg\"><img loading=\"lazy\" decoding=\"async\" class=\"alignnone size-medium wp-image-7066\" src=\"https:\/\/www.maderasmenur.com\/wp-content\/uploads\/Moholt_Facade_1_-_photo_MDH-300x200.jpg\" alt=\"\" width=\"300\" height=\"200\" srcset=\"https:\/\/www.maderasmenur.com\/wp-content\/uploads\/Moholt_Facade_1_-_photo_MDH-300x200.jpg 300w, https:\/\/www.maderasmenur.com\/wp-content\/uploads\/Moholt_Facade_1_-_photo_MDH-768x512.jpg 768w, https:\/\/www.maderasmenur.com\/wp-content\/uploads\/Moholt_Facade_1_-_photo_MDH-1030x687.jpg 1030w, https:\/\/www.maderasmenur.com\/wp-content\/uploads\/Moholt_Facade_1_-_photo_MDH.jpg 1500w, https:\/\/www.maderasmenur.com\/wp-content\/uploads\/Moholt_Facade_1_-_photo_MDH-705x470.jpg 705w, https:\/\/www.maderasmenur.com\/wp-content\/uploads\/Moholt_Facade_1_-_photo_MDH-450x300.jpg 450w, https:\/\/www.maderasmenur.com\/wp-content\/uploads\/Moholt_Facade_1_-_photo_MDH-20x13.jpg 20w\" sizes=\"auto, (max-width: 300px) 100vw, 300px\" \/><\/a><br \/>\nEl sistema de revestimiento de fachadas de las torres est\u00e1 dise\u00f1ado para darle una caracter\u00edstica telesc\u00f3pica, que puede absorber la contracci\u00f3n de los elementos de suelo sin crear tensiones en el revestimiento. Las fachadas est\u00e1n revestidas con paneles tratados de madera de pino Kebony, un producto de madera blanda agudo, procesados con l\u00edquido a base bio medio ambiental. El revestimiento Kebony en la planta baja se trata con una protecci\u00f3n anti fuego mientras que el resto de la fachada Kebony se deja sin tratar y se desgastar\u00e1 de forma natural.<\/p>\n<p><a href=\"https:\/\/www.maderasmenur.com\/wp-content\/uploads\/Moholt_Facade_3_-_photo_MDH.jpg\"><img loading=\"lazy\" decoding=\"async\" class=\"alignnone size-medium wp-image-7068\" src=\"https:\/\/www.maderasmenur.com\/wp-content\/uploads\/Moholt_Facade_3_-_photo_MDH-300x200.jpg\" alt=\"\" width=\"300\" height=\"200\" srcset=\"https:\/\/www.maderasmenur.com\/wp-content\/uploads\/Moholt_Facade_3_-_photo_MDH-300x200.jpg 300w, https:\/\/www.maderasmenur.com\/wp-content\/uploads\/Moholt_Facade_3_-_photo_MDH-768x512.jpg 768w, https:\/\/www.maderasmenur.com\/wp-content\/uploads\/Moholt_Facade_3_-_photo_MDH-1030x687.jpg 1030w, https:\/\/www.maderasmenur.com\/wp-content\/uploads\/Moholt_Facade_3_-_photo_MDH.jpg 1500w, https:\/\/www.maderasmenur.com\/wp-content\/uploads\/Moholt_Facade_3_-_photo_MDH-705x470.jpg 705w, https:\/\/www.maderasmenur.com\/wp-content\/uploads\/Moholt_Facade_3_-_photo_MDH-450x300.jpg 450w, https:\/\/www.maderasmenur.com\/wp-content\/uploads\/Moholt_Facade_3_-_photo_MDH-20x13.jpg 20w\" sizes=\"auto, (max-width: 300px) 100vw, 300px\" \/><\/a> <a href=\"https:\/\/www.maderasmenur.com\/wp-content\/uploads\/Moholt_Facade_2_-_photo_MDH.jpg\"><img loading=\"lazy\" decoding=\"async\" class=\"alignnone size-medium wp-image-7067\" src=\"https:\/\/www.maderasmenur.com\/wp-content\/uploads\/Moholt_Facade_2_-_photo_MDH-300x225.jpg\" alt=\"\" width=\"300\" height=\"225\" srcset=\"https:\/\/www.maderasmenur.com\/wp-content\/uploads\/Moholt_Facade_2_-_photo_MDH-300x225.jpg 300w, https:\/\/www.maderasmenur.com\/wp-content\/uploads\/Moholt_Facade_2_-_photo_MDH-768x576.jpg 768w, https:\/\/www.maderasmenur.com\/wp-content\/uploads\/Moholt_Facade_2_-_photo_MDH-1030x773.jpg 1030w, https:\/\/www.maderasmenur.com\/wp-content\/uploads\/Moholt_Facade_2_-_photo_MDH-705x529.jpg 705w, https:\/\/www.maderasmenur.com\/wp-content\/uploads\/Moholt_Facade_2_-_photo_MDH-450x338.jpg 450w, https:\/\/www.maderasmenur.com\/wp-content\/uploads\/Moholt_Facade_2_-_photo_MDH-20x15.jpg 20w, https:\/\/www.maderasmenur.com\/wp-content\/uploads\/Moholt_Facade_2_-_photo_MDH.jpg 1333w\" sizes=\"auto, (max-width: 300px) 100vw, 300px\" \/><\/a><\/p>\n<p>El proyecto se construye con las normas de la casa de energ\u00eda pasiva. El uso de la CLT ha reducido los materiales de construcci\u00f3n en la producci\u00f3n de CO2 en un 57% en comparaci\u00f3n con m\u00e9todos de construcci\u00f3n tradicionales. Las estructuras se calientan y se enfr\u00edan con la energ\u00eda geot\u00e9rmica.<\/p>\n<p><em><a href=\"https:\/\/www.maderasmenur.com\/wp-content\/uploads\/Interior_1_-_photo_MDH.jpg\"><img loading=\"lazy\" decoding=\"async\" class=\"alignnone size-medium wp-image-7061\" src=\"https:\/\/www.maderasmenur.com\/wp-content\/uploads\/Interior_1_-_photo_MDH-300x200.jpg\" alt=\"\" width=\"300\" height=\"200\" srcset=\"https:\/\/www.maderasmenur.com\/wp-content\/uploads\/Interior_1_-_photo_MDH-300x200.jpg 300w, https:\/\/www.maderasmenur.com\/wp-content\/uploads\/Interior_1_-_photo_MDH-768x512.jpg 768w, https:\/\/www.maderasmenur.com\/wp-content\/uploads\/Interior_1_-_photo_MDH-1030x687.jpg 1030w, https:\/\/www.maderasmenur.com\/wp-content\/uploads\/Interior_1_-_photo_MDH.jpg 1500w, https:\/\/www.maderasmenur.com\/wp-content\/uploads\/Interior_1_-_photo_MDH-705x470.jpg 705w, https:\/\/www.maderasmenur.com\/wp-content\/uploads\/Interior_1_-_photo_MDH-450x300.jpg 450w, https:\/\/www.maderasmenur.com\/wp-content\/uploads\/Interior_1_-_photo_MDH-20x13.jpg 20w\" sizes=\"auto, (max-width: 300px) 100vw, 300px\" \/><\/a> <a href=\"https:\/\/www.maderasmenur.com\/wp-content\/uploads\/Interior_2_-_photo_MDH.jpg\"><img loading=\"lazy\" decoding=\"async\" class=\"alignnone size-medium wp-image-7062\" src=\"https:\/\/www.maderasmenur.com\/wp-content\/uploads\/Interior_2_-_photo_MDH-300x200.jpg\" alt=\"\" width=\"300\" height=\"200\" srcset=\"https:\/\/www.maderasmenur.com\/wp-content\/uploads\/Interior_2_-_photo_MDH-300x200.jpg 300w, https:\/\/www.maderasmenur.com\/wp-content\/uploads\/Interior_2_-_photo_MDH-768x512.jpg 768w, https:\/\/www.maderasmenur.com\/wp-content\/uploads\/Interior_2_-_photo_MDH-1030x687.jpg 1030w, https:\/\/www.maderasmenur.com\/wp-content\/uploads\/Interior_2_-_photo_MDH.jpg 1500w, https:\/\/www.maderasmenur.com\/wp-content\/uploads\/Interior_2_-_photo_MDH-705x470.jpg 705w, https:\/\/www.maderasmenur.com\/wp-content\/uploads\/Interior_2_-_photo_MDH-450x300.jpg 450w, https:\/\/www.maderasmenur.com\/wp-content\/uploads\/Interior_2_-_photo_MDH-20x13.jpg 20w\" sizes=\"auto, (max-width: 300px) 100vw, 300px\" \/><\/a> <a href=\"https:\/\/www.maderasmenur.com\/wp-content\/uploads\/Interior_5_-_.jpg\"><img loading=\"lazy\" decoding=\"async\" class=\"alignnone size-medium wp-image-7065\" src=\"https:\/\/www.maderasmenur.com\/wp-content\/uploads\/Interior_5_-_-300x200.jpg\" alt=\"\" width=\"300\" height=\"200\" srcset=\"https:\/\/www.maderasmenur.com\/wp-content\/uploads\/Interior_5_-_-300x200.jpg 300w, https:\/\/www.maderasmenur.com\/wp-content\/uploads\/Interior_5_-_-768x512.jpg 768w, https:\/\/www.maderasmenur.com\/wp-content\/uploads\/Interior_5_-_-1030x687.jpg 1030w, https:\/\/www.maderasmenur.com\/wp-content\/uploads\/Interior_5_-_.jpg 1500w, https:\/\/www.maderasmenur.com\/wp-content\/uploads\/Interior_5_-_-705x470.jpg 705w, https:\/\/www.maderasmenur.com\/wp-content\/uploads\/Interior_5_-_-450x300.jpg 450w, https:\/\/www.maderasmenur.com\/wp-content\/uploads\/Interior_5_-_-20x13.jpg 20w\" sizes=\"auto, (max-width: 300px) 100vw, 300px\" \/><\/a> <a href=\"https:\/\/www.maderasmenur.com\/wp-content\/uploads\/Interior_4_-_photo_Ivan_Brodey.jpg\"><img loading=\"lazy\" decoding=\"async\" class=\"alignnone size-medium wp-image-7064\" src=\"https:\/\/www.maderasmenur.com\/wp-content\/uploads\/Interior_4_-_photo_Ivan_Brodey-300x200.jpg\" alt=\"\" width=\"300\" height=\"200\" srcset=\"https:\/\/www.maderasmenur.com\/wp-content\/uploads\/Interior_4_-_photo_Ivan_Brodey-300x200.jpg 300w, https:\/\/www.maderasmenur.com\/wp-content\/uploads\/Interior_4_-_photo_Ivan_Brodey-768x512.jpg 768w, https:\/\/www.maderasmenur.com\/wp-content\/uploads\/Interior_4_-_photo_Ivan_Brodey-1030x687.jpg 1030w, https:\/\/www.maderasmenur.com\/wp-content\/uploads\/Interior_4_-_photo_Ivan_Brodey.jpg 1500w, https:\/\/www.maderasmenur.com\/wp-content\/uploads\/Interior_4_-_photo_Ivan_Brodey-705x470.jpg 705w, https:\/\/www.maderasmenur.com\/wp-content\/uploads\/Interior_4_-_photo_Ivan_Brodey-450x300.jpg 450w, https:\/\/www.maderasmenur.com\/wp-content\/uploads\/Interior_4_-_photo_Ivan_Brodey-20x13.jpg 20w\" sizes=\"auto, (max-width: 300px) 100vw, 300px\" \/><\/a><\/em><\/p>\n<p>El proyecto est\u00e1 nominado para el Premio Rohe 2017 Mies van der.<\/p>\n<p>Informaci\u00f3n recogida de http:\/\/www.plataformaarquitectura.cl\/cl\/870307\/torres-de-madera-moholt-mdh-arkitekter<\/p>\n","protected":false},"excerpt":{"rendered":"<p>Las torres son parte de un plan maestro de densificaci\u00f3n para un pueblo de estudiantes en Noruega. El proyecto utiliza el sitio de un antiguo estacionamiento para crear el nuevo coraz\u00f3n de la comunidad estudiantil, con unidades de vivienda, guarder\u00eda, mercado y actividades deportivas. Todos los edificios est\u00e1n previstos en madera laminada cruz (CLT). Las [&hellip;]<\/p>\n","protected":false},"author":1001087,"featured_media":7056,"comment_status":"closed","ping_status":"closed","sticky":false,"template":"","format":"standard","meta":{"footnotes":""},"categories":[99],"tags":[],"class_list":["post-7055","post","type-post","status-publish","format-standard","has-post-thumbnail","hentry","category-construcciones-en-madera"],"_links":{"self":[{"href":"https:\/\/www.maderasmenur.com\/it\/wp-json\/wp\/v2\/posts\/7055","targetHints":{"allow":["GET"]}}],"collection":[{"href":"https:\/\/www.maderasmenur.com\/it\/wp-json\/wp\/v2\/posts"}],"about":[{"href":"https:\/\/www.maderasmenur.com\/it\/wp-json\/wp\/v2\/types\/post"}],"author":[{"embeddable":true,"href":"https:\/\/www.maderasmenur.com\/it\/wp-json\/wp\/v2\/users\/1001087"}],"replies":[{"embeddable":true,"href":"https:\/\/www.maderasmenur.com\/it\/wp-json\/wp\/v2\/comments?post=7055"}],"version-history":[{"count":0,"href":"https:\/\/www.maderasmenur.com\/it\/wp-json\/wp\/v2\/posts\/7055\/revisions"}],"wp:featuredmedia":[{"embeddable":true,"href":"https:\/\/www.maderasmenur.com\/it\/wp-json\/wp\/v2\/media\/7056"}],"wp:attachment":[{"href":"https:\/\/www.maderasmenur.com\/it\/wp-json\/wp\/v2\/media?parent=7055"}],"wp:term":[{"taxonomy":"category","embeddable":true,"href":"https:\/\/www.maderasmenur.com\/it\/wp-json\/wp\/v2\/categories?post=7055"},{"taxonomy":"post_tag","embeddable":true,"href":"https:\/\/www.maderasmenur.com\/it\/wp-json\/wp\/v2\/tags?post=7055"}],"curies":[{"name":"wp","href":"https:\/\/api.w.org\/{rel}","templated":true}]}}