{"id":7087,"date":"2017-05-15T23:34:50","date_gmt":"2017-05-15T21:34:50","guid":{"rendered":"https:\/\/www.maderasmenur.com\/?p=7087\/"},"modified":"2019-12-11T13:10:10","modified_gmt":"2019-12-11T12:10:10","slug":"olberholz-refugio-montana-madera-2-0-los-dolomitas","status":"publish","type":"post","link":"https:\/\/www.maderasmenur.com\/it\/olberholz-refugio-montana-madera-2-0-los-dolomitas\/","title":{"rendered":"El refugio de monta\u00f1a en madera 2.0 en Olberholz"},"content":{"rendered":"<div class=\"foto\"><span style=\"font-size: inherit;\">Hoy descubrimos un refugio de monta\u00f1a suspendido en los Dolomitas que merece por s\u00ed mismo una vista. Se trata de lo que podr\u00eda ser el refugio de monta\u00f1a 2.0. El bar-restaurante Olberholz, de arquitectura moderna, con vistas 360 grados y una comida local no dejar\u00e1 indiferente a nadie.<\/span><\/div>\n<div><\/div>\n<div><img loading=\"lazy\" decoding=\"async\" class=\"aligncenter\" src=\"https:\/\/e00-expansion.uecdn.es\/assets\/multimedia\/imagenes\/2017\/03\/03\/14885426899262.jpg\" alt=\"El refugio de monta\u00f1a en madera 2.0\" width=\"990\" height=\"558\" \/><\/div>\n<div><\/div>\n<div class=\"foto\"><span style=\"font-size: inherit;\">Hoy nos centramos en su arquitectura moderna y su integraci\u00f3n en el paisaje al fundirse en este refugio de monta\u00f1a Olberholz, en plenos montes Dolomitas. Su estructura emerge del suelo, ya que su planta inferior nace el seno de la monta\u00f1a. Lo m\u00e1s llamativo es el dise\u00f1o de su planta principal al colgar de la colina. El suelo comienza a <\/span><em style=\"font-size: inherit;\">flotar <\/em><span style=\"font-size: inherit;\">y se divide en los tres brazos que quedan suspendidos.<\/span><\/div>\n<div><\/div>\n<div><img loading=\"lazy\" decoding=\"async\" class=\"aligncenter\" src=\"https:\/\/e00-expansion.uecdn.es\/assets\/multimedia\/imagenes\/2017\/03\/03\/14885426872305.jpg\" alt=\"El refugio de monta\u00f1a en madera 2.0\" width=\"674\" height=\"392\" \/><\/div>\n<div class=\"col col-8\">\n<div id=\"tamano\" class=\"tamano\">\n<p>La planta s\u00f3tano se reserva para los ba\u00f1os principales, la sala de personal y las instalaciones t\u00e9cnicas. Rodeando el edificio se ha instalado una terraza exterior de la que disfrutar de las vistas a dos mil metros de altitud.<\/p>\n<p><span style=\"font-size: inherit;\">Tanto el exterior como el interior del edificio est\u00e1n hechos con maderas locales.El estilo vanguardista del edificio no abandona la esencia del refugio de monta\u00f1a, muy presente en estos montes italianos. Los techos inclinados t\u00edpicos se mantienen, as\u00ed como el uso de la madera como materia prima. El roble y la p\u00edcea, materiales de la zona, revisten y decoran el interior del local, que se inauguraba a finales del 2016. Peque\u00f1as mesas est\u00e1n dispuestas para descansar con una bebida mientras se disfrutan de las vistas que los grandes ventanales de los brazos brindan. Cada <\/span><em style=\"font-size: inherit;\">ra\u00edz <\/em><span style=\"font-size: inherit;\">mira hacia un lado, permitiendo disfrutar de los 360 grados del paisaje<\/span><strong style=\"font-size: inherit;\">.<\/strong><\/p>\n<p>En su interior, la geometr\u00eda org\u00e1nica se mantiene dentro del edificio tambi\u00e9n. Por el techo interno del refugio la madera cobra vida al retocerse sobre si misma. Las paredes se transforman en espacios con cientos de recobecos\u00a0 <strong>espacios \u00edntimos en los que descansar <\/strong>de la jornada. Esqu\u00edes y platos se mezclan en la zona interna del local. En el restaurante se pueden disfrutar delicias t\u00edpicas de la zona como el <strong>Carpaccio con tomate, burrata y pesto <\/strong>o Sopa de cebada tirolesa como entrantes o postres como <strong>Kaiserschmarrn caramelizado<\/strong> (tortilla frita rebanada) con compota de manzana del Tirol del Sur y mermelada casera de ar\u00e1ndano. El precio medio de su <em>ticket<\/em> es de 40 euros.<\/p>\n<p>El refugio se encuentra situado <strong>en la parte inferior del Latemar,<\/strong> <strong>Patrimonio de la Humanidad por la UNESCO<\/strong>, en medio de la pista de esqu\u00ed de Obereggen, el mayor <em>resort <\/em>de esqu\u00ed del mundo. Esta zona es muy popular tanto entre los esquiadores como en los amantes del senderismo. <strong>Glaciares, sistemas k\u00e1rsticos y picos de hasta 3.000 metros <\/strong>de altura hicieron que LeCorbusier bautizara a esta zona de los Alpes como &#8220;la m\u00e1s bella obra arquitect\u00f3nica del mundo&#8221;.<\/p>\n<\/div>\n<p><img loading=\"lazy\" decoding=\"async\" class=\"aligncenter\" src=\"https:\/\/e00-expansion.uecdn.es\/assets\/multimedia\/imagenes\/2017\/03\/03\/14885426791606.jpg\" alt=\"El refugio de monta\u00f1a en madera 2.0\" width=\"674\" height=\"631\" \/><\/p>\n<p><span style=\"font-size: inherit;\">Destacan los grandes ventanales permiten disfrutar de la vista desde el interior del refugio. <\/span><span style=\"font-size: inherit;\">El refugio no deja de tener la forma tradicional de un refugio de monta\u00f1a, con su techo inclinado y su revestimiento en madera.<\/span><\/p>\n<div id=\"tamano\" class=\"tamano\">\n<div class=\"sumario col-8 izquierda\">\n<p><img loading=\"lazy\" decoding=\"async\" class=\"aligncenter\" src=\"https:\/\/e00-expansion.uecdn.es\/assets\/multimedia\/imagenes\/2017\/03\/03\/14885426818363.jpg\" alt=\"El refugio de monta\u00f1a en madera 2.0\" width=\"674\" height=\"381\" \/><\/p>\n<div class=\"foto\">\n<p><span style=\"font-size: inherit;\">El proyecto ha sido llevado a cabo por el arquitecto Peter Pichler, quien ha mezclado la arquitectura tradicional de los refugios de monta\u00f1a con un estilo vanguardista y en simbiosis con el paisaje de monta\u00f1a.<\/span><\/p>\n<\/div>\n<p><img loading=\"lazy\" decoding=\"async\" class=\"aligncenter\" src=\"https:\/\/e00-expansion.uecdn.es\/assets\/multimedia\/imagenes\/2017\/03\/03\/14885427076500.jpg\" alt=\"El refugio de monta\u00f1a en madera 2.0\" width=\"674\" height=\"421\" \/><\/p>\n<div class=\"foto\">\n<p><span style=\"font-size: inherit;\">En uno de los laterales del edificio existe una terraza al aire libre. <\/span><span style=\"font-size: inherit;\">El refugio es un lugar id\u00f3neo tanto en temporada de sky como el resto del a\u00f1o por sus rutas senderistas. <\/span><span style=\"font-size: inherit;\">El techo est\u00e1 revestido de madera, la cual toma formas naturales, como si fuese el ramaje de un \u00e1rbol.<\/span><\/p>\n<\/div>\n<p><img loading=\"lazy\" decoding=\"async\" class=\"aligncenter\" src=\"https:\/\/e00-expansion.uecdn.es\/assets\/multimedia\/imagenes\/2017\/03\/03\/14885426847682.jpg\" alt=\"El refugio de monta\u00f1a en madera 2.0\" width=\"674\" height=\"479\" \/><\/p>\n<div class=\"foto\">\n<p><span style=\"font-size: inherit;\">La estructura del edificio se divide en tres brazos enfocado cada uno de ellos a una monta\u00f1a. <\/span><span style=\"font-size: inherit;\">El refugio se ha emplazado sobre una peque\u00f1a colina de la que quedan suspendidos los tres brazos en los que se desdobla el edificio.<\/span><\/p>\n<\/div>\n<\/div>\n<div class=\"sumario col-8 izquierda\">\n<h6>Informaci\u00f3n recogida en http:\/\/www.expansion.com\/fueradeserie\/viajes\/2017\/05\/12\/58b954cc22601d34328b4588.html<\/h6>\n<\/div>\n<\/div>\n<\/div>\n","protected":false},"excerpt":{"rendered":"<p>Hoy descubrimos un refugio de monta\u00f1a suspendido en los Dolomitas que merece por s\u00ed mismo una vista. Se trata de lo que podr\u00eda ser el refugio de monta\u00f1a 2.0. El bar-restaurante Olberholz, de arquitectura moderna, con vistas 360 grados y una comida local no dejar\u00e1 indiferente a nadie. Hoy nos centramos en su arquitectura moderna [&hellip;]<\/p>\n","protected":false},"author":1001087,"featured_media":0,"comment_status":"closed","ping_status":"closed","sticky":false,"template":"","format":"standard","meta":{"footnotes":""},"categories":[99,19],"tags":[],"class_list":["post-7087","post","type-post","status-publish","format-standard","hentry","category-construcciones-en-madera","category-noticias"],"_links":{"self":[{"href":"https:\/\/www.maderasmenur.com\/it\/wp-json\/wp\/v2\/posts\/7087","targetHints":{"allow":["GET"]}}],"collection":[{"href":"https:\/\/www.maderasmenur.com\/it\/wp-json\/wp\/v2\/posts"}],"about":[{"href":"https:\/\/www.maderasmenur.com\/it\/wp-json\/wp\/v2\/types\/post"}],"author":[{"embeddable":true,"href":"https:\/\/www.maderasmenur.com\/it\/wp-json\/wp\/v2\/users\/1001087"}],"replies":[{"embeddable":true,"href":"https:\/\/www.maderasmenur.com\/it\/wp-json\/wp\/v2\/comments?post=7087"}],"version-history":[{"count":0,"href":"https:\/\/www.maderasmenur.com\/it\/wp-json\/wp\/v2\/posts\/7087\/revisions"}],"wp:attachment":[{"href":"https:\/\/www.maderasmenur.com\/it\/wp-json\/wp\/v2\/media?parent=7087"}],"wp:term":[{"taxonomy":"category","embeddable":true,"href":"https:\/\/www.maderasmenur.com\/it\/wp-json\/wp\/v2\/categories?post=7087"},{"taxonomy":"post_tag","embeddable":true,"href":"https:\/\/www.maderasmenur.com\/it\/wp-json\/wp\/v2\/tags?post=7087"}],"curies":[{"name":"wp","href":"https:\/\/api.w.org\/{rel}","templated":true}]}}