{"id":7102,"date":"2017-06-01T23:26:11","date_gmt":"2017-06-01T21:26:11","guid":{"rendered":"https:\/\/www.maderasmenur.com\/?p=7102\/"},"modified":"2019-12-11T11:18:09","modified_gmt":"2019-12-11T10:18:09","slug":"la-pergola-arbol-soluciones-maderas-menur","status":"publish","type":"post","link":"https:\/\/www.maderasmenur.com\/it\/la-pergola-arbol-soluciones-maderas-menur\/","title":{"rendered":"La p\u00e9rgola y el \u00e1rbol: soluciones Maderas Menur."},"content":{"rendered":"<p>Hoy os dejamos con uno de nuestros \u00faltimos trabajos, en cuanto a p\u00e9rgolas se refiere, se trata de una p\u00e9rgola en madera laminada, a un agua, en el que lo m\u00e1s destacable es como se integrado la misma en el \u00e1rbol (pino) para que no afecte ni al mismo, ni al propio espacio de sombra generado con esta zona dedicada al disfrute y al descanso.<\/p>\n<p>Soluciones Maderas Menur.<\/p>\n<p><a href=\"https:\/\/www.maderasmenur.com\/wp-content\/uploads\/IMG-20170530-WA0020.jpg\"><img loading=\"lazy\" decoding=\"async\" class=\"alignnone size-medium wp-image-7103\" src=\"https:\/\/www.maderasmenur.com\/wp-content\/uploads\/IMG-20170530-WA0020-300x225.jpg\" alt=\"\" width=\"300\" height=\"225\" srcset=\"https:\/\/www.maderasmenur.com\/wp-content\/uploads\/IMG-20170530-WA0020-300x225.jpg 300w, https:\/\/www.maderasmenur.com\/wp-content\/uploads\/IMG-20170530-WA0020-768x576.jpg 768w, https:\/\/www.maderasmenur.com\/wp-content\/uploads\/IMG-20170530-WA0020-1030x773.jpg 1030w, https:\/\/www.maderasmenur.com\/wp-content\/uploads\/IMG-20170530-WA0020-1500x1125.jpg 1500w, https:\/\/www.maderasmenur.com\/wp-content\/uploads\/IMG-20170530-WA0020-705x529.jpg 705w, https:\/\/www.maderasmenur.com\/wp-content\/uploads\/IMG-20170530-WA0020-450x338.jpg 450w, https:\/\/www.maderasmenur.com\/wp-content\/uploads\/IMG-20170530-WA0020-20x15.jpg 20w, https:\/\/www.maderasmenur.com\/wp-content\/uploads\/IMG-20170530-WA0020.jpg 1600w\" sizes=\"auto, (max-width: 300px) 100vw, 300px\" \/><\/a> <a href=\"https:\/\/www.maderasmenur.com\/wp-content\/uploads\/IMG-20170530-WA0022.jpg\"><img loading=\"lazy\" decoding=\"async\" class=\"alignnone size-medium wp-image-7104\" src=\"https:\/\/www.maderasmenur.com\/wp-content\/uploads\/IMG-20170530-WA0022-300x225.jpg\" alt=\"\" width=\"300\" height=\"225\" srcset=\"https:\/\/www.maderasmenur.com\/wp-content\/uploads\/IMG-20170530-WA0022-300x225.jpg 300w, https:\/\/www.maderasmenur.com\/wp-content\/uploads\/IMG-20170530-WA0022-768x576.jpg 768w, https:\/\/www.maderasmenur.com\/wp-content\/uploads\/IMG-20170530-WA0022-1030x773.jpg 1030w, https:\/\/www.maderasmenur.com\/wp-content\/uploads\/IMG-20170530-WA0022-1500x1125.jpg 1500w, https:\/\/www.maderasmenur.com\/wp-content\/uploads\/IMG-20170530-WA0022-705x529.jpg 705w, https:\/\/www.maderasmenur.com\/wp-content\/uploads\/IMG-20170530-WA0022-450x338.jpg 450w, https:\/\/www.maderasmenur.com\/wp-content\/uploads\/IMG-20170530-WA0022-20x15.jpg 20w, https:\/\/www.maderasmenur.com\/wp-content\/uploads\/IMG-20170530-WA0022.jpg 1600w\" sizes=\"auto, (max-width: 300px) 100vw, 300px\" \/><\/a> <a href=\"https:\/\/www.maderasmenur.com\/wp-content\/uploads\/IMG-20170530-WA0023.jpg\"><img loading=\"lazy\" decoding=\"async\" class=\"alignnone size-medium wp-image-7105\" src=\"https:\/\/www.maderasmenur.com\/wp-content\/uploads\/IMG-20170530-WA0023-300x225.jpg\" alt=\"\" width=\"300\" height=\"225\" srcset=\"https:\/\/www.maderasmenur.com\/wp-content\/uploads\/IMG-20170530-WA0023-300x225.jpg 300w, https:\/\/www.maderasmenur.com\/wp-content\/uploads\/IMG-20170530-WA0023-768x576.jpg 768w, https:\/\/www.maderasmenur.com\/wp-content\/uploads\/IMG-20170530-WA0023-1030x773.jpg 1030w, https:\/\/www.maderasmenur.com\/wp-content\/uploads\/IMG-20170530-WA0023-1500x1125.jpg 1500w, https:\/\/www.maderasmenur.com\/wp-content\/uploads\/IMG-20170530-WA0023-705x529.jpg 705w, https:\/\/www.maderasmenur.com\/wp-content\/uploads\/IMG-20170530-WA0023-450x338.jpg 450w, https:\/\/www.maderasmenur.com\/wp-content\/uploads\/IMG-20170530-WA0023-20x15.jpg 20w, https:\/\/www.maderasmenur.com\/wp-content\/uploads\/IMG-20170530-WA0023.jpg 1600w\" sizes=\"auto, (max-width: 300px) 100vw, 300px\" \/><\/a> <a href=\"https:\/\/www.maderasmenur.com\/wp-content\/uploads\/IMG-20170530-WA0024.jpg\"><img loading=\"lazy\" decoding=\"async\" class=\"alignnone size-medium wp-image-7106\" src=\"https:\/\/www.maderasmenur.com\/wp-content\/uploads\/IMG-20170530-WA0024-300x225.jpg\" alt=\"\" width=\"300\" height=\"225\" srcset=\"https:\/\/www.maderasmenur.com\/wp-content\/uploads\/IMG-20170530-WA0024-300x225.jpg 300w, https:\/\/www.maderasmenur.com\/wp-content\/uploads\/IMG-20170530-WA0024-768x576.jpg 768w, https:\/\/www.maderasmenur.com\/wp-content\/uploads\/IMG-20170530-WA0024-1030x773.jpg 1030w, https:\/\/www.maderasmenur.com\/wp-content\/uploads\/IMG-20170530-WA0024-1500x1125.jpg 1500w, https:\/\/www.maderasmenur.com\/wp-content\/uploads\/IMG-20170530-WA0024-705x529.jpg 705w, https:\/\/www.maderasmenur.com\/wp-content\/uploads\/IMG-20170530-WA0024-450x338.jpg 450w, https:\/\/www.maderasmenur.com\/wp-content\/uploads\/IMG-20170530-WA0024-20x15.jpg 20w, https:\/\/www.maderasmenur.com\/wp-content\/uploads\/IMG-20170530-WA0024.jpg 1600w\" sizes=\"auto, (max-width: 300px) 100vw, 300px\" \/><\/a> <a href=\"https:\/\/www.maderasmenur.com\/wp-content\/uploads\/IMG-20170530-WA0028.jpg\"><img loading=\"lazy\" decoding=\"async\" class=\"alignnone size-medium wp-image-7107\" src=\"https:\/\/www.maderasmenur.com\/wp-content\/uploads\/IMG-20170530-WA0028-300x225.jpg\" alt=\"\" width=\"300\" height=\"225\" srcset=\"https:\/\/www.maderasmenur.com\/wp-content\/uploads\/IMG-20170530-WA0028-300x225.jpg 300w, https:\/\/www.maderasmenur.com\/wp-content\/uploads\/IMG-20170530-WA0028-768x576.jpg 768w, https:\/\/www.maderasmenur.com\/wp-content\/uploads\/IMG-20170530-WA0028-1030x773.jpg 1030w, https:\/\/www.maderasmenur.com\/wp-content\/uploads\/IMG-20170530-WA0028-1500x1125.jpg 1500w, https:\/\/www.maderasmenur.com\/wp-content\/uploads\/IMG-20170530-WA0028-705x529.jpg 705w, https:\/\/www.maderasmenur.com\/wp-content\/uploads\/IMG-20170530-WA0028-450x338.jpg 450w, https:\/\/www.maderasmenur.com\/wp-content\/uploads\/IMG-20170530-WA0028-20x15.jpg 20w, https:\/\/www.maderasmenur.com\/wp-content\/uploads\/IMG-20170530-WA0028.jpg 1600w\" sizes=\"auto, (max-width: 300px) 100vw, 300px\" \/><\/a><\/p>\n","protected":false},"excerpt":{"rendered":"<p>Hoy os dejamos con uno de nuestros \u00faltimos trabajos, en cuanto a p\u00e9rgolas se refiere, se trata de una p\u00e9rgola en madera laminada, a un agua, en el que lo m\u00e1s destacable es como se integrado la misma en el \u00e1rbol (pino) para que no afecte ni al mismo, ni al propio espacio de sombra [&hellip;]<\/p>\n","protected":false},"author":1001087,"featured_media":0,"comment_status":"closed","ping_status":"closed","sticky":false,"template":"","format":"standard","meta":{"footnotes":""},"categories":[99],"tags":[],"class_list":["post-7102","post","type-post","status-publish","format-standard","hentry","category-construcciones-en-madera"],"_links":{"self":[{"href":"https:\/\/www.maderasmenur.com\/it\/wp-json\/wp\/v2\/posts\/7102","targetHints":{"allow":["GET"]}}],"collection":[{"href":"https:\/\/www.maderasmenur.com\/it\/wp-json\/wp\/v2\/posts"}],"about":[{"href":"https:\/\/www.maderasmenur.com\/it\/wp-json\/wp\/v2\/types\/post"}],"author":[{"embeddable":true,"href":"https:\/\/www.maderasmenur.com\/it\/wp-json\/wp\/v2\/users\/1001087"}],"replies":[{"embeddable":true,"href":"https:\/\/www.maderasmenur.com\/it\/wp-json\/wp\/v2\/comments?post=7102"}],"version-history":[{"count":0,"href":"https:\/\/www.maderasmenur.com\/it\/wp-json\/wp\/v2\/posts\/7102\/revisions"}],"wp:attachment":[{"href":"https:\/\/www.maderasmenur.com\/it\/wp-json\/wp\/v2\/media?parent=7102"}],"wp:term":[{"taxonomy":"category","embeddable":true,"href":"https:\/\/www.maderasmenur.com\/it\/wp-json\/wp\/v2\/categories?post=7102"},{"taxonomy":"post_tag","embeddable":true,"href":"https:\/\/www.maderasmenur.com\/it\/wp-json\/wp\/v2\/tags?post=7102"}],"curies":[{"name":"wp","href":"https:\/\/api.w.org\/{rel}","templated":true}]}}