{"id":7111,"date":"2017-06-13T08:23:38","date_gmt":"2017-06-13T06:23:38","guid":{"rendered":"https:\/\/www.maderasmenur.com\/?p=7111\/"},"modified":"2019-12-11T12:00:11","modified_gmt":"2019-12-11T11:00:11","slug":"nuevos-equipamientos-las-playas-ceuta","status":"publish","type":"post","link":"https:\/\/www.maderasmenur.com\/it\/nuevos-equipamientos-las-playas-ceuta\/","title":{"rendered":"Nuevos equipamientos para las playas de Ceuta"},"content":{"rendered":"<p>Nuevos modulos integrados para las playas de Ceuta que integrar\u00e1n el trabajo de la polic\u00eda local de playas, socorristas y servicios auxiliares como el de limpieza agrupados un mismo punto desde el que coordinar\u00e1n el trabajo de toda la playa. Adem\u00e1s estos m\u00f3dulos cuentan con aseos p\u00fablicos de caballeros, se\u00f1oras y personas discapacitadas.<\/p>\n<p>Como se aprecia en la foto se trata de un espacio polivalente que adem\u00e1s cuenta con terraza superior para facilitar la vigilancia de la playa desde cada uno de los m\u00f3dulos.<\/p>\n<p>Soluciones Green Maderas Menur<\/p>\n<p><img loading=\"lazy\" decoding=\"async\" class=\"aligncenter size-full wp-image-6375\" src=\"https:\/\/greenmaderas.com\/wp-content\/uploads\/IMG-20170608-WA0053.jpg\" alt=\"\" width=\"1600\" height=\"1200\" \/> <img loading=\"lazy\" decoding=\"async\" class=\"aligncenter size-full wp-image-6376\" src=\"https:\/\/greenmaderas.com\/wp-content\/uploads\/IMG-20170608-WA0054.jpg\" alt=\"\" width=\"1600\" height=\"1200\" \/> <img loading=\"lazy\" decoding=\"async\" class=\"aligncenter size-full wp-image-6377\" src=\"https:\/\/greenmaderas.com\/wp-content\/uploads\/IMG-20170608-WA0057.jpg\" alt=\"\" width=\"1600\" height=\"1200\" \/> <img loading=\"lazy\" decoding=\"async\" class=\"aligncenter size-full wp-image-6378\" src=\"https:\/\/greenmaderas.com\/wp-content\/uploads\/IMG-20170608-WA0058.jpg\" alt=\"\" width=\"1600\" height=\"1200\" \/> <img loading=\"lazy\" decoding=\"async\" class=\"aligncenter size-full wp-image-6379\" src=\"https:\/\/greenmaderas.com\/wp-content\/uploads\/IMG-20170608-WA0052.jpg\" alt=\"\" width=\"1600\" height=\"1200\" \/><\/p>\n<div id=\"page-container\" class=\"et-fixed-header\"><\/div>\n","protected":false},"excerpt":{"rendered":"<p>Nuevos modulos integrados para las playas de Ceuta que integrar\u00e1n el trabajo de la polic\u00eda local de playas, socorristas y servicios auxiliares como el de limpieza agrupados un mismo punto desde el que coordinar\u00e1n el trabajo de toda la playa. Adem\u00e1s estos m\u00f3dulos cuentan con aseos p\u00fablicos de caballeros, se\u00f1oras y personas discapacitadas. Como se [&hellip;]<\/p>\n","protected":false},"author":1001087,"featured_media":0,"comment_status":"closed","ping_status":"closed","sticky":false,"template":"","format":"standard","meta":{"footnotes":""},"categories":[19],"tags":[],"class_list":["post-7111","post","type-post","status-publish","format-standard","hentry","category-noticias"],"_links":{"self":[{"href":"https:\/\/www.maderasmenur.com\/it\/wp-json\/wp\/v2\/posts\/7111","targetHints":{"allow":["GET"]}}],"collection":[{"href":"https:\/\/www.maderasmenur.com\/it\/wp-json\/wp\/v2\/posts"}],"about":[{"href":"https:\/\/www.maderasmenur.com\/it\/wp-json\/wp\/v2\/types\/post"}],"author":[{"embeddable":true,"href":"https:\/\/www.maderasmenur.com\/it\/wp-json\/wp\/v2\/users\/1001087"}],"replies":[{"embeddable":true,"href":"https:\/\/www.maderasmenur.com\/it\/wp-json\/wp\/v2\/comments?post=7111"}],"version-history":[{"count":0,"href":"https:\/\/www.maderasmenur.com\/it\/wp-json\/wp\/v2\/posts\/7111\/revisions"}],"wp:attachment":[{"href":"https:\/\/www.maderasmenur.com\/it\/wp-json\/wp\/v2\/media?parent=7111"}],"wp:term":[{"taxonomy":"category","embeddable":true,"href":"https:\/\/www.maderasmenur.com\/it\/wp-json\/wp\/v2\/categories?post=7111"},{"taxonomy":"post_tag","embeddable":true,"href":"https:\/\/www.maderasmenur.com\/it\/wp-json\/wp\/v2\/tags?post=7111"}],"curies":[{"name":"wp","href":"https:\/\/api.w.org\/{rel}","templated":true}]}}