{"id":7137,"date":"2017-10-16T04:26:12","date_gmt":"2017-10-16T02:26:12","guid":{"rendered":"https:\/\/www.maderasmenur.com\/?p=7137"},"modified":"2019-12-11T15:24:42","modified_gmt":"2019-12-11T14:24:42","slug":"dd16-prototipo-casa-modular-compacta","status":"publish","type":"post","link":"https:\/\/www.maderasmenur.com\/it\/dd16-prototipo-casa-modular-compacta\/","title":{"rendered":"DD16 prototipo de casa modular compacta"},"content":{"rendered":"\n<style type=\"text\/css\" data-created_by=\"avia_inline_auto\" id=\"style-css-av-k4121f0f-4cf373539043ef2edcd3f1ef0db1092f\">\n#top .av-special-heading.av-k4121f0f-4cf373539043ef2edcd3f1ef0db1092f{\npadding-bottom:30px;\n}\nbody .av-special-heading.av-k4121f0f-4cf373539043ef2edcd3f1ef0db1092f .av-special-heading-tag .heading-char{\nfont-size:25px;\n}\n.av-special-heading.av-k4121f0f-4cf373539043ef2edcd3f1ef0db1092f .av-subheading{\nfont-size:15px;\n}\n<\/style>\n<div  class='av-special-heading av-k4121f0f-4cf373539043ef2edcd3f1ef0db1092f av-special-heading-h1 blockquote modern-quote modern-centered  avia-builder-el-0  el_before_av_textblock  avia-builder-el-first '><h1 class='av-special-heading-tag '  itemprop=\"headline\"  >DD16 prototipo de casa modular compacta<\/h1><div class=\"special-heading-border\"><div class=\"special-heading-inner-border\"><\/div><\/div><\/div>\n<section  class='av_textblock_section av-39l1rl-f7ab72691b4e2770e547f64202053f02 '   itemscope=\"itemscope\" itemtype=\"https:\/\/schema.org\/BlogPosting\" itemprop=\"blogPost\" ><div class='avia_textblock'  itemprop=\"text\" ><p>&#8220;DD16&#8221; prototipo de casa modular compacta, de 25 m<sup>2<\/sup> de superficie,\u00a0 de 5,3 x 5 metros, consta de un espacio interior de 16 m<sup>2<\/sup>, con una zona di\u00e1fana que alberga el estar, el comedor, la cocina y el dormitorio, y un peque\u00f1o habit\u00e1culo cerrado donde se encuentra el ba\u00f1o, m\u00e1s una zona exterior cubierta a modo de porche. Su dise\u00f1o y caracter\u00edsticas tecnol\u00f3gicas la hacen adecuada para ser instalada en cualquier lugar, estando capacitada para hacer frente a climas extremos, e incluso para flotar. \u00a0La vivienda consta de dos m\u00f3dulos id\u00e9nticos, compuestos por una estructura de\u00a0madera laminada alveolada, dispuestos de forma sim\u00e9trica.<\/p>\n<p><img decoding=\"async\" src=\"https:\/\/www.arquitecturayempresa.es\/sites\/default\/files\/content\/arquitectura_casa_flotante_bioarchitects_estructura.jpg\" alt=\"arquitectura_casa flotante_bioarchitects_estructura\" \/><\/p>\n<p>Toda la estructura queda revestida con espuma de poliuretano proyectada. El uso de este aislamiento de alto rendimiento, que elimina todo puente t\u00e9rmico, le confiere a la vivienda una elevada eficiencia energ\u00e9tica. Otras consideraciones que colaboran en el aislamiento t\u00e9rmico es la forma sencilla de su volumetr\u00eda, a modo de caba\u00f1a tradicional, y el uso de vidrios con un revestimiento especial que aumenta su capacidad aislante.<\/p>\n<p><img decoding=\"async\" src=\"https:\/\/www.arquitecturayempresa.es\/sites\/default\/files\/content\/arquitectura_casa_flotante_bioarchitects_aislamiento2.jpg\" alt=\"arquitectura_casa flotante_bioarchitects_aislamiento2\" \/><\/p>\n<p>La envolvente est\u00e1 materializada con paneles compuestos, con un acabado de aluminio en el exterior, que permiten obtener una superficie continua, minimizando las uniones.<\/p>\n<p><img decoding=\"async\" src=\"https:\/\/www.arquitecturayempresa.es\/sites\/default\/files\/content\/arquitectura_casa_flotante_bioarchitects_detalle_fachada.jpg\" alt=\"arquitectura_casa flotante_bioarchitects_detalle fachada\" \/><\/p>\n<p><img decoding=\"async\" src=\"https:\/\/www.arquitecturayempresa.es\/sites\/default\/files\/content\/arquitectura_casa_flotante_bioarchitects_cocina.jpg\" alt=\"arquitectura_casa flotante_bioarchitects_cocina\" \/><\/p>\n<p><img decoding=\"async\" src=\"https:\/\/www.arquitecturayempresa.es\/sites\/default\/files\/content\/arquitectura_casa_flotante_bioarchitects_dormitorio.jpg\" alt=\"arquitectura_casa flotante_bioarchitects_dormitorio\" \/><\/p>\n<p><img decoding=\"async\" src=\"https:\/\/www.arquitecturayempresa.es\/sites\/default\/files\/content\/arquitectura_casa_flotante_bioarchitects_interior-exterior2.jpg\" alt=\"arquitectura_casa flotante_bioarchitects_interior-exterior2\" \/><\/p>\n<p><img decoding=\"async\" src=\"https:\/\/www.arquitecturayempresa.es\/sites\/default\/files\/content\/arquitectura_casa_flotante_bioarchitects_exterior4.jpg\" alt=\"arquitectura_casa flotante_bioarchitects_exterior4\" \/><\/p>\n<p>Con vidrio con efecto espejo desde el exterior, para mantener la privacidad de la vivienda en los inh\u00f3spitos lugares donde puede ser ubicada.<\/p>\n<p><img decoding=\"async\" src=\"https:\/\/www.arquitecturayempresa.es\/sites\/default\/files\/content\/arquitectura_casa_flotante_bioarchitects_exterior3.jpg\" alt=\"arquitectura_casa flotante_bioarchitects_exterior3\" \/><\/p>\n<p>Se trata de una vivienda muy ligera gracias a su dise\u00f1o y a los materiales utilizado<strong>s<\/strong>, lo cual permite reducir el peso habitual de estas construcciones hasta en un 40 &#8211; 50%. Se ejecuta \u00edntegramente en f\u00e1brica, y es trasladada y colocada con gr\u00faa o helic\u00f3ptero en el lugar de destino.<\/p>\n<p><img decoding=\"async\" src=\"https:\/\/www.arquitecturayempresa.es\/sites\/default\/files\/content\/arquitectura_casa_flotante_bioarchitects_transporte.jpg\" alt=\"arquitectura_casa flotante_bioarchitects_transporte\" \/><\/p>\n<p>\u00a0<\/p>\n<\/div><\/section>\n","protected":false},"excerpt":{"rendered":"","protected":false},"author":1001087,"featured_media":15670,"comment_status":"closed","ping_status":"closed","sticky":false,"template":"","format":"standard","meta":{"footnotes":""},"categories":[99],"tags":[],"class_list":["post-7137","post","type-post","status-publish","format-standard","has-post-thumbnail","hentry","category-construcciones-en-madera"],"_links":{"self":[{"href":"https:\/\/www.maderasmenur.com\/it\/wp-json\/wp\/v2\/posts\/7137","targetHints":{"allow":["GET"]}}],"collection":[{"href":"https:\/\/www.maderasmenur.com\/it\/wp-json\/wp\/v2\/posts"}],"about":[{"href":"https:\/\/www.maderasmenur.com\/it\/wp-json\/wp\/v2\/types\/post"}],"author":[{"embeddable":true,"href":"https:\/\/www.maderasmenur.com\/it\/wp-json\/wp\/v2\/users\/1001087"}],"replies":[{"embeddable":true,"href":"https:\/\/www.maderasmenur.com\/it\/wp-json\/wp\/v2\/comments?post=7137"}],"version-history":[{"count":0,"href":"https:\/\/www.maderasmenur.com\/it\/wp-json\/wp\/v2\/posts\/7137\/revisions"}],"wp:featuredmedia":[{"embeddable":true,"href":"https:\/\/www.maderasmenur.com\/it\/wp-json\/wp\/v2\/media\/15670"}],"wp:attachment":[{"href":"https:\/\/www.maderasmenur.com\/it\/wp-json\/wp\/v2\/media?parent=7137"}],"wp:term":[{"taxonomy":"category","embeddable":true,"href":"https:\/\/www.maderasmenur.com\/it\/wp-json\/wp\/v2\/categories?post=7137"},{"taxonomy":"post_tag","embeddable":true,"href":"https:\/\/www.maderasmenur.com\/it\/wp-json\/wp\/v2\/tags?post=7137"}],"curies":[{"name":"wp","href":"https:\/\/api.w.org\/{rel}","templated":true}]}}