{"id":7140,"date":"2017-10-19T00:59:53","date_gmt":"2017-10-18T22:59:53","guid":{"rendered":"https:\/\/www.maderasmenur.com\/?p=7140"},"modified":"2019-12-11T09:49:36","modified_gmt":"2019-12-11T08:49:36","slug":"curvar-la-madera-laminada-generar-una-trama-estructural-gran-escala","status":"publish","type":"post","link":"https:\/\/www.maderasmenur.com\/it\/curvar-la-madera-laminada-generar-una-trama-estructural-gran-escala\/","title":{"rendered":"Curvar la madera laminada para generar una trama estructural a gran escala"},"content":{"rendered":"\n<style type=\"text\/css\" data-created_by=\"avia_inline_auto\" id=\"style-css-av-k411x8ag-7222b294caee2fb24998187910ebed4f\">\n#top .av-special-heading.av-k411x8ag-7222b294caee2fb24998187910ebed4f{\npadding-bottom:30px;\n}\nbody .av-special-heading.av-k411x8ag-7222b294caee2fb24998187910ebed4f .av-special-heading-tag .heading-char{\nfont-size:25px;\n}\n.av-special-heading.av-k411x8ag-7222b294caee2fb24998187910ebed4f .av-subheading{\nfont-size:15px;\n}\n<\/style>\n<div  class='av-special-heading av-k411x8ag-7222b294caee2fb24998187910ebed4f av-special-heading-h1 blockquote modern-quote modern-centered  avia-builder-el-0  el_before_av_textblock  avia-builder-el-first '><h1 class='av-special-heading-tag '  itemprop=\"headline\"  >Curvar la madera laminada para generar una trama estructural a gran escala<\/h1><div class=\"special-heading-border\"><div class=\"special-heading-inner-border\"><\/div><\/div><\/div>\n<section  class='av_textblock_section av-av_textblock-445188a952fb265869ea404d0e52fad7 '   itemscope=\"itemscope\" itemtype=\"https:\/\/schema.org\/BlogPosting\" itemprop=\"blogPost\" ><div class='avia_textblock'  itemprop=\"text\" ><div class=\"afd-main-content afd-main-content--left\">\n<article id=\"single-content\" class=\"afd-post-content\">El dise\u00f1o de\u00a0Warren and Mahoney Architects\u00a0para la\u00a0extensi\u00f3n del Aeropuerto de Wellington en Australia evidencia las potencialidades de utilizar la madera laminada en proyectos de arquitectura de gran escala. La\u00a0estructura de la fachada es el resultado de reconocer la gran versatilidad de la madera laminada a la hora de dise\u00f1ar estructuras de gran tama\u00f1o y de formas complejas, permitiendo, en este caso, proponer\u00a0la construcci\u00f3n de una pieza recta que se curva para unirse a la pieza siguiente.<\/p>\n<p><a class=\"js-image-size__link nr-image nr-picture\" href=\"http:\/\/www.plataformaarquitectura.cl\/cl\/878250\/esta-trama-estructural-a-gran-escala-se-genera-al-curvar-la-madera-laminada\/599c5698b22e383ad000007a-esta-trama-estructural-a-gran-escala-se-genera-al-curvar-la-madera-laminada-foto\" rel=\"attachment\"><picture><img loading=\"lazy\" decoding=\"async\" class=\"sp-no-webp nr-image nr-picture \" src=\"https:\/\/images.adsttc.com\/media\/images\/599c\/5698\/b22e\/383a\/d000\/007a\/newsletter\/6800_Paul_McCredie_8.jpg?1503417991\" alt=\"Curvar la madera laminada para generar una trama estructural a gran escala, \u00a9 Paul McCredie\" width=\"794\" height=\"530\" longdesc=\"http:\/\/www.plataformaarquitectura.cl\/cl\/878250\/esta-trama-estructural-a-gran-escala-se-genera-al-curvar-la-madera-laminada\/599c5698b22e383ad000007a-esta-trama-estructural-a-gran-escala-se-genera-al-curvar-la-madera-laminada-foto\" data-nr-picture-id=\"599c5698b22e383ad000007a\" \/><\/picture><\/a><\/p>\n<p>La extensi\u00f3n hacia el sur del edificio Terminal Principal es un nuevo e importante proyecto para el Aeropuerto de Wellington, que provee una respuesta a los objetivos estrat\u00e9gicos del aeropuerto para el 2030. Es la primera obra\u00a0importante en el edificio desde su inauguraci\u00f3n en 1999.<\/p>\n<figure class=\"js-image-size media-picture\" aria-labelledby=\"599c56adb22e385c8f000007\" data-height=\"447\" data-width=\"640\"><a class=\"js-image-size__link lazy-anchor\" href=\"http:\/\/www.plataformaarquitectura.cl\/cl\/878250\/esta-trama-estructural-a-gran-escala-se-genera-al-curvar-la-madera-laminada\/599c56adb22e385c8f000007-esta-trama-estructural-a-gran-escala-se-genera-al-curvar-la-madera-laminada-foto\"> <img decoding=\"async\" class=\"b-lazy b-error b-error b-error b-error b-loaded\" src=\"https:\/\/images.adsttc.com\/media\/images\/599c\/56ad\/b22e\/385c\/8f00\/0007\/newsletter\/6800_Paul_McCredie_11.jpg?1503418011\" alt=\"\u00a9 Paul McCredie\" longdesc=\"http:\/\/www.plataformaarquitectura.cl\/cl\/878250\/esta-trama-estructural-a-gran-escala-se-genera-al-curvar-la-madera-laminada\/599c56adb22e385c8f000007-esta-trama-estructural-a-gran-escala-se-genera-al-curvar-la-madera-laminada-foto\" \/><\/a><figcaption id=\"599c56adb22e385c8f000007\" class=\"figcaption afd-desktop-e\"><\/figcaption><\/figure>\n<figure class=\"js-image-size media-picture\" aria-labelledby=\"599c5783b22e385c8f00000d\" data-height=\"426\" data-width=\"640\"><a class=\"js-image-size__link lazy-anchor\" href=\"http:\/\/www.plataformaarquitectura.cl\/cl\/878250\/esta-trama-estructural-a-gran-escala-se-genera-al-curvar-la-madera-laminada\/599c5783b22e385c8f00000d-esta-trama-estructural-a-gran-escala-se-genera-al-curvar-la-madera-laminada-foto\"><img decoding=\"async\" class=\"b-lazy b-error b-error b-error b-error b-error b-loaded\" src=\"https:\/\/images.adsttc.com\/media\/images\/599c\/5783\/b22e\/385c\/8f00\/000d\/newsletter\/6800_Paul_McCredie_26.jpg?1503418227\" alt=\"\u00a9 Paul McCredie\" longdesc=\"http:\/\/www.plataformaarquitectura.cl\/cl\/878250\/esta-trama-estructural-a-gran-escala-se-genera-al-curvar-la-madera-laminada\/599c5783b22e385c8f00000d-esta-trama-estructural-a-gran-escala-se-genera-al-curvar-la-madera-laminada-foto\" \/><\/a><\/figure>\n<p>El Edificio de la Terminal Principal se extendi\u00f3 al adicionar 3.5 bah\u00edas con una apariencia similar a las del edificio de la terminal existente. La extensi\u00f3n hacia el enlace del embarcadero sur oeste se ensanch\u00f3 para incorporar un control de seguridad centralizada, un sistema de control del flujo de pasajeros y un aumento de la circulaci\u00f3n.<\/p>\n<p><img decoding=\"async\" id=\"599c5715b22e385c8f00000a-esta-trama-estructural-a-gran-escala-se-genera-al-curvar-la-madera-laminada-foto\" class=\"gal-img active-image gal-mob-img-onview\" src=\"https:\/\/images.adsttc.com\/media\/images\/599c\/5715\/b22e\/385c\/8f00\/000a\/slideshow\/6800_Paul_McCredie_20.jpg?1503418116\" alt=\"Curvar la madera laminada para generar una trama estructural a gran escala,\u00a9 Paul McCredie\" \/><\/p>\n<p>El dise\u00f1o de esta ampliaci\u00f3n de la terminal presigue proporcionar una experiencia \u00edntima en la sala con un espacio de altura m\u00e1s baja. Con una viga de madera personalizada, un sistema de paneles de metal plegado perforado en el cielorraso y una estructura de madera en la fachada, que proporcionan sensaci\u00f3n de calidez, reconociendo el detalle tanto en el edificio de la terminal principal como en la reciente finalizada extensi\u00f3n de la sala de la terminal internacional de pasajeros (La Roca).<\/p>\n<p>Las paredes sur y norte son de vidrio, ofreciendo a los pasajeros visuales a trav\u00e9s de los marcos de madera laminada estructural. El dise\u00f1o proporciona una experiencia positiva y memorable para los pasajeros en una de las puertas de acceso clave a la ciudad de Wellington.<\/p>\n<p>La madera m\u00e1s presente que nunca, m\u00e1s viva que nunca y m\u00e1s conceptual que nunca.<\/p>\n<div class=\"afd-main-content afd-main-content--left\"><\/div>\n<\/article>\n<\/div>\n<\/div><\/section>\n","protected":false},"excerpt":{"rendered":"","protected":false},"author":1001087,"featured_media":15665,"comment_status":"closed","ping_status":"closed","sticky":false,"template":"","format":"standard","meta":{"footnotes":""},"categories":[99],"tags":[],"class_list":["post-7140","post","type-post","status-publish","format-standard","has-post-thumbnail","hentry","category-construcciones-en-madera"],"_links":{"self":[{"href":"https:\/\/www.maderasmenur.com\/it\/wp-json\/wp\/v2\/posts\/7140","targetHints":{"allow":["GET"]}}],"collection":[{"href":"https:\/\/www.maderasmenur.com\/it\/wp-json\/wp\/v2\/posts"}],"about":[{"href":"https:\/\/www.maderasmenur.com\/it\/wp-json\/wp\/v2\/types\/post"}],"author":[{"embeddable":true,"href":"https:\/\/www.maderasmenur.com\/it\/wp-json\/wp\/v2\/users\/1001087"}],"replies":[{"embeddable":true,"href":"https:\/\/www.maderasmenur.com\/it\/wp-json\/wp\/v2\/comments?post=7140"}],"version-history":[{"count":0,"href":"https:\/\/www.maderasmenur.com\/it\/wp-json\/wp\/v2\/posts\/7140\/revisions"}],"wp:featuredmedia":[{"embeddable":true,"href":"https:\/\/www.maderasmenur.com\/it\/wp-json\/wp\/v2\/media\/15665"}],"wp:attachment":[{"href":"https:\/\/www.maderasmenur.com\/it\/wp-json\/wp\/v2\/media?parent=7140"}],"wp:term":[{"taxonomy":"category","embeddable":true,"href":"https:\/\/www.maderasmenur.com\/it\/wp-json\/wp\/v2\/categories?post=7140"},{"taxonomy":"post_tag","embeddable":true,"href":"https:\/\/www.maderasmenur.com\/it\/wp-json\/wp\/v2\/tags?post=7140"}],"curies":[{"name":"wp","href":"https:\/\/api.w.org\/{rel}","templated":true}]}}