{"id":7143,"date":"2017-10-26T00:00:48","date_gmt":"2017-10-25T22:00:48","guid":{"rendered":"https:\/\/www.maderasmenur.com\/?p=7143"},"modified":"2019-12-11T15:15:56","modified_gmt":"2019-12-11T14:15:56","slug":"casas-flotantes-eficientes-hechas-madera-laminada","status":"publish","type":"post","link":"https:\/\/www.maderasmenur.com\/it\/casas-flotantes-eficientes-hechas-madera-laminada\/","title":{"rendered":"Casas flotantes eficientes hechas de madera laminada"},"content":{"rendered":"\n<style type=\"text\/css\" data-created_by=\"avia_inline_auto\" id=\"style-css-av-k3zmg02n-6e947abf25ffc2bf639130cd3e309216\">\n#top .av-special-heading.av-k3zmg02n-6e947abf25ffc2bf639130cd3e309216{\npadding-bottom:30px;\n}\nbody .av-special-heading.av-k3zmg02n-6e947abf25ffc2bf639130cd3e309216 .av-special-heading-tag .heading-char{\nfont-size:25px;\n}\n.av-special-heading.av-k3zmg02n-6e947abf25ffc2bf639130cd3e309216 .av-subheading{\nfont-size:15px;\n}\n<\/style>\n<div  class='av-special-heading av-k3zmg02n-6e947abf25ffc2bf639130cd3e309216 av-special-heading-h1 blockquote modern-quote modern-centered  avia-builder-el-0  el_before_av_textblock  avia-builder-el-first '><h1 class='av-special-heading-tag '  itemprop=\"headline\"  >Casas flotantes eficientes hechas de madera laminada<\/h1><div class=\"special-heading-border\"><div class=\"special-heading-inner-border\"><\/div><\/div><\/div>\n<section  class='av_textblock_section av-a43d3-77ade98f03be84118b8f7af4fcc3bc18 '   itemscope=\"itemscope\" itemtype=\"https:\/\/schema.org\/BlogPosting\" itemprop=\"blogPost\" ><div class='avia_textblock'  itemprop=\"text\" ><p>\u00bfA qui\u00e9n no le gustar\u00eda tener una casa, no en un lago, sino sobre uno? Disfrutar del paisaje y de la armon\u00eda que proporciona un entorno natural acu\u00e1tico es uno de los placeres de la vida, casi extrapolable a toda la poblaci\u00f3n.<\/p>\n<div class=\"container\">\n<article class=\"news-item\">\n<div class=\"row content cols-70-30\">\n<figure class=\"multimedia-item image\">\n<div class=\"container-image\"><img decoding=\"async\" class=\"full-image\" src=\"http:\/\/e00-elmundo.uecdn.es\/assets\/multimedia\/imagenes\/2017\/08\/21\/15033120239159.jpg\" alt=\"\" \/><\/div><figcaption class=\"caption\"><\/figcaption><\/figure>\n<p>La compa\u00f1\u00eda con sede en Londres EcoFloLife, propone esta <strong>casa sostenible<\/strong>, que funciona con energ\u00eda solar y que est\u00e1 pensada para <em>echar ra\u00edces <\/em>en aguas tranquilas, hecha con madera laminada.<\/p>\n<div class='avia-iframe-wrap'><iframe loading=\"lazy\" title=\"WaterNest 100 by Giancarlo Zema\" width=\"1500\" height=\"844\" src=\"https:\/\/www.youtube.com\/embed\/KtprbfxQOpk?feature=oembed\" frameborder=\"0\" allow=\"accelerometer; autoplay; encrypted-media; gyroscope; picture-in-picture\" allowfullscreen><\/iframe><\/div>\n<div class=\"container\">\n<article class=\"news-item\">\n<div class=\"row content cols-70-30\">\n<p>Esta vivienda, que recuerda a las c\u00e1psulas de la serie televisiva <em>Dragon Ball<\/em>, tiene una <strong>superficie de 93 metros cuadrados, 12 metros de di\u00e1metro y cuenta con una altura de cuatro metros<\/strong>.<\/p>\n<p>Una propuesta ideal para aquellos que desean vivir en completa armon\u00eda con la naturaleza. Los balcones laterales y las grandes ventanas de WaterNest 100 provocan que <strong>el paisaje se integre por completo en la estructura de la vivienda<\/strong> y permiten a sus inquilinos disfrutar de unas vistas fant\u00e1sticas.<\/p>\n<p><a href=\"https:\/\/www.laminur.com\/wp-content\/uploads\/2017\/10\/15033131627236.jpg\"><img loading=\"lazy\" decoding=\"async\" class=\"aligncenter size-large wp-image-4085\" src=\"https:\/\/www.laminur.com\/wp-content\/uploads\/2017\/10\/15033131627236.jpg\" alt=\"\" width=\"660\" height=\"371\" \/><\/a><\/p>\n<p>Eficiencia y sostenibilidad, el binomio perfecto: Bajo la premisa de ser responsable con el medio ambiente en sumo grado, est\u00e1 <strong>pensada para ser lo m\u00e1s verde posible<\/strong>. El uso de materiales y sistemas de producci\u00f3n sostenibles hacen que esta unidad sea <strong>reciclable hasta un 98%<\/strong>.<\/p>\n<\/div>\n<\/article>\n<\/div>\n<div class=\"container\">\n<article class=\"news-item\">\n<div class=\"row content cols-70-30\">\n<div class=\"container\">\n<article class=\"news-item\">\n<div class=\"row content cols-70-30\">\n<p>\u00a0<a href=\"https:\/\/www.laminur.com\/wp-content\/uploads\/2017\/10\/15033131573565.jpg\"><img loading=\"lazy\" decoding=\"async\" class=\"aligncenter size-large wp-image-4084\" src=\"https:\/\/www.laminur.com\/wp-content\/uploads\/2017\/10\/15033131573565.jpg\" alt=\"\" width=\"660\" height=\"371\" \/><\/a><\/p>\n<p>Su estructura est\u00e1 hecha de madera laminada y un casco de aluminio, ambos reciclados. El techo de la casa flotante es un <strong>panel solar de 60 metros cuadrados capaz de generar 4 kWp<\/strong> que se utilizan para las necesidades energ\u00e9ticas de la casa.<\/p>\n<p>Adem\u00e1s, gracias a un <strong>sistema de micro-ventilaci\u00f3n natural y aire acondicionado<\/strong>, sus impulsores la clasifican como un &#8220;h\u00e1bitat residencial de bajo consumo&#8221;<\/p>\n<div class=\"container\">\n<article class=\"news-item\">\n<div class=\"row content cols-70-30\">\n<p>El interior incluye una <strong>sala de estar, un comedor, dormitorio, cocina y ba\u00f1o<\/strong>, aunque se puede personalizar seg\u00fan las preferencias del propietario, que incluso puede hacer de esta vivienda un establecimiento de trabajo, como por ejemplo un restaurante, una oficina o una tienda.<\/p>\n<h3 class=\"subhead\">Pueblos flotantes<\/h3>\n<p>El ser humano es un animal social, desde la compa\u00f1\u00eda, se\u00f1alan la posibilidad de <strong>instalar pueblos flotantes en lugares con aguas tranquilas<\/strong>.<\/p>\n<p><a href=\"https:\/\/www.laminur.com\/wp-content\/uploads\/2017\/10\/15033131543301.jpg\"><img loading=\"lazy\" decoding=\"async\" class=\"aligncenter size-full wp-image-4083\" src=\"https:\/\/www.laminur.com\/wp-content\/uploads\/2017\/10\/15033131543301.jpg\" alt=\"\" width=\"660\" height=\"440\" \/><\/a><\/p>\n<\/div>\n<\/article>\n<\/div>\n<\/div>\n<\/article>\n<\/div>\n<\/div>\n<\/article>\n<\/div>\n<\/div>\n<\/article>\n<\/div>\n<\/div><\/section>\n","protected":false},"excerpt":{"rendered":"","protected":false},"author":1001087,"featured_media":15553,"comment_status":"closed","ping_status":"closed","sticky":false,"template":"","format":"standard","meta":{"footnotes":""},"categories":[99],"tags":[],"class_list":["post-7143","post","type-post","status-publish","format-standard","has-post-thumbnail","hentry","category-construcciones-en-madera"],"_links":{"self":[{"href":"https:\/\/www.maderasmenur.com\/it\/wp-json\/wp\/v2\/posts\/7143","targetHints":{"allow":["GET"]}}],"collection":[{"href":"https:\/\/www.maderasmenur.com\/it\/wp-json\/wp\/v2\/posts"}],"about":[{"href":"https:\/\/www.maderasmenur.com\/it\/wp-json\/wp\/v2\/types\/post"}],"author":[{"embeddable":true,"href":"https:\/\/www.maderasmenur.com\/it\/wp-json\/wp\/v2\/users\/1001087"}],"replies":[{"embeddable":true,"href":"https:\/\/www.maderasmenur.com\/it\/wp-json\/wp\/v2\/comments?post=7143"}],"version-history":[{"count":0,"href":"https:\/\/www.maderasmenur.com\/it\/wp-json\/wp\/v2\/posts\/7143\/revisions"}],"wp:featuredmedia":[{"embeddable":true,"href":"https:\/\/www.maderasmenur.com\/it\/wp-json\/wp\/v2\/media\/15553"}],"wp:attachment":[{"href":"https:\/\/www.maderasmenur.com\/it\/wp-json\/wp\/v2\/media?parent=7143"}],"wp:term":[{"taxonomy":"category","embeddable":true,"href":"https:\/\/www.maderasmenur.com\/it\/wp-json\/wp\/v2\/categories?post=7143"},{"taxonomy":"post_tag","embeddable":true,"href":"https:\/\/www.maderasmenur.com\/it\/wp-json\/wp\/v2\/tags?post=7143"}],"curies":[{"name":"wp","href":"https:\/\/api.w.org\/{rel}","templated":true}]}}