{"id":7164,"date":"2017-11-30T23:30:22","date_gmt":"2017-11-30T22:30:22","guid":{"rendered":"https:\/\/www.maderasmenur.com\/?p=7164"},"modified":"2019-12-09T10:11:46","modified_gmt":"2019-12-09T09:11:46","slug":"los-edificios-ver-espana-poco-tiempo","status":"publish","type":"post","link":"https:\/\/www.maderasmenur.com\/it\/los-edificios-ver-espana-poco-tiempo\/","title":{"rendered":"Los edificios que vamos a ver en Espa\u00f1a en poco tiempo"},"content":{"rendered":"\n<style type=\"text\/css\" data-created_by=\"avia_inline_auto\" id=\"style-css-av-k3y7ve94-d1c9b573b2961ea8a7e8978e7ace6cd8\">\n#top .av-special-heading.av-k3y7ve94-d1c9b573b2961ea8a7e8978e7ace6cd8{\npadding-bottom:10px;\n}\nbody .av-special-heading.av-k3y7ve94-d1c9b573b2961ea8a7e8978e7ace6cd8 .av-special-heading-tag .heading-char{\nfont-size:25px;\n}\n.av-special-heading.av-k3y7ve94-d1c9b573b2961ea8a7e8978e7ace6cd8 .av-subheading{\nfont-size:15px;\n}\n<\/style>\n<div  class='av-special-heading av-k3y7ve94-d1c9b573b2961ea8a7e8978e7ace6cd8 av-special-heading-h1 blockquote modern-quote modern-centered  avia-builder-el-0  el_before_av_textblock  avia-builder-el-first '><h1 class='av-special-heading-tag '  itemprop=\"headline\"  >Los edificios que vamos a ver en Espa\u00f1a en poco tiempo<\/h1><div class=\"special-heading-border\"><div class=\"special-heading-inner-border\"><\/div><\/div><\/div>\n<section  class='av_textblock_section av-av_textblock-445188a952fb265869ea404d0e52fad7 '   itemscope=\"itemscope\" itemtype=\"https:\/\/schema.org\/BlogPosting\" itemprop=\"blogPost\" ><div class='avia_textblock'  itemprop=\"text\" ><h2>Grandes capitales del mundo compiten por tener los rascacielos de madera m\u00e1s altos. La moda tambi\u00e9n llega a Espa\u00f1a. Los constructores se est\u00e1n reinventando.<\/h2>\n<p>El siglo XXI ser\u00e1 el del regreso a la madera como cobijo. Dar\u00e1 relevo a la imagen de los rascacielos de hormig\u00f3n y acero que convirtieron Nueva York en el icono de la modernidad hace cien a\u00f1os. Tambi\u00e9n a las actuales estructuras futuristas de acero y cristal de las urbes asi\u00e1ticas. Pensadas para generar el menor consumo posible. Hoy, las necesidades clim\u00e1ticas y el ahorro energ\u00e9tico alumbran una nueva carrera: estructuras de madera que desaf\u00edan la ley de la verticalidad.<\/p>\n<p>Vancouver (Canad\u00e1) presume de haber inaugurado hace unos meses el inmueble de estructura en madera m\u00e1s alto del mundo, una residencia estudiantil de 18 plantas y 53 metros de altura. Se levant\u00f3 en tiempo r\u00e9cord, apenas 66 d\u00edas. Pero, con los proyectos que van saliendo a la luz, le durar\u00e1 poco.<\/p>\n<p>\u00c1msterdam ha comenzado este oto\u00f1o a construir el Hault, un rascacielos de 21 plantas y 75 metros.<\/p>\n<p>La torre Tr\u00e4toppen de Estocolmo tendr\u00e1 40 plantas y alcanzar\u00e1 los 133 metros.<\/p>\n<p>El proyecto\u00a0 de edificio Baobab, en Paris tendr\u00e1 35 alturas que coronar\u00eda un complejo de seis bloques.<\/p>\n<p>Londres redobla la apuesta y proyecta un gigante de 80 pisos y 300 metros de altura, donde se ubicar\u00e1n mil apartamentos con vistas al T\u00e1mesis. Su promotor, el Departamento de Arquitectura de la Universidad de Cambridge, anuncia un &#8216;gemelo&#8217; en Chicago.<\/p>\n<p>La arquitectura natural llama a las puertas de un mundo cada vez m\u00e1s concentrado en grandes urbes que reclaman &#8216;pulmones&#8217; naturales para achicar la contaminaci\u00f3n que se genera. Los expertos calculan que el trabajo de absorci\u00f3n de CO2 (di\u00f3xido de carbono) de las maderas contenidas en la gran mole de la torre de Vancouver equivaldr\u00e1n a la retirada de 500 coches de la circulaci\u00f3n cada a\u00f1o.<\/p>\n<p>La madera aprovecha todo, la cadena de ventajas no parecen tener fin: menor peso que el cemento; se comportan mejor en posibles torsiones o siniestros; son el mejor aislante; &#8230;.<\/p>\n<p>En Espa\u00f1a llega algo tarde, aunque empiezan a hacer los primeros &#8216;pinitos&#8217; en construcci\u00f3n vertical en madera. El nuevo rival del cemento son paneles de madera laminada (CTL), compuestos por hasta siete capas de fibras pegadas y apiladas en diferentes angulaciones para aumentar su resistencia y retardar cualquier efecto destructor. Ya no se colocan primeras piedras, sino primeras maderas. Detr\u00e1s viene un proceso tan medido que acabar\u00e1 imponiendo sus costes: encofrado, apuntalamiento, plazos de secado&#8230; que permitir\u00e1 ahorrarse todo eso y logras subir plantas enteras con torniller\u00eda en un d\u00eda. Otro aspecto a destacar de este material noble es su coorperaci\u00f3n con la protecci\u00f3n medioambiental, existen multitud de estudios que lo corroboran. Por \u00faltimo cabe destacar, que la normativa europea exigir\u00e1 a partir de 2020 edificios de autosuficiencia energ\u00e9tica, a partir de aqu\u00ed empezaremos a encontrar mas edificios de madera.<\/p>\n<p>La madera es vida. Con la madera se vive mejor.<\/p>\n<p>\u00a0<\/p>\n<\/div><\/section>\n","protected":false},"excerpt":{"rendered":"","protected":false},"author":1001087,"featured_media":0,"comment_status":"closed","ping_status":"closed","sticky":false,"template":"","format":"standard","meta":{"footnotes":""},"categories":[99],"tags":[],"class_list":["post-7164","post","type-post","status-publish","format-standard","hentry","category-construcciones-en-madera"],"_links":{"self":[{"href":"https:\/\/www.maderasmenur.com\/it\/wp-json\/wp\/v2\/posts\/7164","targetHints":{"allow":["GET"]}}],"collection":[{"href":"https:\/\/www.maderasmenur.com\/it\/wp-json\/wp\/v2\/posts"}],"about":[{"href":"https:\/\/www.maderasmenur.com\/it\/wp-json\/wp\/v2\/types\/post"}],"author":[{"embeddable":true,"href":"https:\/\/www.maderasmenur.com\/it\/wp-json\/wp\/v2\/users\/1001087"}],"replies":[{"embeddable":true,"href":"https:\/\/www.maderasmenur.com\/it\/wp-json\/wp\/v2\/comments?post=7164"}],"version-history":[{"count":0,"href":"https:\/\/www.maderasmenur.com\/it\/wp-json\/wp\/v2\/posts\/7164\/revisions"}],"wp:attachment":[{"href":"https:\/\/www.maderasmenur.com\/it\/wp-json\/wp\/v2\/media?parent=7164"}],"wp:term":[{"taxonomy":"category","embeddable":true,"href":"https:\/\/www.maderasmenur.com\/it\/wp-json\/wp\/v2\/categories?post=7164"},{"taxonomy":"post_tag","embeddable":true,"href":"https:\/\/www.maderasmenur.com\/it\/wp-json\/wp\/v2\/tags?post=7164"}],"curies":[{"name":"wp","href":"https:\/\/api.w.org\/{rel}","templated":true}]}}