{"id":7175,"date":"2017-12-06T23:13:34","date_gmt":"2017-12-06T22:13:34","guid":{"rendered":"https:\/\/www.maderasmenur.com\/?p=7175"},"modified":"2019-12-09T17:51:45","modified_gmt":"2019-12-09T16:51:45","slug":"las-setas-la-encarnacion-sevilla","status":"publish","type":"post","link":"https:\/\/www.maderasmenur.com\/it\/las-setas-la-encarnacion-sevilla\/","title":{"rendered":"Las Setas de la Encarnaci\u00f3n en Sevilla con madera laminada como protagonista"},"content":{"rendered":"\n<style type=\"text\/css\" data-created_by=\"avia_inline_auto\" id=\"style-css-av-k3yoarmk-a061f1ff64c87ac5f6a15df90d1115bd\">\n#top .av-special-heading.av-k3yoarmk-a061f1ff64c87ac5f6a15df90d1115bd{\npadding-bottom:30px;\n}\nbody .av-special-heading.av-k3yoarmk-a061f1ff64c87ac5f6a15df90d1115bd .av-special-heading-tag .heading-char{\nfont-size:25px;\n}\n.av-special-heading.av-k3yoarmk-a061f1ff64c87ac5f6a15df90d1115bd .av-subheading{\nfont-size:15px;\n}\n<\/style>\n<div  class='av-special-heading av-k3yoarmk-a061f1ff64c87ac5f6a15df90d1115bd av-special-heading-h1  avia-builder-el-0  el_before_av_textblock  avia-builder-el-first '><h1 class='av-special-heading-tag '  itemprop=\"headline\"  >Las Setas de la Encarnaci\u00f3n en Sevilla con madera laminada como protagonista<\/h1><div class=\"special-heading-border\"><div class=\"special-heading-inner-border\"><\/div><\/div><\/div>\n<section  class='av_textblock_section av-av_textblock-445188a952fb265869ea404d0e52fad7 '   itemscope=\"itemscope\" itemtype=\"https:\/\/schema.org\/BlogPosting\" itemprop=\"blogPost\" ><div class='avia_textblock'  itemprop=\"text\" ><div class=\"td-portlet\">\n<section id=\"portlet_contentviewerportlet_WAR_newsportlet_INSTANCE_c943419c220140cdb16cb640e0300731\" class=\"portlet\">\n<div class=\"portlet-content\">\n<div class=\" portlet-content-container\">\n<div class=\"portlet-body\">\n<div class=\"last td-viewer full-access\">\n<div id=\"fullContentDetalleTexto\">\n<div class=\"text\">\n<div class='avia-iframe-wrap'><iframe loading=\"lazy\" title=\"Plaza de la Encarnaci\u00f3n, uno de los s\u00edmbolos de la ciudad\" width=\"1500\" height=\"844\" src=\"https:\/\/www.youtube.com\/embed\/7fXtfwffC4k?feature=oembed\" frameborder=\"0\" allow=\"accelerometer; autoplay; encrypted-media; gyroscope; picture-in-picture\" allowfullscreen><\/iframe><\/div>\n<p style=\"text-align: justify;\"><b>Las Setas de la Encarnaci\u00f3n <\/b><b>son ya parte de los atractivos y s\u00edmbolos con los que cuenta Sevilla. <\/b><\/p>\n<p style=\"text-align: justify;\">Este espacio ocupado ahora por los ic\u00f3nicos parasoles en madera laminada eran desde 1842 el espaciodedicado al mercado y ese fue su uso hasta 1973 que los problemas estructurales llevaron a su derribo. Ello ocasion\u00f3 un tremendo abandono de la zona<b>. <\/b><\/p>\n<p style=\"text-align: justify;\">En 2004, el Ayuntamiento abri\u00f3 un concurso internacional de ideas para reorganizar el espacio e incluir un mercado de abastos<b>,<\/b> una plaza p\u00fablica multifuncional y un espacio museistico para conservar los hallazgos arqueol\u00f3gicos.Y se eligi\u00f3 el proyecto \u00abMetropol Parasol\u00bb del arquitecto berlin\u00e9s J\u00fcrgen Mayer.<\/p>\n<p>\u00a0<\/p>\n<p style=\"text-align: justify;\">La construcci\u00f3n de las Setas se recubrieron de\u00a0 con<b><a href=\"http:\/\/www.maderasmenur.com\"> madera laminada<\/a> de abedul. <\/b>En 2011 se inauguraron las Setas, convirtiendose el lugar como uno de los puntos de parada obligada para los turistas.<\/p>\n<p><a href=\"https:\/\/www.maderasmenur.com\/wp-content\/uploads\/01542-encarnacion-noche.jpg\"><img loading=\"lazy\" decoding=\"async\" class=\"alignnone size-medium wp-image-7176\" src=\"https:\/\/www.maderasmenur.com\/wp-content\/uploads\/01542-encarnacion-noche-300x188.jpg\" alt=\"\" width=\"300\" height=\"188\" srcset=\"https:\/\/www.maderasmenur.com\/wp-content\/uploads\/01542-encarnacion-noche-300x188.jpg 300w, https:\/\/www.maderasmenur.com\/wp-content\/uploads\/01542-encarnacion-noche-20x13.jpg 20w, https:\/\/www.maderasmenur.com\/wp-content\/uploads\/01542-encarnacion-noche.jpg 400w\" sizes=\"auto, (max-width: 300px) 100vw, 300px\" \/><\/a> <a href=\"https:\/\/www.maderasmenur.com\/wp-content\/uploads\/2554-setas-de-la-encarnacion.jpg\"><img loading=\"lazy\" decoding=\"async\" class=\"alignnone size-medium wp-image-7177\" src=\"https:\/\/www.maderasmenur.com\/wp-content\/uploads\/2554-setas-de-la-encarnacion-300x225.jpg\" alt=\"\" width=\"300\" height=\"225\" srcset=\"https:\/\/www.maderasmenur.com\/wp-content\/uploads\/2554-setas-de-la-encarnacion-300x225.jpg 300w, https:\/\/www.maderasmenur.com\/wp-content\/uploads\/2554-setas-de-la-encarnacion-450x338.jpg 450w, https:\/\/www.maderasmenur.com\/wp-content\/uploads\/2554-setas-de-la-encarnacion-20x15.jpg 20w, https:\/\/www.maderasmenur.com\/wp-content\/uploads\/2554-setas-de-la-encarnacion.jpg 600w\" sizes=\"auto, (max-width: 300px) 100vw, 300px\" \/><\/a> <a href=\"https:\/\/www.maderasmenur.com\/wp-content\/uploads\/b11fdd6cb30fb1abf71848b7ec3243c1.jpg\"><img loading=\"lazy\" decoding=\"async\" class=\"alignnone size-medium wp-image-7178\" src=\"https:\/\/www.maderasmenur.com\/wp-content\/uploads\/b11fdd6cb30fb1abf71848b7ec3243c1-300x146.jpg\" alt=\"\" width=\"300\" height=\"146\" srcset=\"https:\/\/www.maderasmenur.com\/wp-content\/uploads\/b11fdd6cb30fb1abf71848b7ec3243c1-300x146.jpg 300w, https:\/\/www.maderasmenur.com\/wp-content\/uploads\/b11fdd6cb30fb1abf71848b7ec3243c1-705x344.jpg 705w, https:\/\/www.maderasmenur.com\/wp-content\/uploads\/b11fdd6cb30fb1abf71848b7ec3243c1-450x219.jpg 450w, https:\/\/www.maderasmenur.com\/wp-content\/uploads\/b11fdd6cb30fb1abf71848b7ec3243c1-20x10.jpg 20w, https:\/\/www.maderasmenur.com\/wp-content\/uploads\/b11fdd6cb30fb1abf71848b7ec3243c1.jpg 736w\" sizes=\"auto, (max-width: 300px) 100vw, 300px\" \/><\/a><\/p>\n<\/div>\n<\/div>\n<\/div>\n<\/div>\n<\/div>\n<\/div>\n<\/section>\n<\/div>\n<\/div><\/section>\n","protected":false},"excerpt":{"rendered":"","protected":false},"author":1001087,"featured_media":7177,"comment_status":"closed","ping_status":"closed","sticky":false,"template":"","format":"standard","meta":{"footnotes":""},"categories":[99],"tags":[],"class_list":["post-7175","post","type-post","status-publish","format-standard","has-post-thumbnail","hentry","category-construcciones-en-madera"],"_links":{"self":[{"href":"https:\/\/www.maderasmenur.com\/it\/wp-json\/wp\/v2\/posts\/7175","targetHints":{"allow":["GET"]}}],"collection":[{"href":"https:\/\/www.maderasmenur.com\/it\/wp-json\/wp\/v2\/posts"}],"about":[{"href":"https:\/\/www.maderasmenur.com\/it\/wp-json\/wp\/v2\/types\/post"}],"author":[{"embeddable":true,"href":"https:\/\/www.maderasmenur.com\/it\/wp-json\/wp\/v2\/users\/1001087"}],"replies":[{"embeddable":true,"href":"https:\/\/www.maderasmenur.com\/it\/wp-json\/wp\/v2\/comments?post=7175"}],"version-history":[{"count":0,"href":"https:\/\/www.maderasmenur.com\/it\/wp-json\/wp\/v2\/posts\/7175\/revisions"}],"wp:featuredmedia":[{"embeddable":true,"href":"https:\/\/www.maderasmenur.com\/it\/wp-json\/wp\/v2\/media\/7177"}],"wp:attachment":[{"href":"https:\/\/www.maderasmenur.com\/it\/wp-json\/wp\/v2\/media?parent=7175"}],"wp:term":[{"taxonomy":"category","embeddable":true,"href":"https:\/\/www.maderasmenur.com\/it\/wp-json\/wp\/v2\/categories?post=7175"},{"taxonomy":"post_tag","embeddable":true,"href":"https:\/\/www.maderasmenur.com\/it\/wp-json\/wp\/v2\/tags?post=7175"}],"curies":[{"name":"wp","href":"https:\/\/api.w.org\/{rel}","templated":true}]}}