{"id":7186,"date":"2017-12-13T22:48:09","date_gmt":"2017-12-13T21:48:09","guid":{"rendered":"https:\/\/www.maderasmenur.com\/?p=7186"},"modified":"2019-12-06T17:10:50","modified_gmt":"2019-12-06T16:10:50","slug":"viviendas-sociales-hechas-madera-chalon-sur-saone-francia","status":"publish","type":"post","link":"https:\/\/www.maderasmenur.com\/it\/viviendas-sociales-hechas-madera-chalon-sur-saone-francia\/","title":{"rendered":"Viviendas sociales construidas en madera en Francia"},"content":{"rendered":"\n<style type=\"text\/css\" data-created_by=\"avia_inline_auto\" id=\"style-css-av-k3ucissx-263647681b515525e5a5152692474be2\">\n#top .av-special-heading.av-k3ucissx-263647681b515525e5a5152692474be2{\npadding-bottom:25px;\n}\nbody .av-special-heading.av-k3ucissx-263647681b515525e5a5152692474be2 .av-special-heading-tag .heading-char{\nfont-size:25px;\n}\n.av-special-heading.av-k3ucissx-263647681b515525e5a5152692474be2 .av-subheading{\nfont-size:15px;\n}\n<\/style>\n<div  class='av-special-heading av-k3ucissx-263647681b515525e5a5152692474be2 av-special-heading-h1 blockquote modern-quote modern-centered  avia-builder-el-0  el_before_av_textblock  avia-builder-el-first '><h1 class='av-special-heading-tag '  itemprop=\"headline\"  >Viviendas sociales construidas en madera en Francia <\/h1><div class=\"special-heading-border\"><div class=\"special-heading-inner-border\"><\/div><\/div><\/div>\n<section  class='av_textblock_section av-av_textblock-445188a952fb265869ea404d0e52fad7 '   itemscope=\"itemscope\" itemtype=\"https:\/\/schema.org\/BlogPosting\" itemprop=\"blogPost\" ><div class='avia_textblock'  itemprop=\"text\" ><p>En Chalon-sur-Sa\u00f4ne, distrito de Bellevue, Francia se encuentra esta nueva construcci\u00f3n de viviendas sociales en Francia. Este proyecto responde a su entorno y a los requisitos de dise\u00f1o que impusieron una soluci\u00f3n\u00a0constructiva de madera. Se trata de un conjunto fragmentado de viviendas intermedias (20 viviendas) y una hilera de casas adosadas (6 viviendas) que se disponen alrededor de un callej\u00f3n central dejando espacio para la vegetaci\u00f3n y los espacios al aire libre.<\/p>\n<figure class=\"js-image-size media-picture\" aria-labelledby=\"5a027357b22e38b1dc000704\" data-height=\"509\" data-width=\"640\">\n<div class=\"image-bookmark\">\n<div class=\"bookmark-this-icon\"><\/div>\n<\/div>\n<p><a class=\"js-image-size__link lazy-anchor\" href=\"https:\/\/www.plataformaarquitectura.cl\/cl\/884922\/chauveau-26-viviendas-sociales-odile-plus-guzy-architectes\/5a027357b22e38b1dc000704-chauveau-26-social-dwellings-odile-plus-guzy-architectes-photo\"> <img decoding=\"async\" class=\"b-lazy b-loaded\" src=\"https:\/\/images.adsttc.com\/media\/images\/5a02\/7357\/b22e\/38b1\/dc00\/0704\/newsletter\/PHOTO_05.jpg?1510110007\" alt=\"\u00a9 David Foessel\" longdesc=\"https:\/\/www.plataformaarquitectura.cl\/cl\/884922\/chauveau-26-viviendas-sociales-odile-plus-guzy-architectes\/5a027357b22e38b1dc000704-chauveau-26-social-dwellings-odile-plus-guzy-architectes-photo\" \/>\u00a0<\/a><\/figure>\n<figure class=\"js-image-size media-picture\" aria-labelledby=\"5a027483b22e3816ed000378\" data-height=\"480\" data-width=\"640\"><a class=\"js-image-size__link lazy-anchor\" href=\"https:\/\/www.plataformaarquitectura.cl\/cl\/884922\/chauveau-26-viviendas-sociales-odile-plus-guzy-architectes\/5a027483b22e3816ed000378-chauveau-26-social-dwellings-odile-plus-guzy-architectes-photo\"> <img decoding=\"async\" class=\"b-lazy b-loaded\" src=\"https:\/\/images.adsttc.com\/media\/images\/5a02\/7483\/b22e\/3816\/ed00\/0378\/newsletter\/PHOTO_09.jpg?1510110303\" alt=\"\u00a9 David Foessel\" longdesc=\"https:\/\/www.plataformaarquitectura.cl\/cl\/884922\/chauveau-26-viviendas-sociales-odile-plus-guzy-architectes\/5a027483b22e3816ed000378-chauveau-26-social-dwellings-odile-plus-guzy-architectes-photo\" \/>\u00a0<\/a><\/figure>\n<p dir=\"ltr\">El proyecto se basa en la alternancia de espacios libres funcionales y vol\u00famenes construidos en funci\u00f3n de las cualidades y limitaciones del sitio. Desde la entrada de la calle hasta el l\u00edmite del sitio norte, el ingreso, el estacionamiento al aire libre, la vivienda intermedia, el callej\u00f3n, los jardines y las casas individuales, crean una secuencia urbana que coincide con la escala de los edificios vecinos.<\/p>\n<figure class=\"js-image-size media-picture\" aria-labelledby=\"5a0275e0b22e3816ed00037b\" data-height=\"480\" data-width=\"640\">\n<div class=\"image-bookmark\">\n<div class=\"bookmark-this-icon\"><\/div>\n<\/div>\n<p><a class=\"js-image-size__link lazy-anchor\" href=\"https:\/\/www.plataformaarquitectura.cl\/cl\/884922\/chauveau-26-viviendas-sociales-odile-plus-guzy-architectes\/5a0275e0b22e3816ed00037b-chauveau-26-social-dwellings-odile-plus-guzy-architectes-photo\"> <img decoding=\"async\" class=\"b-lazy b-loaded\" src=\"https:\/\/images.adsttc.com\/media\/images\/5a02\/75e0\/b22e\/3816\/ed00\/037b\/newsletter\/PHOTO_14.jpg?1510110661\" alt=\"\u00a9 David Foessel\" longdesc=\"https:\/\/www.plataformaarquitectura.cl\/cl\/884922\/chauveau-26-viviendas-sociales-odile-plus-guzy-architectes\/5a0275e0b22e3816ed00037b-chauveau-26-social-dwellings-odile-plus-guzy-architectes-photo\" \/>\u00a0<\/a><\/figure>\n<figure class=\"js-image-size media-picture\" aria-labelledby=\"5a0275e0b22e3816ed00037b\" data-height=\"480\" data-width=\"640\">Los vol\u00famenes fragmentados de la vivienda intermedia crean un filtro entre el estacionamiento y el callej\u00f3n central. Los\u00a0vac\u00edos ayudan a crear secuencias prolongadas a trav\u00e9s de las pasarelas y escaleras externas que ofrecen marcos extraordinarios hacia la ciudad. Las viviendas intermedias crean un di\u00e1logo entre la calle y la fila de viviendas individuales ubicadas por detr\u00e1s. El dise\u00f1o interior permite una diversidad de tipolog\u00edas con vistas despejadas hacia el exterior.<\/figure>\n<figure class=\"js-image-size media-picture\" aria-labelledby=\"5a02737eb22e3816ed000373\" data-height=\"580\" data-width=\"435\">\n<div class=\"image-bookmark\">\n<div class=\"bookmark-this-icon\"><\/div>\n<\/div>\n<p><a class=\"js-image-size__link lazy-anchor\" href=\"https:\/\/www.plataformaarquitectura.cl\/cl\/884922\/chauveau-26-viviendas-sociales-odile-plus-guzy-architectes\/5a02737eb22e3816ed000373-chauveau-26-social-dwellings-odile-plus-guzy-architectes-photo\"> <img decoding=\"async\" class=\"b-lazy b-loaded\" src=\"https:\/\/images.adsttc.com\/media\/images\/5a02\/737e\/b22e\/3816\/ed00\/0373\/medium_jpg\/PHOTO_06.jpg?1510110047\" alt=\"\u00a9 David Foessel\" longdesc=\"https:\/\/www.plataformaarquitectura.cl\/cl\/884922\/chauveau-26-viviendas-sociales-odile-plus-guzy-architectes\/5a02737eb22e3816ed000373-chauveau-26-social-dwellings-odile-plus-guzy-architectes-photo\" \/>\u00a0<\/a><\/figure>\n<p dir=\"ltr\">Los <strong>vol\u00famenes construidos est\u00e1n revestidos en madera de forma vertical<\/strong>. Este juego de vibraci\u00f3n se extiende a lo largo de las terrazas, a trav\u00e9s de pantallas de separaci\u00f3n que garantizan la protecci\u00f3n solar y visual de cada vivienda.<\/p>\n<figure class=\"js-image-size media-picture\" aria-labelledby=\"5a027553b22e38b1dc00070a\" data-height=\"480\" data-width=\"640\">\n<div class=\"image-bookmark\">\n<div class=\"bookmark-this-icon\"><\/div>\n<\/div>\n<p><a class=\"js-image-size__link lazy-anchor\" href=\"https:\/\/www.plataformaarquitectura.cl\/cl\/884922\/chauveau-26-viviendas-sociales-odile-plus-guzy-architectes\/5a027553b22e38b1dc00070a-chauveau-26-social-dwellings-odile-plus-guzy-architectes-photo\"> <img decoding=\"async\" class=\"b-lazy b-loaded\" src=\"https:\/\/images.adsttc.com\/media\/images\/5a02\/7553\/b22e\/38b1\/dc00\/070a\/newsletter\/PHOTO_12.jpg?1510110510\" alt=\"\u00a9 David Foessel\" longdesc=\"https:\/\/www.plataformaarquitectura.cl\/cl\/884922\/chauveau-26-viviendas-sociales-odile-plus-guzy-architectes\/5a027553b22e38b1dc00070a-chauveau-26-social-dwellings-odile-plus-guzy-architectes-photo\" \/>\u00a0<\/a><\/figure>\n<p dir=\"ltr\">La calidad de los espacios al aire libre, un componente esencial del proyecto, deja un gran lugar para la vegetaci\u00f3n perenne. Los abedules introducir\u00e1n una silueta esbelta que crear\u00e1 un di\u00e1logo con los vol\u00famenes construidos.<\/p>\n<figure class=\"js-image-size media-picture\" aria-labelledby=\"5a0271fab22e38b1dc0006ff\" data-height=\"580\" data-width=\"435\">\n<div class=\"image-bookmark\">\n<div class=\"bookmark-this-icon\"><\/div>\n<\/div>\n<p><a class=\"js-image-size__link lazy-anchor\" href=\"https:\/\/www.plataformaarquitectura.cl\/cl\/884922\/chauveau-26-viviendas-sociales-odile-plus-guzy-architectes\/5a0271fab22e38b1dc0006ff-chauveau-26-social-dwellings-odile-plus-guzy-architectes-photo\"> <img decoding=\"async\" class=\"b-lazy b-loaded\" src=\"https:\/\/images.adsttc.com\/media\/images\/5a02\/71fa\/b22e\/38b1\/dc00\/06ff\/medium_jpg\/PHOTO_01.jpg?1510109653\" alt=\"\u00a9 David Foessel\" longdesc=\"https:\/\/www.plataformaarquitectura.cl\/cl\/884922\/chauveau-26-viviendas-sociales-odile-plus-guzy-architectes\/5a0271fab22e38b1dc0006ff-chauveau-26-social-dwellings-odile-plus-guzy-architectes-photo\" \/>\u00a0<\/a><\/figure>\n<p dir=\"ltr\">Cada casa tiene su propio jard\u00edn privado detr\u00e1s de los setos. Una<strong> marquesina de celos\u00eda de madera<\/strong> protege las salas de estar orientadas al sur de la ganancia solar. En la parte posterior de las casas, los vol\u00famenes alternados de cocina y patio aseguran la articulaci\u00f3n con el tejido urbano existente.<\/p>\n<figure class=\"js-image-size media-plan\" aria-labelledby=\"5a027235b22e38b1dc000700\" data-height=\"424\" data-width=\"640\">\n<div class=\"image-bookmark\">\n<div class=\"bookmark-this-icon\"><\/div>\n<\/div>\n<p><a class=\"js-image-size__link lazy-anchor\" href=\"https:\/\/www.plataformaarquitectura.cl\/cl\/884922\/chauveau-26-viviendas-sociales-odile-plus-guzy-architectes\/5a027235b22e38b1dc000700-chauveau-26-social-dwellings-odile-plus-guzy-architectes-\"> <img decoding=\"async\" class=\"b-lazy b-loaded\" src=\"https:\/\/images.adsttc.com\/media\/images\/5a02\/7235\/b22e\/38b1\/dc00\/0700\/newsletter\/PLANS_009.jpg?1510109742\" alt=\"Cortes\u00eda de ODILE+GUZY architectes\" longdesc=\"https:\/\/www.plataformaarquitectura.cl\/cl\/884922\/chauveau-26-viviendas-sociales-odile-plus-guzy-architectes\/5a027235b22e38b1dc000700-chauveau-26-social-dwellings-odile-plus-guzy-architectes-\" \/>\u00a0<\/a><\/figure>\n<p dir=\"ltr\">Se ha prestado especial atenci\u00f3n a la quinta fachada. Los techos de tejas de las casas crean un paisaje colorido con vistas a la vivienda. Contrastando voluntariamente con las mon\u00f3tonas fachadas de las viviendas circundantes, estas recuerdan al patr\u00f3n caracter\u00edstico de los edificios hist\u00f3ricos en Borgo\u00f1a.<\/p>\n<figure class=\"js-image-size media-picture\" aria-labelledby=\"5a0276cdb22e38b1dc000712\" data-height=\"480\" data-width=\"640\">\n<div class=\"image-bookmark\">\n<div class=\"bookmark-this-icon\"><\/div>\n<\/div>\n<p><a class=\"js-image-size__link lazy-anchor\" href=\"https:\/\/www.plataformaarquitectura.cl\/cl\/884922\/chauveau-26-viviendas-sociales-odile-plus-guzy-architectes\/5a0276cdb22e38b1dc000712-chauveau-26-social-dwellings-odile-plus-guzy-architectes-photo\"> <img decoding=\"async\" class=\"b-lazy b-loaded\" src=\"https:\/\/images.adsttc.com\/media\/images\/5a02\/76cd\/b22e\/38b1\/dc00\/0712\/newsletter\/PHOTO_20.jpg?1510110897\" alt=\"\u00a9 David Foessel\" longdesc=\"https:\/\/www.plataformaarquitectura.cl\/cl\/884922\/chauveau-26-viviendas-sociales-odile-plus-guzy-architectes\/5a0276cdb22e38b1dc000712-chauveau-26-social-dwellings-odile-plus-guzy-architectes-photo\" \/>\u00a0<\/a><\/figure>\n<figure class=\"js-image-size media-picture\" aria-labelledby=\"5a0276cdb22e38b1dc000712\" data-height=\"480\" data-width=\"640\">Cada una de las viviendas tiene una orientaci\u00f3n doble, los ba\u00f1os y las cocinas se han colocado a lo largo de la fachada y se benefician de la luz natural directa y la ventilaci\u00f3n.<\/figure>\n<figure class=\"js-image-size media-picture\" aria-labelledby=\"5a0274c1b22e38b1dc000708\" data-height=\"448\" data-width=\"640\">\n<div class=\"image-bookmark\">\n<div class=\"bookmark-this-icon\"><\/div>\n<\/div>\n<p><a class=\"js-image-size__link lazy-anchor\" href=\"https:\/\/www.plataformaarquitectura.cl\/cl\/884922\/chauveau-26-viviendas-sociales-odile-plus-guzy-architectes\/5a0274c1b22e38b1dc000708-chauveau-26-social-dwellings-odile-plus-guzy-architectes-photo\"> <img decoding=\"async\" class=\"b-lazy b-loaded\" src=\"https:\/\/images.adsttc.com\/media\/images\/5a02\/74c1\/b22e\/38b1\/dc00\/0708\/newsletter\/PHOTO_10.jpg?1510110382\" alt=\"\u00a9 David Foessel\" longdesc=\"https:\/\/www.plataformaarquitectura.cl\/cl\/884922\/chauveau-26-viviendas-sociales-odile-plus-guzy-architectes\/5a0274c1b22e38b1dc000708-chauveau-26-social-dwellings-odile-plus-guzy-architectes-photo\" \/>\u00a0<\/a><\/figure>\n<p dir=\"ltr\">Las entradas se\u00a0ubican con el fin de maximizar el espacio para las \u00e1reas de estar. La cocina y las salas de estar se extienden por generosos jardines, patios o balcones de acuerdo con cada tipolog\u00eda. Extender \u00e1reas comunes, caminos, escaleras externas, permite una amplia variedad de usos, pr\u00e1cticas e interacciones sociales.<\/p>\n<p>Siendo una prioridad el uso de un <strong>m\u00e9todo de construcci\u00f3n de madera rentable<\/strong>. La estructura, los <strong>postes de madera<\/strong>, la losa de piso de\u00a0hormig\u00f3n y el <strong>marco de fachada de madera<\/strong> cumplen con los requisitos normativos de una\u00a0forma econ\u00f3mica, al mismo tiempo que eliminan los elementos de soporte intermedios dentro de las\u00a0viviendas para garantizar la flexibilidad de los espacios. Esta soluci\u00f3n simple es posible gracias a la racionalidad de la planta y una superposici\u00f3n rigurosa de las tipolog\u00edas.<\/p>\n<figure class=\"js-image-size media-picture\" aria-labelledby=\"5a0273eab22e3816ed000375\" data-height=\"480\" data-width=\"640\">\n<div class=\"image-bookmark\">\n<div class=\"bookmark-this-icon\"><\/div>\n<\/div>\n<p><a class=\"js-image-size__link lazy-anchor\" href=\"https:\/\/www.plataformaarquitectura.cl\/cl\/884922\/chauveau-26-viviendas-sociales-odile-plus-guzy-architectes\/5a0273eab22e3816ed000375-chauveau-26-social-dwellings-odile-plus-guzy-architectes-photo\"> <img decoding=\"async\" class=\"b-lazy b-loaded\" src=\"https:\/\/images.adsttc.com\/media\/images\/5a02\/73ea\/b22e\/3816\/ed00\/0375\/newsletter\/PHOTO_07.jpg?1510110149\" alt=\"\u00a9 David Foessel\" longdesc=\"https:\/\/www.plataformaarquitectura.cl\/cl\/884922\/chauveau-26-viviendas-sociales-odile-plus-guzy-architectes\/5a0273eab22e3816ed000375-chauveau-26-social-dwellings-odile-plus-guzy-architectes-photo\" \/>\u00a0<\/a><\/figure>\n<p dir=\"ltr\">La<strong> fachada del proyecto est\u00e1 hecha de madera de abeto<\/strong> modificada t\u00e9rmicamente\u00a0que asegura un envejecimiento armonioso. Con el paso de los a\u00f1os, el revestimiento conseguir\u00e1 un tono gris carb\u00f3n y contrastar\u00e1 con los elementos de metal blanco de las fachadas.<\/p>\n<h6 dir=\"ltr\">Noticia publicada por plataforma arquitectura.<br \/>\nArquitectos ODILE+GUZY architectes.<br \/>\nArquitecto Julien Odile, Micha\u00ebl Guzy.<br \/>\nFotograf\u00edas David Foessel<\/h6>\n<\/div><\/section>\n","protected":false},"excerpt":{"rendered":"","protected":false},"author":1001087,"featured_media":15399,"comment_status":"closed","ping_status":"closed","sticky":false,"template":"","format":"standard","meta":{"footnotes":""},"categories":[99],"tags":[],"class_list":["post-7186","post","type-post","status-publish","format-standard","has-post-thumbnail","hentry","category-construcciones-en-madera"],"_links":{"self":[{"href":"https:\/\/www.maderasmenur.com\/it\/wp-json\/wp\/v2\/posts\/7186","targetHints":{"allow":["GET"]}}],"collection":[{"href":"https:\/\/www.maderasmenur.com\/it\/wp-json\/wp\/v2\/posts"}],"about":[{"href":"https:\/\/www.maderasmenur.com\/it\/wp-json\/wp\/v2\/types\/post"}],"author":[{"embeddable":true,"href":"https:\/\/www.maderasmenur.com\/it\/wp-json\/wp\/v2\/users\/1001087"}],"replies":[{"embeddable":true,"href":"https:\/\/www.maderasmenur.com\/it\/wp-json\/wp\/v2\/comments?post=7186"}],"version-history":[{"count":0,"href":"https:\/\/www.maderasmenur.com\/it\/wp-json\/wp\/v2\/posts\/7186\/revisions"}],"wp:featuredmedia":[{"embeddable":true,"href":"https:\/\/www.maderasmenur.com\/it\/wp-json\/wp\/v2\/media\/15399"}],"wp:attachment":[{"href":"https:\/\/www.maderasmenur.com\/it\/wp-json\/wp\/v2\/media?parent=7186"}],"wp:term":[{"taxonomy":"category","embeddable":true,"href":"https:\/\/www.maderasmenur.com\/it\/wp-json\/wp\/v2\/categories?post=7186"},{"taxonomy":"post_tag","embeddable":true,"href":"https:\/\/www.maderasmenur.com\/it\/wp-json\/wp\/v2\/tags?post=7186"}],"curies":[{"name":"wp","href":"https:\/\/api.w.org\/{rel}","templated":true}]}}