{"id":7189,"date":"2017-12-14T22:43:31","date_gmt":"2017-12-14T21:43:31","guid":{"rendered":"https:\/\/www.maderasmenur.com\/?p=7189"},"modified":"2019-12-09T17:48:29","modified_gmt":"2019-12-09T16:48:29","slug":"maderas-menur-colabora-ciclo-formacion-del-ies-la-rosaleda-malaga","status":"publish","type":"post","link":"https:\/\/www.maderasmenur.com\/it\/maderas-menur-colabora-ciclo-formacion-del-ies-la-rosaleda-malaga\/","title":{"rendered":"Maderas Menur colabora con un ciclo de formaci\u00f3n del IES La Rosaleda (M\u00e1laga)."},"content":{"rendered":"\n<style type=\"text\/css\" data-created_by=\"avia_inline_auto\" id=\"style-css-av-k3yo627t-71215720870eead4f66c294e50964524\">\n#top .av-special-heading.av-k3yo627t-71215720870eead4f66c294e50964524{\npadding-bottom:30px;\n}\nbody .av-special-heading.av-k3yo627t-71215720870eead4f66c294e50964524 .av-special-heading-tag .heading-char{\nfont-size:25px;\n}\n.av-special-heading.av-k3yo627t-71215720870eead4f66c294e50964524 .av-subheading{\nfont-size:15px;\n}\n<\/style>\n<div  class='av-special-heading av-k3yo627t-71215720870eead4f66c294e50964524 av-special-heading-h1 blockquote modern-quote modern-centered  avia-builder-el-0  el_before_av_textblock  avia-builder-el-first '><h1 class='av-special-heading-tag '  itemprop=\"headline\"  >Maderas Menur colabora con un ciclo de formaci\u00f3n del IES La Rosaleda (M\u00e1laga).<\/h1><div class=\"special-heading-border\"><div class=\"special-heading-inner-border\"><\/div><\/div><\/div>\n<section  class='av_textblock_section av-av_textblock-445188a952fb265869ea404d0e52fad7 '   itemscope=\"itemscope\" itemtype=\"https:\/\/schema.org\/BlogPosting\" itemprop=\"blogPost\" ><div class='avia_textblock'  itemprop=\"text\" ><p><a href=\"https:\/\/www.maderasmenur.com\/wp-content\/uploads\/reunion-en-maderas-menur-con-instituto-la-rosaleda-de-malaga.jpg\"><img loading=\"lazy\" decoding=\"async\" class=\"wp-image-7190 alignleft\" src=\"https:\/\/www.maderasmenur.com\/wp-content\/uploads\/reunion-en-maderas-menur-con-instituto-la-rosaleda-de-malaga-300x225.jpg\" alt=\"\" width=\"355\" height=\"266\" srcset=\"https:\/\/www.maderasmenur.com\/wp-content\/uploads\/reunion-en-maderas-menur-con-instituto-la-rosaleda-de-malaga-300x225.jpg 300w, https:\/\/www.maderasmenur.com\/wp-content\/uploads\/reunion-en-maderas-menur-con-instituto-la-rosaleda-de-malaga-768x576.jpg 768w, https:\/\/www.maderasmenur.com\/wp-content\/uploads\/reunion-en-maderas-menur-con-instituto-la-rosaleda-de-malaga-1030x773.jpg 1030w, https:\/\/www.maderasmenur.com\/wp-content\/uploads\/reunion-en-maderas-menur-con-instituto-la-rosaleda-de-malaga-705x529.jpg 705w, https:\/\/www.maderasmenur.com\/wp-content\/uploads\/reunion-en-maderas-menur-con-instituto-la-rosaleda-de-malaga-450x338.jpg 450w, https:\/\/www.maderasmenur.com\/wp-content\/uploads\/reunion-en-maderas-menur-con-instituto-la-rosaleda-de-malaga-20x15.jpg 20w, https:\/\/www.maderasmenur.com\/wp-content\/uploads\/reunion-en-maderas-menur-con-instituto-la-rosaleda-de-malaga.jpg 1080w\" sizes=\"auto, (max-width: 355px) 100vw, 355px\" \/><\/a>Hoy es uno de esos d\u00edas, en los que uno se siente un poquito m\u00e1s orgulloso, no s\u00f3lo por todo lo que hemos en <a href=\"http:\/\/www.maderasmenur.com\">Maderas Menur<\/a>, y el especial cuidado en todo lo que hacemos y fabricamos <em>(p\u00e9rgolas, kioscos de playa, chiringuitos, terrazas, casa de madera, casas rodantes, pasarelas, parques caninos,&#8230;)<\/em> para dar respuesta a nuestros clientes. Sino por poder participar poniendo nuestro granito de arena en formar a futuros profesionales del sector, en colaboraci\u00f3n con el\u00a0<strong>IES La Rosaleda (M\u00e1laga) del ciclo de grado superior de &#8220;Dise\u00f1o y Amueblamiento&#8221;, <\/strong>que gracias al <strong>acuerdo de formaci\u00f3n dual<\/strong> permitir\u00e1 que sus alumnos puedan hacer pr\u00e1cticas en nuestra empresa.<\/p>\n<p><strong>Todo un reto, cargado de ilusi\u00f3n. Gracias. <\/strong><\/p>\n<\/div><\/section>\n","protected":false},"excerpt":{"rendered":"","protected":false},"author":1001087,"featured_media":7190,"comment_status":"closed","ping_status":"closed","sticky":false,"template":"","format":"standard","meta":{"footnotes":""},"categories":[19],"tags":[],"class_list":["post-7189","post","type-post","status-publish","format-standard","has-post-thumbnail","hentry","category-noticias"],"_links":{"self":[{"href":"https:\/\/www.maderasmenur.com\/it\/wp-json\/wp\/v2\/posts\/7189","targetHints":{"allow":["GET"]}}],"collection":[{"href":"https:\/\/www.maderasmenur.com\/it\/wp-json\/wp\/v2\/posts"}],"about":[{"href":"https:\/\/www.maderasmenur.com\/it\/wp-json\/wp\/v2\/types\/post"}],"author":[{"embeddable":true,"href":"https:\/\/www.maderasmenur.com\/it\/wp-json\/wp\/v2\/users\/1001087"}],"replies":[{"embeddable":true,"href":"https:\/\/www.maderasmenur.com\/it\/wp-json\/wp\/v2\/comments?post=7189"}],"version-history":[{"count":0,"href":"https:\/\/www.maderasmenur.com\/it\/wp-json\/wp\/v2\/posts\/7189\/revisions"}],"wp:featuredmedia":[{"embeddable":true,"href":"https:\/\/www.maderasmenur.com\/it\/wp-json\/wp\/v2\/media\/7190"}],"wp:attachment":[{"href":"https:\/\/www.maderasmenur.com\/it\/wp-json\/wp\/v2\/media?parent=7189"}],"wp:term":[{"taxonomy":"category","embeddable":true,"href":"https:\/\/www.maderasmenur.com\/it\/wp-json\/wp\/v2\/categories?post=7189"},{"taxonomy":"post_tag","embeddable":true,"href":"https:\/\/www.maderasmenur.com\/it\/wp-json\/wp\/v2\/tags?post=7189"}],"curies":[{"name":"wp","href":"https:\/\/api.w.org\/{rel}","templated":true}]}}