{"id":7217,"date":"2018-02-26T23:45:26","date_gmt":"2018-02-26T22:45:26","guid":{"rendered":"https:\/\/www.maderasmenur.com\/?p=7217"},"modified":"2019-12-10T10:30:02","modified_gmt":"2019-12-10T09:30:02","slug":"centro-inormacion-paneum-austria-madera-laminada-curvada","status":"publish","type":"post","link":"https:\/\/www.maderasmenur.com\/it\/centro-inormacion-paneum-austria-madera-laminada-curvada\/","title":{"rendered":"Centro de Formaci\u00f3n PANEUM (Austria) de madera laminada curvada"},"content":{"rendered":"\n<style type=\"text\/css\" data-created_by=\"avia_inline_auto\" id=\"style-css-av-k3znx6pn-b3c6e45723d64b9070ec7fe824034f66\">\n#top .av-special-heading.av-k3znx6pn-b3c6e45723d64b9070ec7fe824034f66{\npadding-bottom:30px;\n}\nbody .av-special-heading.av-k3znx6pn-b3c6e45723d64b9070ec7fe824034f66 .av-special-heading-tag .heading-char{\nfont-size:25px;\n}\n.av-special-heading.av-k3znx6pn-b3c6e45723d64b9070ec7fe824034f66 .av-subheading{\nfont-size:15px;\n}\n<\/style>\n<div  class='av-special-heading av-k3znx6pn-b3c6e45723d64b9070ec7fe824034f66 av-special-heading-h1 blockquote modern-quote modern-centered  avia-builder-el-0  el_before_av_textblock  avia-builder-el-first '><h1 class='av-special-heading-tag '  itemprop=\"headline\"  >Centro de Formaci\u00f3n PANEUM (Austria) de madera laminada curvada<\/h1><div class=\"special-heading-border\"><div class=\"special-heading-inner-border\"><\/div><\/div><\/div>\n<section  class='av_textblock_section av-av_textblock-445188a952fb265869ea404d0e52fad7 '   itemscope=\"itemscope\" itemtype=\"https:\/\/schema.org\/BlogPosting\" itemprop=\"blogPost\" ><div class='avia_textblock'  itemprop=\"text\" ><p>El Centro de Informaci\u00f3n al Cliente y Foro de Eventos PANEUM para la empresa Backaldrin en Asten consta de 2 elementos: un z\u00f3calo en forma de caja con vest\u00edbulo y salas de eventos, un \u00e1rea de exposici\u00f3n de dos pisos de forma libre flotando en la parte superior.<\/p>\n<p>El edificio de base cuadrada muestra una fachada de hormig\u00f3n moldeado mientras que la estructura de <a href=\"http:\/\/www,laminur.com\">madera redondeada<\/a> del museo est\u00e1 revestida con tejas de acero inoxidable.<\/p>\n<p><a href=\"https:\/\/www.laminur.com\/wp-content\/uploads\/2018\/02\/P_1321_II_F004_MP.jpg\"><img loading=\"lazy\" decoding=\"async\" class=\"aligncenter size-large wp-image-4269\" src=\"https:\/\/www.laminur.com\/wp-content\/uploads\/2018\/02\/P_1321_II_F004_MP-1030x686.jpg\" alt=\"\" width=\"1030\" height=\"686\" \/><\/a><\/p>\n<p>El edificio alberga las salas de eventos y las habitaciones contiguas. El dise\u00f1o del \u00e1rea de exposici\u00f3n se basa en la idea de un gabinete de curiosidades, un concepto para las colecciones originadas en el per\u00edodo barroco. Concepto apropiado para los objetos inusuales y de peque\u00f1a escala de la colecci\u00f3n relacionados con el tema que se presenta en el \u00e1rea de exposici\u00f3n.<\/p>\n<p>El centro est\u00e1 formado por un atrio circular, en el que los elementos seleccionados de la colecci\u00f3n se suspenden individualmente desde la parte superior, como en una ara\u00f1a de cristal diferenciada.<\/p>\n<p>El armaz\u00f3n de madera autoportante de la estructura de la exposici\u00f3n es visible en el interior. Se compone de c\u00edrculos\u00a0escalonados de madera laminada cruzada. Este m\u00e9todo de construcci\u00f3n permite la realizaci\u00f3n de la forma libre. El alto grado de prefabricaci\u00f3n con tecnolog\u00eda CNC 3D (control num\u00e9rico computarizado) permite un corto tiempo de construcci\u00f3n. Al dejar las tablas de madera con la forma precisa expuesta en el interior, con solo una capa de pintura, no se necesitaron acabados interiores adicionales.<\/p>\n<figure class=\"js-image-size media-picture\" aria-labelledby=\"59e5abf8b22e38393400015a\" data-height=\"426\" data-width=\"640\">\n<div class=\"image-bookmark\">\n<div class=\"bookmark-this-icon\"><a href=\"https:\/\/www.laminur.com\/wp-content\/uploads\/2018\/02\/P_1321_II_F014_MP.jpg\"><img loading=\"lazy\" decoding=\"async\" class=\"aligncenter size-large wp-image-4263\" src=\"https:\/\/www.laminur.com\/wp-content\/uploads\/2018\/02\/P_1321_II_F014_MP-1030x686.jpg\" alt=\"\" width=\"1030\" height=\"686\" \/><\/a><a href=\"https:\/\/www.laminur.com\/wp-content\/uploads\/2018\/02\/P_1321_II_F015_MP.jpg\"><img loading=\"lazy\" decoding=\"async\" class=\"aligncenter size-large wp-image-4264\" src=\"https:\/\/www.laminur.com\/wp-content\/uploads\/2018\/02\/P_1321_II_F015_MP-1030x686.jpg\" alt=\"\" width=\"1030\" height=\"686\" \/><\/a><a href=\"https:\/\/www.laminur.com\/wp-content\/uploads\/2018\/02\/P_1321_II_F017_MP.jpg\"><img loading=\"lazy\" decoding=\"async\" class=\"aligncenter size-large wp-image-4265\" src=\"https:\/\/www.laminur.com\/wp-content\/uploads\/2018\/02\/P_1321_II_F017_MP-1030x700.jpg\" alt=\"\" width=\"1030\" height=\"700\" \/><\/a><a href=\"https:\/\/www.laminur.com\/wp-content\/uploads\/2018\/02\/P_1321_II_F023_MP.jpg\"><img loading=\"lazy\" decoding=\"async\" class=\"aligncenter size-large wp-image-4266\" src=\"https:\/\/www.laminur.com\/wp-content\/uploads\/2018\/02\/P_1321_II_F023_MP-1030x571.jpg\" alt=\"\" width=\"1030\" height=\"571\" \/><\/a><a href=\"https:\/\/www.laminur.com\/wp-content\/uploads\/2018\/02\/P_1321_II_F024_MP.jpg\"><img loading=\"lazy\" decoding=\"async\" class=\"aligncenter size-large wp-image-4267\" src=\"https:\/\/www.laminur.com\/wp-content\/uploads\/2018\/02\/P_1321_II_F024_MP-1030x686.jpg\" alt=\"\" width=\"1030\" height=\"686\" \/><\/a><a href=\"https:\/\/www.laminur.com\/wp-content\/uploads\/2018\/02\/P_1321_II_F026_MP.jpg\"><img loading=\"lazy\" decoding=\"async\" class=\"aligncenter size-large wp-image-4268\" src=\"https:\/\/www.laminur.com\/wp-content\/uploads\/2018\/02\/P_1321_II_F026_MP-1030x686.jpg\" alt=\"\" width=\"1030\" height=\"686\" \/><\/a><\/div>\n<\/div>\n<\/figure>\n<h6><em>https:\/\/www.plataformaarquitectura.cl\/cl\/888963\/centro-paneum-coop-himmelb-l-au<\/em><\/h6>\n<h6><em>Arquitectos:Coop Himmelb(l)au. Ubicaci\u00f3n: Asten,Austria. Dise\u00f1ador principal: Wolf D. Prix. \u00c1rea: 1850 m2. A\u00f1o Proyecto: 2017. Fotograf\u00edas: Markus Pillhofer.<\/em><\/h6>\n<\/div><\/section>\n","protected":false},"excerpt":{"rendered":"","protected":false},"author":1001087,"featured_media":15573,"comment_status":"closed","ping_status":"closed","sticky":false,"template":"","format":"standard","meta":{"footnotes":""},"categories":[99],"tags":[],"class_list":["post-7217","post","type-post","status-publish","format-standard","has-post-thumbnail","hentry","category-construcciones-en-madera"],"_links":{"self":[{"href":"https:\/\/www.maderasmenur.com\/it\/wp-json\/wp\/v2\/posts\/7217","targetHints":{"allow":["GET"]}}],"collection":[{"href":"https:\/\/www.maderasmenur.com\/it\/wp-json\/wp\/v2\/posts"}],"about":[{"href":"https:\/\/www.maderasmenur.com\/it\/wp-json\/wp\/v2\/types\/post"}],"author":[{"embeddable":true,"href":"https:\/\/www.maderasmenur.com\/it\/wp-json\/wp\/v2\/users\/1001087"}],"replies":[{"embeddable":true,"href":"https:\/\/www.maderasmenur.com\/it\/wp-json\/wp\/v2\/comments?post=7217"}],"version-history":[{"count":0,"href":"https:\/\/www.maderasmenur.com\/it\/wp-json\/wp\/v2\/posts\/7217\/revisions"}],"wp:featuredmedia":[{"embeddable":true,"href":"https:\/\/www.maderasmenur.com\/it\/wp-json\/wp\/v2\/media\/15573"}],"wp:attachment":[{"href":"https:\/\/www.maderasmenur.com\/it\/wp-json\/wp\/v2\/media?parent=7217"}],"wp:term":[{"taxonomy":"category","embeddable":true,"href":"https:\/\/www.maderasmenur.com\/it\/wp-json\/wp\/v2\/categories?post=7217"},{"taxonomy":"post_tag","embeddable":true,"href":"https:\/\/www.maderasmenur.com\/it\/wp-json\/wp\/v2\/tags?post=7217"}],"curies":[{"name":"wp","href":"https:\/\/api.w.org\/{rel}","templated":true}]}}