{"id":7227,"date":"2018-03-07T23:35:19","date_gmt":"2018-03-07T22:35:19","guid":{"rendered":"https:\/\/www.maderasmenur.com\/?p=7227"},"modified":"2019-12-11T12:53:12","modified_gmt":"2019-12-11T11:53:12","slug":"honda-apuesta-modelo-urban-ev-concept-acabados-madera","status":"publish","type":"post","link":"https:\/\/www.maderasmenur.com\/it\/honda-apuesta-modelo-urban-ev-concept-acabados-madera\/","title":{"rendered":"Honda apuesta en su modelo URban EV Concept en acabados en madera"},"content":{"rendered":"\n<style type=\"text\/css\" data-created_by=\"avia_inline_auto\" id=\"style-css-av-av_heading-b0358c6bf0f91094c6a52e2e5d9814c6\">\n#top .av-special-heading.av-av_heading-b0358c6bf0f91094c6a52e2e5d9814c6{\npadding-bottom:10px;\n}\nbody .av-special-heading.av-av_heading-b0358c6bf0f91094c6a52e2e5d9814c6 .av-special-heading-tag .heading-char{\nfont-size:25px;\n}\n.av-special-heading.av-av_heading-b0358c6bf0f91094c6a52e2e5d9814c6 .av-subheading{\nfont-size:15px;\n}\n<\/style>\n<div  class='av-special-heading av-av_heading-b0358c6bf0f91094c6a52e2e5d9814c6 av-special-heading-h1 blockquote modern-quote modern-centered  avia-builder-el-0  el_before_av_textblock  avia-builder-el-first '><h1 class='av-special-heading-tag '  itemprop=\"headline\"  >URban EV Concept de Honda en acabados de madera<\/h1><div class=\"special-heading-border\"><div class=\"special-heading-inner-border\"><\/div><\/div><\/div>\n<section  class='av_textblock_section av-36pqp7-456b619d1d9af1402396480719517df2 '   itemscope=\"itemscope\" itemtype=\"https:\/\/schema.org\/BlogPosting\" itemprop=\"blogPost\" ><div class='avia_textblock'  itemprop=\"text\" ><p><b>Honda Urban EV Concept, el urbanita que llegar\u00e1 pronto <\/b><\/p>\n<p>El el\u00e9ctrico peque\u00f1o de<b> Honda<\/b> es una de las novedades que pronto veremos rodar por nuestras carreteras, ya que la marca japonesa tiene planeado empezarlo a<b> producir en 2019<\/b>.<\/p>\n<div>\n<figure class=\"story-leaf-body-image\"><img decoding=\"async\" class=\"img-responsive\" src=\"http:\/\/www.lavanguardia.com\/r\/GODO\/LV\/p5\/WebSite\/2018\/03\/07\/Recortada\/img_lsaura_20180307-102910_imagenes_lv_terceros_113870_urban_ev_concept-kI0G--656x492@LaVanguardia-Web.jpg\" alt=\"El nuevo Honda a\u00fan incorpora elementos de conducci\u00f3n manual como el volante y los pedales\" \/><figcaption><\/figcaption><\/figure>\n<\/div>\n<p>Es un veh\u00edculo<b> de l\u00edneas simples y minimalistas<\/b>, para cuatro ocupantes, distribuidos en dos asientos tipo banco, con acabados de madera en el interior. Es un<b> coche conectado <\/b>y capaz de dar mensajes interactivos a los pasajeros, e incluye una amplia pantalla en el salpicadero que da informaci\u00f3n sobre la conducci\u00f3n. Se trata de un veh\u00edculo el\u00e9ctrico con car\u00e1cter urbanita y futurista, que dispondr\u00e1 de una bater\u00eda capaz de cargarse en<b> tan solo 15 minutos<\/b>, algo que revolucionar\u00e1 totalmente el uso del coche el\u00e9ctrico que conoc\u00edamos hasta ahora.<\/p>\n<p><img loading=\"lazy\" decoding=\"async\" id=\"img\" class=\"alignnone\" src=\"https:\/\/icdn-4.motor1.com\/images\/mgl\/WzMPg\/s1\/honda-urban-ev-concept-official-image.jpg\" alt=\"Vehiculo Honda\" width=\"1920\" height=\"1080\" \/><\/p>\n<p><img loading=\"lazy\" decoding=\"async\" id=\"img\" class=\"alignnone\" src=\"http:\/\/tophondacars.com\/wp-content\/uploads\/Honda-Urban-EV-Concept-interior-630x419.jpg\" alt=\"Interior veh\u00edculo Honda\" width=\"994\" height=\"661\" \/><\/p>\n<p><img loading=\"lazy\" decoding=\"async\" id=\"img\" class=\"alignnone\" src=\"http:\/\/www.honda.co.jp\/motorshow\/2017\/detail\/002\/images\/slide04.jpg\" alt=\"Honda Urban EV\" width=\"1960\" height=\"1100\" \/><\/p>\n<p>La madera m\u00e1s presente que nunca no s\u00f3lo en construcciones, tambi\u00e9n en lo \u00faltimo en veh\u00edculos. Enhorabuena Honda. La madera esta de moda.<\/p>\n<\/div><\/section>\n","protected":false},"excerpt":{"rendered":"","protected":false},"author":1001087,"featured_media":15446,"comment_status":"closed","ping_status":"closed","sticky":false,"template":"","format":"standard","meta":{"footnotes":""},"categories":[19],"tags":[],"class_list":["post-7227","post","type-post","status-publish","format-standard","has-post-thumbnail","hentry","category-noticias"],"_links":{"self":[{"href":"https:\/\/www.maderasmenur.com\/it\/wp-json\/wp\/v2\/posts\/7227","targetHints":{"allow":["GET"]}}],"collection":[{"href":"https:\/\/www.maderasmenur.com\/it\/wp-json\/wp\/v2\/posts"}],"about":[{"href":"https:\/\/www.maderasmenur.com\/it\/wp-json\/wp\/v2\/types\/post"}],"author":[{"embeddable":true,"href":"https:\/\/www.maderasmenur.com\/it\/wp-json\/wp\/v2\/users\/1001087"}],"replies":[{"embeddable":true,"href":"https:\/\/www.maderasmenur.com\/it\/wp-json\/wp\/v2\/comments?post=7227"}],"version-history":[{"count":0,"href":"https:\/\/www.maderasmenur.com\/it\/wp-json\/wp\/v2\/posts\/7227\/revisions"}],"wp:featuredmedia":[{"embeddable":true,"href":"https:\/\/www.maderasmenur.com\/it\/wp-json\/wp\/v2\/media\/15446"}],"wp:attachment":[{"href":"https:\/\/www.maderasmenur.com\/it\/wp-json\/wp\/v2\/media?parent=7227"}],"wp:term":[{"taxonomy":"category","embeddable":true,"href":"https:\/\/www.maderasmenur.com\/it\/wp-json\/wp\/v2\/categories?post=7227"},{"taxonomy":"post_tag","embeddable":true,"href":"https:\/\/www.maderasmenur.com\/it\/wp-json\/wp\/v2\/tags?post=7227"}],"curies":[{"name":"wp","href":"https:\/\/api.w.org\/{rel}","templated":true}]}}