{"id":7244,"date":"2018-03-22T23:41:52","date_gmt":"2018-03-22T22:41:52","guid":{"rendered":"https:\/\/www.maderasmenur.com\/?p=7244"},"modified":"2019-12-19T08:38:40","modified_gmt":"2019-12-19T07:38:40","slug":"la-casa-casi-cubo-piel-madera","status":"publish","type":"post","link":"https:\/\/www.maderasmenur.com\/it\/la-casa-casi-cubo-piel-madera\/","title":{"rendered":"La casa Casi Cubo con piel de madera"},"content":{"rendered":"<h3 class=\"entradilla\" style=\"text-align: justify;\">El estudio chileno &#8220;LAND Arquitectos&#8221; construye la &#8220;Casa Casi Cubo&#8221;, en Punta de Lobos, a partir de conceptos como filtro, l\u00edmite y piel, generando un volumen deformado para dar respuesta al entorno, que queda recubierto por un entramado de madera permeable a la luz.<\/h3>\n<p style=\"text-align: justify;\">Las obras del estudio <strong>LAND Arquitectos<\/strong>, con sede en Santiago de Chile se caracterizan por su compromiso social, su preocupaci\u00f3n medioambiental y su apuesta por los valores locales del lugar donde se desarrollan. Sensibilizados con la ecolog\u00eda, sus proyectos abogan por la relaci\u00f3n entre urbanismo y territorio, entre arquitectura y paisaje. La Casa Casi Cubo resuelve el programa de una segunda residencia, una vivienda para pasar las vacaciones en la costa, ubicada en una suave ladera en pendiente hacia la playa en Punta de Lobos (Chile).<\/p>\n<p><img decoding=\"async\" src=\"https:\/\/www.arquitecturayempresa.es\/sites\/default\/files\/content\/arquitectura_casa_casi_cubo_land_sergio_pirrone_01.jpg\" alt=\"\" \/><\/p>\n<p><img decoding=\"async\" src=\"https:\/\/www.arquitecturayempresa.es\/sites\/default\/files\/content\/arquitectura_casa_casi_cubo_land_02.jpg\" alt=\"\" \/><\/p>\n<p style=\"text-align: justify;\">La volumetr\u00eda conseguida no recurre a formalismos o figuras concebidas previamente, sino que presenta un car\u00e1cter abstracto, donde han primado las respuestas a condicionantes del entorno y la orientaci\u00f3n. Aspectos como el soleamiento, la protecci\u00f3n frente al viento procedente del sur o la apertura hacia las mejores vistas, han condicionado la forma de la edificaci\u00f3n.<\/p>\n<p><img decoding=\"async\" src=\"https:\/\/www.arquitecturayempresa.es\/sites\/default\/files\/content\/arquitectura_casa_casi_cubo_land_sergio_pirrone_02.jpg\" alt=\"\" \/><\/p>\n<p><img decoding=\"async\" src=\"https:\/\/www.arquitecturayempresa.es\/sites\/default\/files\/content\/arquitectura_casa_casi_cubo_land_sergio_pirrone_03.jpg\" alt=\"\" \/><\/p>\n<p style=\"text-align: justify;\">La casa presenta un cuerpo cerrado y protegido, como un refugio, donde se desarrolla la mayor parte del programa, y que se ve envuelto en una piel permeable a la luz y el viento. Este cerramiento, resuelto con listones de <a href=\"http:\/\/www.maderasmenur.com\">madera<\/a> de pino, configura el per\u00edmetro edificado en tres de los lados de la vivienda. Por el contrario, el frente queda abierto y acristalado, con amplias vistas hacia el mar.<\/p>\n<p><img decoding=\"async\" src=\"https:\/\/www.arquitecturayempresa.es\/sites\/default\/files\/content\/arquitectura_casa_casi_cubo_land_sergio_pirrone_04.jpg\" alt=\"\" \/><\/p>\n<p><img decoding=\"async\" src=\"https:\/\/www.arquitecturayempresa.es\/sites\/default\/files\/content\/arquitectura_casa_casi_cubo_land_sergio_pirrone_05.jpg\" alt=\"\" \/><\/p>\n<p style=\"text-align: justify;\">La piel exterior se formaliza como un l\u00edmite f\u00edsico pero no visual, al materializarse como un entramado de <a href=\"http:\/\/www.laminur.com\">madera<\/a> abierto a las vistas, que quedan acotadas y fragmentadas; un filtro que la luz traspasa, dibujando sombras en el pavimento; una cortina que no impide que el viento la atraviese, pero s\u00ed que matiza y disminuye su efecto.<\/p>\n<p><img decoding=\"async\" src=\"https:\/\/www.arquitecturayempresa.es\/sites\/default\/files\/content\/arquitectura_casa_casi_cubo_land_sergio_pirrone_06.jpg\" alt=\"\" \/><\/p>\n<p><img decoding=\"async\" src=\"https:\/\/www.arquitecturayempresa.es\/sites\/default\/files\/content\/arquitectura_casa_casi_cubo_land_sergio_pirrone_07.jpg\" alt=\"\" \/><\/p>\n<p style=\"text-align: justify;\">La <a href=\"http:\/\/www.maderasmenur.com\">madera<\/a> domina la imagen exterior que se percibe de la casa, en contraste con el frente acristalado orientado a poniente. La doble piel presenta, en su entramado, un aspecto textil. Los montantes verticales, variando su dimensi\u00f3n en altura, junto a los travesa\u00f1os dispuestos en alineaciones alternadas, simulan la urdimbre de un tejido.<\/p>\n<p><img decoding=\"async\" src=\"https:\/\/www.arquitecturayempresa.es\/sites\/default\/files\/content\/arquitectura_casa_casi_cubo_land_sergio_pirrone_08.jpg\" alt=\"\" \/><\/p>\n<p><img decoding=\"async\" src=\"https:\/\/www.arquitecturayempresa.es\/sites\/default\/files\/content\/arquitectura_casa_casi_cubo_land_sergio_pirrone_09.jpg\" alt=\"\" \/><\/p>\n<p style=\"text-align: justify;\">Entre el coraz\u00f3n protegido de la vivienda y su doble piel surgen espacios intermedios, algunos intersticiales, utilizados para provocar circulaciones perimetrales, pasos angostos y muy acotados, o por el contrario, espacios amplios, semicubiertos, que acogen funciones a desarrollar al aire libre, zonas de estancia, para encender un fuego o preparar una barbacoa.<\/p>\n<p>Destaca el car\u00e1cter ambiguo de la gran estancia exterior, definida como ampliaci\u00f3n de la zona social de la casa, un espacio identificado como de encuentro, situado en el lado norte de la edificaci\u00f3n. Acotado, tanto lateralmente como en cubierta, por entramados de madera, se conforma como un espacio h\u00edbrido exterior-interior, de percepci\u00f3n cambiante gracias a la variaci\u00f3n de luces y sombras arrojadas.<\/p>\n<p><img decoding=\"async\" src=\"https:\/\/www.arquitecturayempresa.es\/sites\/default\/files\/content\/arquitectura_casa_casi_cubo_land_sergio_pirrone_13.jpg\" alt=\"\" \/><\/p>\n<p style=\"text-align: justify;\">El espacio interior se recrea en la contemplaci\u00f3n del paisaje circundante, y se ve alterado por el influjo de la luz y las sombras que desmaterializan, delinean y acotan ambientes y estancias en constante transformaci\u00f3n a lo largo del paso del tiempo.<\/p>\n<p style=\"text-align: justify;\">La <a href=\"http:\/\/www.laminur.com\">madera<\/a> vuelve a ser el material dominante en el interior. Los listones, en tono claro, recubren suelos, techos y cerramientos verticales. El mobiliario asume ese dominio y sucumbe al color blanco. En contraste a la uniformidad, la carpinter\u00eda emplea tonos negros, mientras la puerta de entrada y las perforaciones de la cubierta estallan en carm\u00edn.<\/p>\n<p>La estructura reivindica su autonom\u00eda frente a cerramientos y revestimientos. Soportes y vigas, tambi\u00e9n en madera, contrastan con su color pardo. Las formas inclinadas dibujan separaciones virtuales en el espacio, delimitan \u00e1mbitos irreales o enmarcan vistas distorsionadas.<\/p>\n<p style=\"text-align: justify;\">El car\u00e1cter abierto de los espacios, la transparencia de los cerramientos y la piel permeable al exterior generan visiones pasantes a trav\u00e9s de estancias y \u00e1mbitos diversos, vistas cruzadas, visuales tamizadas. La riqueza espacial aumenta gracias a la concatenaci\u00f3n de situaciones, la combinaci\u00f3n de las formas quebradas e inclinadas, o la piel desmaterializada al ser atravesada por la luz.<\/p>\n<h6>Noticia recogida en la web https:\/\/www.arquitecturayempresa.es\/noticia\/casa-casi-cubo-de-land-arquitectos. Fotograf\u00edas de <strong>Se<\/strong><strong>rgio Pirrone.<\/strong><\/h6>\n","protected":false},"excerpt":{"rendered":"<p>El estudio chileno &#8220;LAND Arquitectos&#8221; construye la &#8220;Casa Casi Cubo&#8221;, en Punta de Lobos, a partir de conceptos como filtro, l\u00edmite y piel, generando un volumen deformado para dar respuesta al entorno, que queda recubierto por un entramado de madera permeable a la luz. Las obras del estudio LAND Arquitectos, con sede en Santiago de [&hellip;]<\/p>\n","protected":false},"author":1001087,"featured_media":0,"comment_status":"closed","ping_status":"closed","sticky":false,"template":"","format":"standard","meta":{"footnotes":""},"categories":[99],"tags":[],"class_list":["post-7244","post","type-post","status-publish","format-standard","hentry","category-construcciones-en-madera"],"_links":{"self":[{"href":"https:\/\/www.maderasmenur.com\/it\/wp-json\/wp\/v2\/posts\/7244","targetHints":{"allow":["GET"]}}],"collection":[{"href":"https:\/\/www.maderasmenur.com\/it\/wp-json\/wp\/v2\/posts"}],"about":[{"href":"https:\/\/www.maderasmenur.com\/it\/wp-json\/wp\/v2\/types\/post"}],"author":[{"embeddable":true,"href":"https:\/\/www.maderasmenur.com\/it\/wp-json\/wp\/v2\/users\/1001087"}],"replies":[{"embeddable":true,"href":"https:\/\/www.maderasmenur.com\/it\/wp-json\/wp\/v2\/comments?post=7244"}],"version-history":[{"count":0,"href":"https:\/\/www.maderasmenur.com\/it\/wp-json\/wp\/v2\/posts\/7244\/revisions"}],"wp:attachment":[{"href":"https:\/\/www.maderasmenur.com\/it\/wp-json\/wp\/v2\/media?parent=7244"}],"wp:term":[{"taxonomy":"category","embeddable":true,"href":"https:\/\/www.maderasmenur.com\/it\/wp-json\/wp\/v2\/categories?post=7244"},{"taxonomy":"post_tag","embeddable":true,"href":"https:\/\/www.maderasmenur.com\/it\/wp-json\/wp\/v2\/tags?post=7244"}],"curies":[{"name":"wp","href":"https:\/\/api.w.org\/{rel}","templated":true}]}}