{"id":7248,"date":"2018-04-01T22:41:58","date_gmt":"2018-04-01T20:41:58","guid":{"rendered":"https:\/\/www.maderasmenur.com\/?p=7248"},"modified":"2019-12-12T09:20:49","modified_gmt":"2019-12-12T08:20:49","slug":"cal-rossa-alojamiento-rural-madera-genera-mas-energia-la-consume","status":"publish","type":"post","link":"https:\/\/www.maderasmenur.com\/it\/cal-rossa-alojamiento-rural-madera-genera-mas-energia-la-consume\/","title":{"rendered":"Cal Rossa, el alojamiento rural de madera que genera m\u00e1s energ\u00eda de la que consume"},"content":{"rendered":"\n<style type=\"text\/css\" data-created_by=\"avia_inline_auto\" id=\"style-css-av-k42gd4lq-23dcb751f0a3cd0d30dafb97deca97e9\">\n#top .av-special-heading.av-k42gd4lq-23dcb751f0a3cd0d30dafb97deca97e9{\npadding-bottom:10px;\n}\nbody .av-special-heading.av-k42gd4lq-23dcb751f0a3cd0d30dafb97deca97e9 .av-special-heading-tag .heading-char{\nfont-size:25px;\n}\n.av-special-heading.av-k42gd4lq-23dcb751f0a3cd0d30dafb97deca97e9 .av-subheading{\nfont-size:15px;\n}\n<\/style>\n<div  class='av-special-heading av-k42gd4lq-23dcb751f0a3cd0d30dafb97deca97e9 av-special-heading-h1 blockquote modern-quote  avia-builder-el-0  el_before_av_textblock  avia-builder-el-first '><h1 class='av-special-heading-tag '  itemprop=\"headline\"  >Cal Rossa: El alojamiento rural m\u00e1s sostenible<\/h1><div class=\"special-heading-border\"><div class=\"special-heading-inner-border\"><\/div><\/div><\/div>\n<section  class='av_textblock_section av-347i9c-9a316d254a49d066d535e467d0acca92 '   itemscope=\"itemscope\" itemtype=\"https:\/\/schema.org\/BlogPosting\" itemprop=\"blogPost\" ><div class='avia_textblock'  itemprop=\"text\" ><p style=\"text-align: justify;\">Cal Rossa, es un alojamiento rural situado en Ta\u00fas, en el Pirineo\u00a0Catal\u00e1n, y genera m\u00e1s energ\u00eda de la que\u00a0consume. Se trata de una construcci\u00f3n con una estructura de madera de tres plantas, 300 m2\u00a0y con una capacidad de hasta 23 hu\u00e9spedes.<\/p>\n<figure id=\"attachment_65295\" class=\"wp-caption aligncenter\" style=\"text-align: justify;\"><img loading=\"lazy\" decoding=\"async\" class=\"wp-image-65295 size-full\" src=\"https:\/\/static.construible.es\/media\/2018\/03\/cal-rossa-alojamiento-rural-madera-energia.png\" sizes=\"auto, (max-width: 800px) 100vw, 800px\" srcset=\"https:\/\/static.construible.es\/media\/2018\/03\/cal-rossa-alojamiento-rural-madera-energia.png 800w, https:\/\/static.construible.es\/media\/2018\/03\/cal-rossa-alojamiento-rural-madera-energia-300x154.png 300w, https:\/\/static.construible.es\/media\/2018\/03\/cal-rossa-alojamiento-rural-madera-energia-768x394.png 768w, https:\/\/static.construible.es\/media\/2018\/03\/cal-rossa-alojamiento-rural-madera-energia-180x92.png 180w\" alt=\"Cal Rossa, el alojamiento rural positivo de madera que genera m\u00e1s energ\u00eda de la que consume\" width=\"800\" height=\"410\" \/><\/figure>\n<p style=\"text-align: justify;\">Vehiculada alrededor de la rehabilitaci\u00f3n de un pajar y una cuadra que tradicionalmente ya\u00a0ten\u00edan un buen dise\u00f1o bioclim\u00e1tico, Cal Rossa se levanta sobre paredes de cierre de\u00a0 madera,\u00a0concretamente de entramado ligero, forjados y escaleras de CLT, un producto fabricado por\u00a0Fustes Sebastia y basado en un compuesto de l\u00e1minas de madera que se encolan en varias capas en forma de cruz. Como construcci\u00f3n eficiente de madera, Cal Rossa responde a las caracter\u00edsticas t\u00e9cnicas de la\u00a0casa eficiente: orientaci\u00f3n al sur, amplios ventanales que permiten que entre la radiaci\u00f3n solar y retener espectro infrarrojo, circuitos de ventilaci\u00f3n con recuperaci\u00f3n de calor que\u00a0aprovechan el aire caliente interior y un buen aislante t\u00e9rmico, en este caso fibra de madera\u00a0de 18 cm en la pared y 25 cm en el techo.<\/p>\n<p style=\"text-align: justify;\">La cubierta, permite integrar placas\u00a0fotovoltaicas. La estrategia para generar m\u00e1s energ\u00eda de la que consume se basa en el concepto de negawatt, que se refiere a la cantidad de energ\u00eda que se deja de necesitar gracias a la eficiencia\u00a0energ\u00e9tica. Esta estrategia se fundamenta en un cuidado dise\u00f1o y el dimensionamiento\u00a0bioclim\u00e1tico del edificio, capaz de aprovechar de forma \u00f3ptima, tanto en verano como en invierno, las condiciones\u00a0 ambientales de su entorno. El ahorro energ\u00e9tico\u00a0ligado al vector t\u00e9rmico respecto a un edificio convencional es cercano al 90%.\u00a0El techo fotovoltaico de Cal Rossa, con 5kWp de potencia instalada, ha demostrado en los seis\u00a0meses de funcionamiento que genera m\u00e1s energ\u00eda que la que consume la casa. Se estima que\u00a0esta tendencia se mantendr\u00e1 anualmente ya que tras el invierno se dispone de m\u00e1s horas de\u00a0radiaci\u00f3n solar. Esta energ\u00eda excedente del edificio se destinar\u00e1 a varios usos, como por\u00a0ejemplo la carga de bicicletas o de veh\u00edculos el\u00e9ctricos.<\/p>\n<\/div><\/section>\n","protected":false},"excerpt":{"rendered":"","protected":false},"author":1001087,"featured_media":0,"comment_status":"closed","ping_status":"closed","sticky":false,"template":"","format":"standard","meta":{"footnotes":""},"categories":[99],"tags":[],"class_list":["post-7248","post","type-post","status-publish","format-standard","hentry","category-construcciones-en-madera"],"_links":{"self":[{"href":"https:\/\/www.maderasmenur.com\/it\/wp-json\/wp\/v2\/posts\/7248","targetHints":{"allow":["GET"]}}],"collection":[{"href":"https:\/\/www.maderasmenur.com\/it\/wp-json\/wp\/v2\/posts"}],"about":[{"href":"https:\/\/www.maderasmenur.com\/it\/wp-json\/wp\/v2\/types\/post"}],"author":[{"embeddable":true,"href":"https:\/\/www.maderasmenur.com\/it\/wp-json\/wp\/v2\/users\/1001087"}],"replies":[{"embeddable":true,"href":"https:\/\/www.maderasmenur.com\/it\/wp-json\/wp\/v2\/comments?post=7248"}],"version-history":[{"count":0,"href":"https:\/\/www.maderasmenur.com\/it\/wp-json\/wp\/v2\/posts\/7248\/revisions"}],"wp:attachment":[{"href":"https:\/\/www.maderasmenur.com\/it\/wp-json\/wp\/v2\/media?parent=7248"}],"wp:term":[{"taxonomy":"category","embeddable":true,"href":"https:\/\/www.maderasmenur.com\/it\/wp-json\/wp\/v2\/categories?post=7248"},{"taxonomy":"post_tag","embeddable":true,"href":"https:\/\/www.maderasmenur.com\/it\/wp-json\/wp\/v2\/tags?post=7248"}],"curies":[{"name":"wp","href":"https:\/\/api.w.org\/{rel}","templated":true}]}}