{"id":7251,"date":"2018-04-04T23:18:39","date_gmt":"2018-04-04T21:18:39","guid":{"rendered":"https:\/\/www.maderasmenur.com\/?p=7251"},"modified":"2019-12-11T12:37:18","modified_gmt":"2019-12-11T11:37:18","slug":"se-halla-vizcaya-una-pieza-madera-utilizada-neandertales-90-000-anos","status":"publish","type":"post","link":"https:\/\/www.maderasmenur.com\/it\/se-halla-vizcaya-una-pieza-madera-utilizada-neandertales-90-000-anos\/","title":{"rendered":"Encontrada pieza de madera utilizada por neandertales"},"content":{"rendered":"<div class=\"row\">\n<div class=\"col-xs-12 col-sm-12 col-md-12\">\n<header class=\"story-leaf-header\">El proyecto arqueol\u00f3gico se inici\u00f3 en 2013 con el objetivo de investigar las formas de vida de los \u00faltimos neandertales<\/header>\n<\/div>\n<\/div>\n<div class=\"row\">\n<div class=\"col-xs-12 col-sm-12 col-md-8\">\n<figure class=\"story-leaf-figure\" data-component=\"image\"><img decoding=\"async\" class=\"img-responsive\" src=\"http:\/\/www.lavanguardia.com\/r\/GODO\/LV\/p5\/WebSite\/2018\/04\/03\/Recortada\/20180328-636578651309751168_20180328202048-k8CD-U442153886268YEH-992x558@LaVanguardia-Web.jpg\" alt=\"Hallada en Vizcaya una pieza de madera utilizada por neandertales hace 90.000 a\u00f1os\" \/><figcaption class=\"story-leaf-figcaption\">Fotograf\u00eda facilitada por el investigador Joseba R\u00edos Garaizar de una herramienta de madera creada por los neandertales hace unos 90.000 a\u00f1os (EFE).<\/figcaption><\/figure>\n<\/div>\n<\/div>\n<div class=\"story-leaf-body\">\n<div class=\"story-leaf-txt-p\" data-gtm-element-container=\"modulo-texto-link\">\n<p>Un equipo de investigaci\u00f3n coordinado por Joseba R\u00edos, del Centro Nacional de Investigaci\u00f3n sobre Evoluci\u00f3n Humana, en el que participa el profesor de la Universidad de Burgos Eneko Iriarte ha descubierto en Aranbaltza (<b>Vizcaya<\/b>) restos de utillaje de <b>madera<\/b> fabricados por<b> neandertales<\/b><b>hace 90.000 a\u00f1os<\/b>. Las excavaciones arqueol\u00f3gicas han desvelado evidencias de ocupaciones de grupos neandertales en las que se han preservado restos de utillaje fabricado en madera.<\/p>\n<p>El estudio detallado de este resto y de su contexto arqueol\u00f3gico ha revelado que los sedimentos en los que se encontr\u00f3 tienen una edad aproximada de 90.000 a\u00f1os, por lo que fue fabricado por neandertales. Se ha podido determinar, gracias a la informaci\u00f3n obtenida mediante la microtomograf\u00eda computerizada y al an\u00e1lisis de la superficie, que <strong>una rama de tejo fue cortada longitudinalmente y luego aguzada<\/strong> mediante raspado por un utensilio l\u00edtico y tratada con fuego para endurecerla o facilitar su trabajo. Posteriormente la punta fue utilizada para cavar en la tierra en busca de alimentos, rocas, o para hacer peque\u00f1os fosos. La conservaci\u00f3n de utensilios de madera anteriores a 40.000 a\u00f1os en Europa es muy excepcional ya que la madera se degrada muy f\u00e1cilmente.<\/p>\n<p>El hecho de que la materia org\u00e1nica como herramientas de madera se haya conservado en un yacimiento al aire libre, es excepcional y se debe a que se acumularon en un ambiente cenagoso junto al cauce de un r\u00edo que frecuentaron grupos neandertales.<\/p>\n<\/div>\n<\/div>\n<div data-gtm-element-container=\"modulo-texto-link\"><\/div>\n<div class=\"story-leaf-body\">\n<div data-gtm-element-container=\"modulo-texto-link\">\n<div class=\"story-leaf-author\"><span class=\"story-leaf-author-link\">Efe<\/span>, <span class=\"story-leaf-author-city\">Burgos<\/span><\/div>\n<div>http:\/\/www.lavanguardia.com\/cultura\/20180403\/442153886268\/vizcaya-pieza-madera-neandertales-90000-anos.html<\/div>\n<div><\/div>\n<\/div>\n<\/div>\n","protected":false},"excerpt":{"rendered":"<p>El proyecto arqueol\u00f3gico se inici\u00f3 en 2013 con el objetivo de investigar las formas de vida de los \u00faltimos neandertales Fotograf\u00eda facilitada por el investigador Joseba R\u00edos Garaizar de una herramienta de madera creada por los neandertales hace unos 90.000 a\u00f1os (EFE). Un equipo de investigaci\u00f3n coordinado por Joseba R\u00edos, del Centro Nacional de Investigaci\u00f3n [&hellip;]<\/p>\n","protected":false},"author":1001087,"featured_media":0,"comment_status":"closed","ping_status":"closed","sticky":false,"template":"","format":"standard","meta":{"footnotes":""},"categories":[100,19],"tags":[],"class_list":["post-7251","post","type-post","status-publish","format-standard","hentry","category-curiosidades-de-la-madera","category-noticias"],"_links":{"self":[{"href":"https:\/\/www.maderasmenur.com\/it\/wp-json\/wp\/v2\/posts\/7251","targetHints":{"allow":["GET"]}}],"collection":[{"href":"https:\/\/www.maderasmenur.com\/it\/wp-json\/wp\/v2\/posts"}],"about":[{"href":"https:\/\/www.maderasmenur.com\/it\/wp-json\/wp\/v2\/types\/post"}],"author":[{"embeddable":true,"href":"https:\/\/www.maderasmenur.com\/it\/wp-json\/wp\/v2\/users\/1001087"}],"replies":[{"embeddable":true,"href":"https:\/\/www.maderasmenur.com\/it\/wp-json\/wp\/v2\/comments?post=7251"}],"version-history":[{"count":0,"href":"https:\/\/www.maderasmenur.com\/it\/wp-json\/wp\/v2\/posts\/7251\/revisions"}],"wp:attachment":[{"href":"https:\/\/www.maderasmenur.com\/it\/wp-json\/wp\/v2\/media?parent=7251"}],"wp:term":[{"taxonomy":"category","embeddable":true,"href":"https:\/\/www.maderasmenur.com\/it\/wp-json\/wp\/v2\/categories?post=7251"},{"taxonomy":"post_tag","embeddable":true,"href":"https:\/\/www.maderasmenur.com\/it\/wp-json\/wp\/v2\/tags?post=7251"}],"curies":[{"name":"wp","href":"https:\/\/api.w.org\/{rel}","templated":true}]}}