{"id":7254,"date":"2018-04-05T23:13:27","date_gmt":"2018-04-05T21:13:27","guid":{"rendered":"https:\/\/www.maderasmenur.com\/?p=7254"},"modified":"2019-12-09T17:47:03","modified_gmt":"2019-12-09T16:47:03","slug":"6-disenos-casas-pasivas-madera","status":"publish","type":"post","link":"https:\/\/www.maderasmenur.com\/it\/6-disenos-casas-pasivas-madera\/","title":{"rendered":"6 Dise\u00f1os de Casas Pasivas de Madera"},"content":{"rendered":"\n<style type=\"text\/css\" data-created_by=\"avia_inline_auto\" id=\"style-css-av-k3yo3fpr-d81c2f944bc812c1a32ccf94ac32cf90\">\n#top .av-special-heading.av-k3yo3fpr-d81c2f944bc812c1a32ccf94ac32cf90{\npadding-bottom:10px;\n}\nbody .av-special-heading.av-k3yo3fpr-d81c2f944bc812c1a32ccf94ac32cf90 .av-special-heading-tag .heading-char{\nfont-size:25px;\n}\n.av-special-heading.av-k3yo3fpr-d81c2f944bc812c1a32ccf94ac32cf90 .av-subheading{\nfont-size:15px;\n}\n<\/style>\n<div  class='av-special-heading av-k3yo3fpr-d81c2f944bc812c1a32ccf94ac32cf90 av-special-heading-h1 blockquote modern-quote modern-centered  avia-builder-el-0  el_before_av_hr  avia-builder-el-first '><h1 class='av-special-heading-tag '  itemprop=\"headline\"  >6 Dise\u00f1os de Casas Pasivas de Madera<\/h1><div class=\"special-heading-border\"><div class=\"special-heading-inner-border\"><\/div><\/div><\/div>\n\n<style type=\"text\/css\" data-created_by=\"avia_inline_auto\" id=\"style-css-av-k3yo4wbr-e00d0758e7e996ba68cc9c5d9dc91fcf\">\n#top .hr.hr-invisible.av-k3yo4wbr-e00d0758e7e996ba68cc9c5d9dc91fcf{\nheight:30px;\n}\n<\/style>\n<div  class='hr av-k3yo4wbr-e00d0758e7e996ba68cc9c5d9dc91fcf hr-invisible  avia-builder-el-1  el_after_av_heading  el_before_av_textblock '><span class='hr-inner '><span class=\"hr-inner-style\"><\/span><\/span><\/div>\n<section  class='av_textblock_section av-av_textblock-445188a952fb265869ea404d0e52fad7 '   itemscope=\"itemscope\" itemtype=\"https:\/\/schema.org\/BlogPosting\" itemprop=\"blogPost\" ><div class='avia_textblock'  itemprop=\"text\" ><div class=\"itemHeader\">\n<div class=\"col-md-12 no-padding\">\n<div class=\"col-md-5 col-sm-11 no-padding\">\n<div class=\"itemImageBlock col-md-12 no-padding\"><span class=\"itemImage\"><img decoding=\"async\" class=\"img-responsive no-padding img-arti\" src=\"https:\/\/inarquia.es\/media\/k2\/items\/cache\/9451a5d5fc272af67b69a69e7fb8d7d8_L.jpg\" alt=\"6 Dise\u00f1os de Casas Pasivas de Madera\" \/> <\/span>\u00a0<\/p>\n<div class=\"clr\">\u00a0Las <strong>casas pasivas<\/strong> son una de las mejores opciones de <strong>construcci\u00f3n sostenible<\/strong> que existen actualmente en el mercado, y a largo plazo, resultan muy rentables econ\u00f3micamente.<strong> Su demanda energ\u00e9tica est\u00e1 limitada a 120 kWh (90 % menos que una vivienda tradicional)<\/strong>, y cada vez m\u00e1s, resultan m\u00e1s accesibles econ\u00f3micamente para diferentes tipos de personas, llegando a existir casas pasivas prefabricadas con un precio relativamente barato.<\/div>\n<\/div>\n<\/div>\n<\/div>\n<\/div>\n<div class=\"itemBody\">\n<div class=\"itemFullText\">\n<p>Como ya sabemos, existen diferentes <a href=\"https:\/\/inarquia.es\/casas-pasivas-madera-piedra-hormigon-precios-diseno\" target=\"_blank\" rel=\"noopener noreferrer\"><strong>tipos y materiales para construir viviendas pasivas<\/strong><\/a>, el empleo de un material u otro se debe a diversos motivos, como las condiciones climatol\u00f3gicas del lugar o la abundancia de un material de construcci\u00f3n que se encuentre de forma aut\u00f3ctona en el \u00e1rea donde se va a construir (como es la piedra o la madera).<\/p>\n<p>Nos centraremos en las <strong>casas pasivas hechas con madera<\/strong>. La madera es un material de <strong>construcci\u00f3n ecol\u00f3gico y sostenible<\/strong> que suele ser muy abundante en ciertas zonas geogr\u00e1ficas, es un <strong>aislante t\u00e9rmico natural<\/strong>, y es uno de los elementos m\u00e1s utilizados en la<strong> construcci\u00f3n pasiva<\/strong>. Si eres amante de la arquitectura y de la construcci\u00f3n en madera, no puedes perderte estos<strong> dise\u00f1os de casas pasivas<\/strong>.<\/p>\n<h2><strong>Ejemplos de Casas Pasivas de Madera\u00a0<\/strong><\/h2>\n<p><strong>Casa Pasiva de Madera situada en los altos Alpes<\/strong><\/p>\n<h5><img decoding=\"async\" src=\"https:\/\/inarquia.es\/images\/casa-pasiva-madera-alturas-suiza.jpg\" alt=\"casa-pasiva-madera-alturas-suiza\" \/><\/h5>\n<h5>Fuente: fotograf\u00eda hecha por Roger Frei, Zurich<\/h5>\n<p>Esta <strong>vivienda pasiva de madera<\/strong> est\u00e1 situada a 1.500 metros de altitud, se encuentra en Mostelberg (Suiza) y es una construcci\u00f3n de los arquitectos Diethelm &#038; Spillmann. Cuenta con el <strong>certificado passivhaus<\/strong> y fue finalizada en el a\u00f1o 2010.<\/p>\n<p>La construcci\u00f3n de esta edificaci\u00f3n fue en cierto modo complicada para los responsables del proyecto, puesto que el terreno se encuentra en un punto elevado, tal y como se ha comentado, a 1500 metros de latitud. Este detalle dificult\u00f3 el transporte de los materiales, impidiendo que se pudiesen trasladar algunas estructuras de grandes dimensiones, lo que provoc\u00f3 que algunas estructuras de madera tuvieran que hacerse <em>in situ<\/em>.<\/p>\n<p>Esta <a href=\"https:\/\/inarquia.es\/arquitectura-madera-ventajas-inconvenientes\" target=\"_blank\" rel=\"noopener noreferrer\"><strong>vivienda pasiva de madera<\/strong><\/a> en su planta baja presenta una base de hormig\u00f3n.<\/p>\n<p><img decoding=\"async\" src=\"https:\/\/inarquia.es\/images\/casa-pasiva-madera-suiza-alturas.jpg\" alt=\"casa-pasiva-madera-suiza-alturas\" \/><\/p>\n<h5>Fuente: fotograf\u00eda hecha por Roger Frei, Zurich<\/h5>\n<p>Los meses de invierno tan duros que tiene Suiza, provocan que la madera sea un material de construcci\u00f3n muy adecuado de emplear. No todos los materiales responden de la misma forma ante las altas temperaturas, por ejemplo el hormig\u00f3n, tendr\u00eda un fraguado deficiente del material debido al fr\u00edo, pues el hormig\u00f3n es mejor emplearlo en climas m\u00e1s templados.<\/p>\n<p>Esta <strong>casa pasiva<\/strong> tiene dos plantas, la planta baja sirve para garaje y almacenamiento, mientras que la primera planta tiene todo lo dem\u00e1s salon, comedor, cocina, etc. \u00bfPor qu\u00e9 se ha hecho la distribuci\u00f3n de esta forma? porque en la segunda planta hab\u00eda mejores vistas, as\u00ed que el propietario de la vivienda quer\u00eda que la estancia principal fuera la primera planta.<\/p>\n<p><strong>Primera <a href=\"https:\/\/inarquia.es\/casa-pasiva-diseno-construccion-passivhaus\" target=\"_blank\" rel=\"noopener noreferrer\">casa de madera pasiva con el certificado passivhaus<\/a> en Colorado<\/strong><br \/>\n<img decoding=\"async\" src=\"https:\/\/inarquia.es\/images\/casa-pasiva-madera-certificado-passivhaus.jpg\" alt=\"casa-pasiva-madera-certificado-passivhaus\" \/><\/p>\n<p>Fuente: Andrew Michler<\/p>\n<p><strong>MARTaK Passive House<\/strong> se encuentra en las Monta\u00f1as Rocosas de Colorado a una altura de 6.800 pies aproximadamente. El arquitecto responsable de este proyecto es Andrew Michler.<\/p>\n<p>Esta residencia es<strong> la primera casa passivhaus internacional certificada en Colorado<\/strong>, est\u00e1 construida con productos naturales que no consumen mucha energ\u00eda.<\/p>\n<p>El <strong>consumo de energ\u00eda de calefacci\u00f3n de esta vivienda est\u00e1 preparado para que sea un 90% menor que el consumo local de la zona<\/strong>. El uso el\u00e9ctrico de esta <strong>casa pasiva<\/strong> en Colorado tambi\u00e9n est\u00e1 limitado por un<strong> sistema de energ\u00eda solar<\/strong> que se encuentra fuera de la red.<\/p>\n<p>La <strong>casa pasiva<\/strong> tiene dos plantas conectadas a trav\u00e9s de una escalera muy eficiente, hecha con cajas de madera contrachapadas dise\u00f1ada para ahorrar espacio dentro de la vivienda.<\/p>\n<p><img decoding=\"async\" src=\"https:\/\/inarquia.es\/images\/casa-pasiva-madera-passivhaus-certificado.jpg\" alt=\"casa-pasiva-madera-passivhaus-certificado\" \/><\/p>\n<h5>Fuente: Andrew Michler<\/h5>\n<p>El acabado del interior de la vivienda est\u00e1 hecho a contrachapado FSC, cedro, azulejos y placas de yeso que enfatizan la luz y el espacio. El segundo piso es soportado por maderas verticales y horizontales laminadas con clavos.<\/p>\n<p>Los \u00e1rboles (de h\u00e1bitat local) que hay en la proximidad de la vivienda, est\u00e1n colocados de cierta manera que brindan sombra cr\u00edtica en verano y principios del oto\u00f1o.<\/p>\n<p><strong>Casa Pasiva Prefabricada de Madera econ\u00f3mica en Austria<\/strong><\/p>\n<h5><img decoding=\"async\" src=\"https:\/\/inarquia.es\/images\/casa-pasiva-madera-economica-barata.jpg\" alt=\"casa-pasiva-madera-economica-barata\" \/><\/h5>\n<h5>Fuente: estudio Juri Troy<\/h5>\n<p>Esta <strong>casa pasiva<\/strong> se denomina \u201cCasa bajo los robles\u201d. Aunque no se conozca el coste de este hogar, se informa que fue desarrollada con el<strong> m\u00ednimo presupuesto posible<\/strong>.<\/p>\n<p>La casa tiene una planta de 100 m2 habitables y se encuentra en una zona rural de Viena. El estudio de arquitectura que realiz\u00f3 este proyecto es Juri Troy.<\/p>\n<p>Se accede a la vivienda a trav\u00e9s de la terraza. El terreno donde se quer\u00eda edificar la <strong>casa pasiva<\/strong> estaba elevado pues era sobre una colina, por lo tanto se utilizaron seis columnas para mantenerla.<\/p>\n<h5><img decoding=\"async\" src=\"https:\/\/inarquia.es\/images\/casa-madera-barata-economica-pasiva.jpg\" alt=\"casa-madera-barata-economica-pasiva\" \/><\/h5>\n<h5>Fuente: estudio Juri Troy<\/h5>\n<p>Este <strong>hogar est\u00e1 pr\u00e1cticamente hecho de madera<\/strong>, su estructura es de madera, tiene aislamiento de lana de madera de 60 cm y el interior de la vivienda est\u00e1 acabado con madera local de la zona. La estructura fue hecha en taller (por lo tanto es un <a href=\"https:\/\/inarquia.es\/casas-pasivas-prefabricadas-modulares-disenos-precios\" target=\"_blank\" rel=\"noopener noreferrer\"><strong>ejemplo de casa pasiva prefabricada<\/strong><\/a>). La vivienda tiene <strong>bomba de calor<\/strong> y un s<strong>istema de ventilaci\u00f3n<\/strong> que se encuentra controlado por paneles de intercambio de calor fotovoltaicos colocados en el techo. De esta forma se ha conseguido realizar una <strong>casa pasiva relativamente econ\u00f3mica<\/strong> y con un precio asequible para una familia austriaca.<\/p>\n<p><strong>Casa Pasiva de Madera y Bamb\u00fa en Francia<\/strong><\/p>\n<h5><img decoding=\"async\" src=\"https:\/\/inarquia.es\/images\/casa-pasiva-madera-bambu.jpg\" alt=\"casa-pasiva-madera-bambu\" \/><\/h5>\n<h5>Fuente: Karawitz Architecture<\/h5>\n<p>Esta es la segunda vivienda en Francia (realizada y acabada en 2009) que recibe la <strong>etiqueta Alemana Passivhaus por el Passivhaus Institut<\/strong>. El estudio responsable de este proyecto es Karawitz.<\/p>\n<p>Esta vivienda se encuentra en Bessancourt (Francia), en un entorno rural. Su tejado tradicional a dos aguas intenta imitar a las dem\u00e1s viviendas de la zona.<\/p>\n<h5><img decoding=\"async\" src=\"https:\/\/inarquia.es\/images\/casa-pasiva-madera-bambu-francia.jpg\" alt=\"casa-pasiva-madera-bambu-francia\" \/><\/h5>\n<h5>Fuente: Karawitz Architecture<\/h5>\n<p><strong>El revestimiento de su cubierta est\u00e1 hecho con paneles modulares de bamb\u00fa<\/strong> que resultan el elemento arquitect\u00f3nico m\u00e1s llamativo que tiene este hogar. Este material colocado en capa hace que se pueda \u201ccontrolar\u201d la luz solar directa. De esta forma los habitantes de la vivienda pueden autorregular la entrada de luz y calor a la vivienda.<\/p>\n<p>Esta vivienda tiene <strong>paneles solares fotovoltaicos<\/strong> en su cubierta. Su estructura est\u00e1 hecha completamente con ejes de madera maciza y para el aislamiento se ha empleado fibra de madera.<\/p>\n<h3><strong>Ejemplos de Casas Pasivas en Espa\u00f1a\u00a0<\/strong><\/h3>\n<p><strong>Casa \u201cHulohaus\u201d- Cerdanyola del Vall\u00e8s Catalu\u00f1a 2016<\/strong><\/p>\n<h5><img decoding=\"async\" src=\"https:\/\/inarquia.es\/images\/casa-pasiva-madera-espa\u00f1a.jpg\" alt=\"casa-pasiva-madera-espa\u00f1a\" \/><\/h5>\n<h5>Fuente: Plataforma PEP &#8211; Arquitectos de Celobert<\/h5>\n<p>Esta <strong>vivienda pasiva de madera de clase A+ est\u00e1 hecha con estructura de madera, tiene aislamiento t\u00e9rmico de algod\u00f3n reciclado y fibra de madera<\/strong>. Con una superficie de 150m2 se encuentra distribuida en dos plantas. Los arquitectos de este proyecto son Diego Carrillo y Jordi Carb\u00f3.<\/p>\n<p>Seg\u00fan se informa en la <strong>Plataforma PEP<\/strong> de Espa\u00f1a, esta vivienda fue inspirada en el estilo de vida de sus ocupantes y en el mundo que quer\u00edan dejar a sus hijos.<br \/>\n<img decoding=\"async\" src=\"https:\/\/inarquia.es\/images\/casa-pasiva-espa\u00f1a-madera.jpg\" alt=\"casa-pasiva-espa\u00f1a-madera\" \/><\/p>\n<p>Fuente: Plataforma PEP &#8211; Arquitectos de Celobert<\/p>\n<p>Los clientes de esta vivienda ped\u00edan una vivienda sencilla pero bella y de calidad, que fuera de<strong> consumo energ\u00e9tico casi nulo<\/strong> y que tuviese el <strong>certificado passivhaus<\/strong>, adem\u00e1s de que deb\u00eda de estar construida con <strong>materiales biodegradables<\/strong> y de la zona local.<\/p>\n<p>Esta vivienda se realiz\u00f3 en un terreno comprado expresamente para poder orientarla eficientemente. De esta forma, el hogar est\u00e1 situado dando la espalda al norte donde se encuentra la calle y abri\u00e9ndose hacia el sur y el este donde se encuentra su jard\u00edn particular.<\/p>\n<p><strong>Casa Pasiva de Madera con m\u00f3dulos prefabricados en Barcelona<\/strong><\/p>\n<p><img decoding=\"async\" src=\"https:\/\/inarquia.es\/images\/casa-pasiva-madera-prefabricada-barcelona.jpg\" alt=\"casa-pasiva-madera-prefabricada-barcelona\" \/><\/p>\n<h5>Fuente: House Habitat<\/h5>\n<p>El \u00faltimo ejemplo se trata de una<strong> casa biopasiva<\/strong> de House Habitat situada en La Floresta (Barcelona) que fue <strong>realizada \u00fanicamente en 4 meses y su estructura de madera se levant\u00f3 en 4 d\u00edas<\/strong>.<\/p>\n<p>Evidentemente, por su corto periodo de construcci\u00f3n, se trata de una<strong> casa biopasiva prefabricada<\/strong>. La estructura de madera, y su respectivo a<strong>islamiento t\u00e9rmico de fibra de madera<\/strong>, se realizaron en taller y no<em> in situ<\/em>.<\/p>\n<p>Esta <strong>vivienda biopasiva<\/strong> tiene una superficie de 120m2 distribuida en dos plantas, teniendo: un salon-comedor con cocina, 2 ba\u00f1os y 3 habitaciones.<\/p>\n<p>A continuaci\u00f3n, y para finalizar este art\u00edculo, se muestra un v\u00eddeo de<strong> c\u00f3mo se hizo esta vivienda biopasiva<\/strong>, mostrando el montaje y transporte de las estructuras prefabricadas, la instalaci\u00f3n de las<strong> ventanas eficientes<\/strong>, la construcci\u00f3n del tejado&#8230;etc.<\/p>\n<\/div>\n<\/div>\n<h5><em>https:\/\/inarquia.es\/casas-pasivas-madera-disenos<\/em><\/h5>\n<\/div><\/section>\n","protected":false},"excerpt":{"rendered":"","protected":false},"author":1001087,"featured_media":15502,"comment_status":"closed","ping_status":"closed","sticky":false,"template":"","format":"standard","meta":{"footnotes":""},"categories":[99],"tags":[],"class_list":["post-7254","post","type-post","status-publish","format-standard","has-post-thumbnail","hentry","category-construcciones-en-madera"],"_links":{"self":[{"href":"https:\/\/www.maderasmenur.com\/it\/wp-json\/wp\/v2\/posts\/7254","targetHints":{"allow":["GET"]}}],"collection":[{"href":"https:\/\/www.maderasmenur.com\/it\/wp-json\/wp\/v2\/posts"}],"about":[{"href":"https:\/\/www.maderasmenur.com\/it\/wp-json\/wp\/v2\/types\/post"}],"author":[{"embeddable":true,"href":"https:\/\/www.maderasmenur.com\/it\/wp-json\/wp\/v2\/users\/1001087"}],"replies":[{"embeddable":true,"href":"https:\/\/www.maderasmenur.com\/it\/wp-json\/wp\/v2\/comments?post=7254"}],"version-history":[{"count":0,"href":"https:\/\/www.maderasmenur.com\/it\/wp-json\/wp\/v2\/posts\/7254\/revisions"}],"wp:featuredmedia":[{"embeddable":true,"href":"https:\/\/www.maderasmenur.com\/it\/wp-json\/wp\/v2\/media\/15502"}],"wp:attachment":[{"href":"https:\/\/www.maderasmenur.com\/it\/wp-json\/wp\/v2\/media?parent=7254"}],"wp:term":[{"taxonomy":"category","embeddable":true,"href":"https:\/\/www.maderasmenur.com\/it\/wp-json\/wp\/v2\/categories?post=7254"},{"taxonomy":"post_tag","embeddable":true,"href":"https:\/\/www.maderasmenur.com\/it\/wp-json\/wp\/v2\/tags?post=7254"}],"curies":[{"name":"wp","href":"https:\/\/api.w.org\/{rel}","templated":true}]}}