{"id":7257,"date":"2018-04-08T23:35:42","date_gmt":"2018-04-08T21:35:42","guid":{"rendered":"https:\/\/www.maderasmenur.com\/?p=7257"},"modified":"2019-12-11T13:57:24","modified_gmt":"2019-12-11T12:57:24","slug":"asi-dentro-la-casa-madera-del-futuro-mas-alta-madrid","status":"publish","type":"post","link":"https:\/\/www.maderasmenur.com\/it\/asi-dentro-la-casa-madera-del-futuro-mas-alta-madrid\/","title":{"rendered":"As\u00ed es por dentro y por fuera la casa de madera del futuro m\u00e1s alta de Madrid"},"content":{"rendered":"<p style=\"text-align: justify;\">El edificio con sistema estructural de madera m\u00e1s alto de la Comunidad de Madrid ya es una realidad. Las siete alturas de este inmueble situado en la calle <strong>Antonio Rodr\u00edguez Villa, 8<\/strong> (El Viso), demuestran que la madera es el pilar b\u00e1sico del \u00faltimo proyecto del estudio de arquitectura \u00c1baton. <strong>Las dimensiones en altura<\/strong> y la necesidad de encajar la estructura entre medianeras han dado como resultado cuatro viviendas \u00fanicas, en las que la madera representa el lujo y confort, sin negar el fuerte v\u00ednculo con la sostenibilidad y la eficiencia energ\u00e9tica.<\/p>\n<figure class=\"foto-intercalada\"><span class=\"imagen\"><img loading=\"lazy\" decoding=\"async\" class=\"lzld loaded\" src=\"http:\/\/www.abc.es\/media\/espana\/2018\/03\/23\/casa-madera2-k2OD--510x349@abc.jpg\" alt=\"El inmueble cuenta con espacios di\u00e1fanos de grandes dimensiones\" width=\"510\" height=\"349\" data-src=\"\/media\/espana\/2018\/03\/23\/casa-madera2-k2OD--510x349@abc.jpg\" data-was-processed=\"true\" \/><\/span><\/figure>\n<p style=\"text-align: justify;\">\u00abLa decisi\u00f3n de usar la madera como elemento sustentante del edificio, no solo responde a nuestra conciencia ecol\u00f3gica o a la mayor eficiencia del material <strong>por su condici\u00f3n t\u00e9rmica<\/strong>. Tampoco est\u00e1 motivado por la rapidez con la que podemos llevar a cabo la obra o por la mecanizaci\u00f3n previa de taller. Responde, ante todo, a nuestro deseo de traer a la ciudad su car\u00e1cter natural\u00bb, explica En Camino Alonso, directora creativa de \u00c1baton.<\/p>\n<p style=\"text-align: justify;\">El estudio se\u00f1ala que la madera ha permitido trabajar \u00abcon luces estructurales mucho mayores y conseguir espacios di\u00e1fanos de mayores dimensiones\u00bb. Y recalca que resultan \u00ab<strong>m\u00e1s metros \u00fatiles <\/strong>dado que se requieren menores espesores de muro\u00bb.<\/p>\n<figure class=\"foto-intercalada\"><span class=\"imagen\"><img loading=\"lazy\" decoding=\"async\" class=\"lzld loaded\" src=\"http:\/\/www.abc.es\/media\/espana\/2018\/03\/23\/fachada-casa-madera4-k2OD--510x349@abc.jpg\" alt=\"Fachada de madera del inmueble\" width=\"510\" height=\"349\" data-src=\"\/media\/espana\/2018\/03\/23\/fachada-casa-madera4-k2OD--510x349@abc.jpg\" data-was-processed=\"true\" \/><\/span><\/figure>\n<p style=\"text-align: justify;\">En el interior, en los techos, se queda vista de modo que la <strong>sensaci\u00f3n higrot\u00e9rmica<\/strong> es perfecta y acorde al comportamiento natural del cuerpo humano. La textura de lo natural, de lo irregular y su envejecimiento suponen otra singularidad. Incluso el olor y la ac\u00fastica tambi\u00e9n son diferentes y especiales.<\/p>\n<p style=\"text-align: justify;\">En cuanto al proceso de construcci\u00f3n, \u00c1baton sostiene que \u00abpermite pensar con m\u00e1s libertad y trabajar con el espacio como si se obtuviera arrancando el vac\u00edo del interior de una masa maciza\u00bb. \u00abEl material en s\u00ed mismo sustenta y envuelve el espacio, <strong>no necesita ser tapado en su interior<\/strong> y muestra la arquitectura de manera honesta, sin artificio\u00bb, apuntan en un comunicado.<\/p>\n<figure class=\"foto-intercalada\"><span class=\"imagen\"><img loading=\"lazy\" decoding=\"async\" class=\"lzld loaded\" src=\"http:\/\/www.abc.es\/media\/espana\/2018\/03\/23\/fachada-casa-madera5-k2OD--510x349@abc.jpg\" alt=\"Resultado final de la fachada de la casa situada en El Viso\" width=\"510\" height=\"349\" data-src=\"\/media\/espana\/2018\/03\/23\/fachada-casa-madera5-k2OD--510x349@abc.jpg\" data-was-processed=\"true\" \/><\/span><\/figure>\n","protected":false},"excerpt":{"rendered":"<p>El edificio con sistema estructural de madera m\u00e1s alto de la Comunidad de Madrid ya es una realidad. Las siete alturas de este inmueble situado en la calle Antonio Rodr\u00edguez Villa, 8 (El Viso), demuestran que la madera es el pilar b\u00e1sico del \u00faltimo proyecto del estudio de arquitectura \u00c1baton. Las dimensiones en altura y [&hellip;]<\/p>\n","protected":false},"author":1001087,"featured_media":0,"comment_status":"closed","ping_status":"closed","sticky":false,"template":"","format":"standard","meta":{"footnotes":""},"categories":[1],"tags":[],"class_list":["post-7257","post","type-post","status-publish","format-standard","hentry","category-sin-categoria"],"_links":{"self":[{"href":"https:\/\/www.maderasmenur.com\/it\/wp-json\/wp\/v2\/posts\/7257","targetHints":{"allow":["GET"]}}],"collection":[{"href":"https:\/\/www.maderasmenur.com\/it\/wp-json\/wp\/v2\/posts"}],"about":[{"href":"https:\/\/www.maderasmenur.com\/it\/wp-json\/wp\/v2\/types\/post"}],"author":[{"embeddable":true,"href":"https:\/\/www.maderasmenur.com\/it\/wp-json\/wp\/v2\/users\/1001087"}],"replies":[{"embeddable":true,"href":"https:\/\/www.maderasmenur.com\/it\/wp-json\/wp\/v2\/comments?post=7257"}],"version-history":[{"count":0,"href":"https:\/\/www.maderasmenur.com\/it\/wp-json\/wp\/v2\/posts\/7257\/revisions"}],"wp:attachment":[{"href":"https:\/\/www.maderasmenur.com\/it\/wp-json\/wp\/v2\/media?parent=7257"}],"wp:term":[{"taxonomy":"category","embeddable":true,"href":"https:\/\/www.maderasmenur.com\/it\/wp-json\/wp\/v2\/categories?post=7257"},{"taxonomy":"post_tag","embeddable":true,"href":"https:\/\/www.maderasmenur.com\/it\/wp-json\/wp\/v2\/tags?post=7257"}],"curies":[{"name":"wp","href":"https:\/\/api.w.org\/{rel}","templated":true}]}}