{"id":7261,"date":"2018-04-10T22:54:16","date_gmt":"2018-04-10T20:54:16","guid":{"rendered":"https:\/\/www.maderasmenur.com\/?p=7261"},"modified":"2019-12-11T08:49:05","modified_gmt":"2019-12-11T07:49:05","slug":"city-cabin-la-ultima-cabana-urbana-olson-kundig-architects-arquitectura-rural-la-ciudad","status":"publish","type":"post","link":"https:\/\/www.maderasmenur.com\/it\/city-cabin-la-ultima-cabana-urbana-olson-kundig-architects-arquitectura-rural-la-ciudad\/","title":{"rendered":"City Cabin, la \u00faltima caba\u00f1a urbana de Olson Kundig Architects. Arquitectura rural en la ciudad."},"content":{"rendered":"\n<style type=\"text\/css\" data-created_by=\"avia_inline_auto\" id=\"style-css-av-k40zajwe-a3eb0b2c667b29d48fb61b0daf015984\">\n#top .av-special-heading.av-k40zajwe-a3eb0b2c667b29d48fb61b0daf015984{\npadding-bottom:30px;\n}\nbody .av-special-heading.av-k40zajwe-a3eb0b2c667b29d48fb61b0daf015984 .av-special-heading-tag .heading-char{\nfont-size:25px;\n}\n.av-special-heading.av-k40zajwe-a3eb0b2c667b29d48fb61b0daf015984 .av-subheading{\nfont-size:15px;\n}\n<\/style>\n<div  class='av-special-heading av-k40zajwe-a3eb0b2c667b29d48fb61b0daf015984 av-special-heading-h1 blockquote modern-quote modern-centered  avia-builder-el-0  el_before_av_textblock  avia-builder-el-first '><h1 class='av-special-heading-tag '  itemprop=\"headline\"  >City Cabin, la \u00faltima caba\u00f1a urbana de Olson Kundig Architects. Arquitectura rural en la ciudad.<\/h1><div class=\"special-heading-border\"><div class=\"special-heading-inner-border\"><\/div><\/div><\/div>\n<section  class='av_textblock_section av-av_textblock-445188a952fb265869ea404d0e52fad7 '   itemscope=\"itemscope\" itemtype=\"https:\/\/schema.org\/BlogPosting\" itemprop=\"blogPost\" ><div class='avia_textblock'  itemprop=\"text\" ><h3 class=\"entradilla\" style=\"text-align: justify;\">El despacho estadounidense Olson Kundig (OK), ha plasmado su idea de caba\u00f1a, de vivienda puente entre la naturaleza y las personas, en uno de sus \u00faltimos proyectos urbanos, City Cabin, una vivienda en Seattle que saca el m\u00e1ximo partido a su parcela, ideando una casa que se vuelca hacia un jard\u00edn.<\/h3>\n<p><img decoding=\"async\" src=\"https:\/\/www.arquitecturayempresa.es\/sites\/default\/files\/content\/arquitectura_olson_kundig_city_cabin_nocturna.jpg\" alt=\"arquitectura_Olson Kundig_City cabin\" \/><\/p>\n<p><img decoding=\"async\" src=\"https:\/\/www.arquitecturayempresa.es\/sites\/default\/files\/content\/arquitectura_olson_kundig_city_cabin_jardin.jpg\" alt=\"arquitectura_Olson Kundig_City cabin_JARD\u00cdN\" \/><\/p>\n<p style=\"text-align: justify;\">La casa se desarrolla en una \u00fanica planta, extendi\u00e9ndose en la parcela, pegada a la esquina noroeste, estableciendo una relaci\u00f3n directa con un jard\u00edn circundante que rodea el resto de la vivienda, delimitado por una tapia en todo su per\u00edmetro.<\/p>\n<p style=\"text-align: justify;\">El acceso desde la calle conecta con la vivienda de forma directa s\u00f3lo en el caso del garaje, mientras que la entrada principal, a pie, se produce a trav\u00e9s del jard\u00edn.<\/p>\n<p><img decoding=\"async\" src=\"https:\/\/www.arquitecturayempresa.es\/sites\/default\/files\/content\/arquitectura_olson_kundig_city_cabin_2.jpg\" alt=\"arquitectura_Olson Kundig_City cabin_CCESO\" \/><\/p>\n<p><img decoding=\"async\" src=\"https:\/\/www.arquitecturayempresa.es\/sites\/default\/files\/content\/arquitectura_olson_kundig_city_cabin_acceso.jpg\" alt=\"arquitectura_Olson Kundig_City cabin_acceso\" \/><\/p>\n<p style=\"text-align: justify;\">Una vez dentro, encontramos un espacio central di\u00e1fano en el que se disponen los espacios de d\u00eda, el sal\u00f3n y la cocina, que fluyen hacia la zona ajardinada a trav\u00e9s del vidrio que materializa la piel exterior de la fachada opuesta a la entrada. Su orientaci\u00f3n este permite adem\u00e1s aprovechar al m\u00e1ximo la luz de la ma\u00f1ana.<\/p>\n<p><img decoding=\"async\" src=\"https:\/\/www.arquitecturayempresa.es\/sites\/default\/files\/content\/arquitectura_olson_kundig_city_cabin_conexion_exterior.jpg\" alt=\"arquitectura_Olson Kundig_City cabin_zona central\" \/><\/p>\n<p><img decoding=\"async\" src=\"https:\/\/www.arquitecturayempresa.es\/sites\/default\/files\/content\/arquitectura_olson_kundig_city_cabin_espacio_diafano.jpg\" alt=\"arquitectura_Olson Kundig_City cabin_cocina\" \/><\/p>\n<p><img decoding=\"async\" src=\"https:\/\/www.arquitecturayempresa.es\/sites\/default\/files\/content\/arquitectura_olson_kundig_city_cabin_salon.jpg\" alt=\"arquitectura_Olson Kundig_City cabin_sal\u00f3n\" \/><\/p>\n<p style=\"text-align: justify;\">El cerramiento de acceso, por el contrario, es totalmente opaco, y se aprovecha esta circunstancia para disponer una amplia zona de biblioteca y de exposici\u00f3n para las colecciones de arte de la familia propietaria.<\/p>\n<p><img decoding=\"async\" src=\"https:\/\/www.arquitecturayempresa.es\/sites\/default\/files\/content\/arquitectura_olson_kundig_city_cabin_acceso_desde_interior.jpg\" alt=\"arquitectura_Olson Kundig_City cabin_acceso\" \/><\/p>\n<p>\u00a0<\/p>\n<p>La luz entra por este pa\u00f1o gracias a la elevaci\u00f3n de la cubierta en esta zona central, que permite disponer una banda continua acristalada perimetral, la cual recorre tambi\u00e9n la fachada de la cocina.<\/p>\n<p><img decoding=\"async\" src=\"https:\/\/www.arquitecturayempresa.es\/sites\/default\/files\/content\/arquitectura_olson_kundig_city_cabin_cocina.jpg\" alt=\"arquitectura_Olson Kundig_City cabin_cocina\" \/><\/p>\n<p style=\"text-align: justify;\">En el lado sur, el sal\u00f3n conecta con un ala de la casa que alberga el dormitorio principal, un vestidor, un ba\u00f1o y una zona de trabajo m\u00e1s \u00edntima. Tanto la habitaci\u00f3n como la zona de estudio disponen de generosos ventanales que vuelcan al jard\u00edn, manteniendo nuevamente la conexi\u00f3n de los espacios interiores con la naturaleza.<\/p>\n<p><img decoding=\"async\" src=\"https:\/\/www.arquitecturayempresa.es\/sites\/default\/files\/content\/arquitectura_olson_kundig_city_cabin_salon-dormitorios.jpg\" alt=\"arquitectura_Olson Kundig_City cabin_conexi\u00f3n\" \/><\/p>\n<p><img decoding=\"async\" src=\"https:\/\/www.arquitecturayempresa.es\/sites\/default\/files\/content\/arquitectura_olson_kundig_city_cabin_dormitorio.jpg\" alt=\"arquitectura_Olson Kundig_City cabin_dormitorio\" \/><\/p>\n<p><img decoding=\"async\" src=\"https:\/\/www.arquitecturayempresa.es\/sites\/default\/files\/content\/arquitectura_olson_kundig_city_cabin_pasillo.jpg\" alt=\"arquitectura_Olson Kundig_City cabin_estudio\" \/><\/p>\n<p>En el ala norte se sit\u00faa el garaje y un dormitorio de invitados, un ba\u00f1o y zonas de almacenamiento y servicio.<\/p>\n<p><img decoding=\"async\" src=\"https:\/\/www.arquitecturayempresa.es\/sites\/default\/files\/content\/arquitectura_olson_kundig_city_cabin_dormitorio_2.jpg\" alt=\"arquitectura_Olson Kundig_City cabin_dormitorio2\" \/><\/p>\n<p style=\"text-align: justify;\">Los materiales elegidos para la vivienda son naturales en su amplia mayor\u00eda: madera laminada en el caso de las vigas de la estructura, que apoyan sobre pilares met\u00e1licos de gran ligereza; tableros de abeto reciclados de un antiguo almac\u00e9n de Washington en el caso de la fachada; y tableros contrachapados en el caso de los acabados de techos y paredes interiores.<\/p>\n<p><img decoding=\"async\" src=\"https:\/\/www.arquitecturayempresa.es\/sites\/default\/files\/content\/arquitectura_olson_kundig_city_cabin_conexion_exterior2.jpg\" alt=\"arquitectura_Olson Kundig_City cabin_materiales\" \/><\/p>\n<p style=\"text-align: justify;\">Se busca la belleza de lo natural, dejando el material y sus uniones vistas, jugando con los formatos, los anchos, las texturas&#8230;<\/p>\n<p><img decoding=\"async\" src=\"https:\/\/www.arquitecturayempresa.es\/sites\/default\/files\/content\/arquitectura_olson_kundig_city_cabin_materialidad.jpg\" alt=\"arquitectura_Olson Kundig_City cabin_materialodad\" \/><\/p>\n<p style=\"text-align: justify;\">Tambi\u00e9n la eficiencia energ\u00e9tica es un aspecto destacable en el proyecto, una de las premisas impuestas en el dise\u00f1o. Se incluy\u00f3 un aislamiento de gran espesor en la parte opaca de la fachada, la parte acristalada se resolvi\u00f3 con un laminado de triple panel, se dispuso una cubierta verde en los vol\u00famenes m\u00e1s bajos y un conjunto de paneles fotovoltaicos cubren en el espacio principal en la parte superior.<\/p>\n<p><img decoding=\"async\" src=\"https:\/\/www.arquitecturayempresa.es\/sites\/default\/files\/content\/arquitectura_olson_kundig_city_cabin_cubierta.jpg\" alt=\"arquitectura_Olson Kundig_City cabin_cubierta\" \/><\/p>\n<p>https:\/\/www.olsonkundig.com\/<\/p>\n<p>Im\u00e1genes: Aaron Leitz<\/p>\n<\/div><\/section>\n","protected":false},"excerpt":{"rendered":"","protected":false},"author":1001087,"featured_media":15646,"comment_status":"closed","ping_status":"closed","sticky":false,"template":"","format":"standard","meta":{"footnotes":""},"categories":[99],"tags":[],"class_list":["post-7261","post","type-post","status-publish","format-standard","has-post-thumbnail","hentry","category-construcciones-en-madera"],"_links":{"self":[{"href":"https:\/\/www.maderasmenur.com\/it\/wp-json\/wp\/v2\/posts\/7261","targetHints":{"allow":["GET"]}}],"collection":[{"href":"https:\/\/www.maderasmenur.com\/it\/wp-json\/wp\/v2\/posts"}],"about":[{"href":"https:\/\/www.maderasmenur.com\/it\/wp-json\/wp\/v2\/types\/post"}],"author":[{"embeddable":true,"href":"https:\/\/www.maderasmenur.com\/it\/wp-json\/wp\/v2\/users\/1001087"}],"replies":[{"embeddable":true,"href":"https:\/\/www.maderasmenur.com\/it\/wp-json\/wp\/v2\/comments?post=7261"}],"version-history":[{"count":0,"href":"https:\/\/www.maderasmenur.com\/it\/wp-json\/wp\/v2\/posts\/7261\/revisions"}],"wp:featuredmedia":[{"embeddable":true,"href":"https:\/\/www.maderasmenur.com\/it\/wp-json\/wp\/v2\/media\/15646"}],"wp:attachment":[{"href":"https:\/\/www.maderasmenur.com\/it\/wp-json\/wp\/v2\/media?parent=7261"}],"wp:term":[{"taxonomy":"category","embeddable":true,"href":"https:\/\/www.maderasmenur.com\/it\/wp-json\/wp\/v2\/categories?post=7261"},{"taxonomy":"post_tag","embeddable":true,"href":"https:\/\/www.maderasmenur.com\/it\/wp-json\/wp\/v2\/tags?post=7261"}],"curies":[{"name":"wp","href":"https:\/\/api.w.org\/{rel}","templated":true}]}}