{"id":7268,"date":"2018-04-19T00:40:09","date_gmt":"2018-04-18T22:40:09","guid":{"rendered":"https:\/\/www.maderasmenur.com\/?p=7268"},"modified":"2019-12-11T15:12:50","modified_gmt":"2019-12-11T14:12:50","slug":"casas-madera-las-uqe-menos-consumen-co2","status":"publish","type":"post","link":"https:\/\/www.maderasmenur.com\/it\/casas-madera-las-uqe-menos-consumen-co2\/","title":{"rendered":"Casas construidas en madera que menos CO2 consumen"},"content":{"rendered":"\n<style type=\"text\/css\" data-created_by=\"avia_inline_auto\" id=\"style-css-av-k3zmuz73-f79f9a7516d7e4a8c4ba0f95fd2960a7\">\n#top .av-special-heading.av-k3zmuz73-f79f9a7516d7e4a8c4ba0f95fd2960a7{\npadding-bottom:30px;\n}\nbody .av-special-heading.av-k3zmuz73-f79f9a7516d7e4a8c4ba0f95fd2960a7 .av-special-heading-tag .heading-char{\nfont-size:25px;\n}\n.av-special-heading.av-k3zmuz73-f79f9a7516d7e4a8c4ba0f95fd2960a7 .av-subheading{\nfont-size:15px;\n}\n<\/style>\n<div  class='av-special-heading av-k3zmuz73-f79f9a7516d7e4a8c4ba0f95fd2960a7 av-special-heading-h1 blockquote modern-quote modern-centered  avia-builder-el-0  el_before_av_textblock  avia-builder-el-first '><h1 class='av-special-heading-tag '  itemprop=\"headline\"  >Construcciones en madera que menos CO2 consumen <\/h1><div class=\"special-heading-border\"><div class=\"special-heading-inner-border\"><\/div><\/div><\/div>\n<section  class='av_textblock_section av-2tsf6s-67f43017eed929a59cd176d80b2dab65 '   itemscope=\"itemscope\" itemtype=\"https:\/\/schema.org\/BlogPosting\" itemprop=\"blogPost\" ><div class='avia_textblock'  itemprop=\"text\" ><h3 class=\"articulo-subtitulo\">La casa de madera m\u00e1s grande de Espa\u00f1a, un Madrid inundado de vegetaci\u00f3n, residuos que se vuelven materiales de obra son ejemplos de construcciones que cuidan el entorno y a sus habitantes.<time class=\"articulo-actualizado\" datetime=\"2018-04-13T13:14:07+02:00\"><abbr title=\"Central European Summer Time\"><\/abbr><\/time><a class=\"enlace\" href=\"https:\/\/elpais.com\/economia\/2018\/04\/11\/actualidad\/1523457888_401166.html\"><img loading=\"lazy\" decoding=\"async\" class=\"alignleft\" src=\"https:\/\/ep01.epimg.net\/economia\/imagenes\/2018\/04\/11\/actualidad\/1523457888_401166_1523530484_noticia_normal.jpg\" srcset=\"\/\/ep01.epimg.net\/economia\/imagenes\/2018\/04\/11\/actualidad\/1523457888_401166_1523530484_noticia_normal_recorte1.jpg 1960w, \/\/ep01.epimg.net\/economia\/imagenes\/2018\/04\/11\/actualidad\/1523457888_401166_1523530484_noticia_normal_recorte2.jpg 720w, \/\/ep01.epimg.net\/economia\/imagenes\/2018\/04\/11\/actualidad\/1523457888_401166_1523530484_noticia_normal.jpg 980w\" alt=\"Estos son los lugares en los que querr\u00e1s vivir\" width=\"980\" height=\"653\" \/> <\/a><\/h3>\n<div id=\"articulo_contenedor\" class=\"articulo__contenedor\">\n<div id=\"cuerpo_noticia\" class=\"articulo-cuerpo\">\n<p>En un edificio se nace, se vive y, muchas veces, se muere. Son lugares donde pasamos m\u00e1s del 80% de nuestro tiempo, seg\u00fan estiman los expertos. Por ello, dar paso a una arquitectura eficiente que cuide la salud de sus habitantes y del planeta es cada vez m\u00e1s importante. En Europa desde el 1 de nero de 2021 todos los edificios nuevos tendr\u00e1n que ser de consumo casi nulo. Y el escaso suministro tendr\u00e1 que ser renovable, generado en el propio edificio o en el entorno cercano. Hoy en Espa\u00f1a la definici\u00f3n de edificios de consumo casi nulo est\u00e1 en el aire.<\/p>\n<p>Pese a ello, existen edificios que cumplen estos requerimientos. Son aquellos que pr\u00e1cticamente no gastan para su climatizaci\u00f3n y son cero emisiones. Y esto se puede conseguir seg\u00fan especialistas en la materia sin renunciar al confort en cualquier estaci\u00f3n del a\u00f1o e intentando mitigar el efecto de la pobreza energ\u00e9tica, una situaci\u00f3n en la que viven 4,5 millones de espa\u00f1oles.<\/p>\n<p>La eficiencia de estas construcciones la acreditan varios certificados. El m\u00e1s elevado es el mentado est\u00e1ndar Passivhaus, un logro que solo el 1% de los de los edificios nuevos en Espa\u00f1a atesoran. El Consejo de Construcci\u00f3n Verde de Espa\u00f1a concede por su parte el certificado LEED, que tambi\u00e9n valida la sostenibilidad energ\u00e9tica y ambiental de un inmueble. En 2017 se certificaron 63 nuevas edificaciones, seg\u00fan el Consejo, por las 47 del ejercicio anterior. Hoy en total se alzan m\u00e1s de 250 en territorio nacional.<\/p>\n<p>Al aspecto energ\u00e9tico de la arquitectura sostenible se suma <strong>el ambiental<\/strong>, que trabaja por que las casas nuevas no agredan al entorno y que las ciudades se adapaten al cambio clim\u00e1tico; <strong>y el social<\/strong>, que pone en el centro al ciudadano y lo implica en la toma de decisiones.<\/p>\n<h3>La casa que menos consume la<span class=\"foto-texto\"> construida en Madera.<\/span><\/h3>\n<p>Las casas de madera de bosques con certificaci\u00f3n de sosteniblidad, papel reciclado, lino, lana de oveja, c\u00e1\u00f1amo, pinturas minerales son posibles\u00a0 y existen. Prueba de ello es esta casa situada en Torrelodones (Madrid) que permite constatar que es la casa m\u00e1s grande de Espa\u00f1a certificada como &#8220;Passivhaus&#8221;. Tiene 650 m2, es biopasiva, est\u00e1 desionizada (para evitar el estr\u00e9s), calienta el agua a si misma con aerotermia.<\/p>\n<p><a class=\"enlace\"><img loading=\"lazy\" decoding=\"async\" class=\"\" src=\"https:\/\/ep01.epimg.net\/economia\/imagenes\/2018\/04\/11\/actualidad\/1523457888_401166_1523520246_sumario_normal.jpg\" srcset=\"\/\/ep01.epimg.net\/economia\/imagenes\/2018\/04\/11\/actualidad\/1523457888_401166_1523520246_sumario_normal_recorte1.jpg 720w, \/\/ep01.epimg.net\/economia\/imagenes\/2018\/04\/11\/actualidad\/1523457888_401166_1523473914_sumario_normal_recorte2.jpg 720w, \/\/ep01.epimg.net\/economia\/imagenes\/2018\/04\/11\/actualidad\/1523457888_401166_1523520246_sumario_normal.jpg 360w\" alt=\"Casa de madera en Torrelodones (Madrid) construida por 100x100 Madera.\" width=\"749\" height=\"499\" \/><\/a><\/p>\n<p>\u00bfDe d\u00f3nde sale el ahorro? Son casas que no necesitan calefacci\u00f3n o aire acondicionado. En invierno, el aire nuevo recupera las calor\u00edas del aire viciado que extraemos de la vivienda con un intercambiador t\u00e9rmico, ayudando a mantener la temperatura interior. Y en verano el aire nuevo que entra ese enfr\u00eda gracias al aire viciado que extraemos, mezcl\u00e1ndose en ese mismo dispositivo.<\/p>\n<p>La gente est\u00e1 harta de pagar dinerales en calefacci\u00f3n y aire, de ver casos de pobreza energ\u00e9tica. Y todo esto es posible gracias al buen uso de la madera.<\/p>\n<p>La madera es vida y con Maderas Menur se vive mejor.<\/p>\n<h6><em>https:\/\/elpais.com\/economia\/2018\/04\/11\/actualidad\/1523457888_401166.html<\/em><\/h6>\n<\/div>\n<\/div>\n<\/div><\/section>\n","protected":false},"excerpt":{"rendered":"","protected":false},"author":1001087,"featured_media":0,"comment_status":"closed","ping_status":"closed","sticky":false,"template":"","format":"standard","meta":{"footnotes":""},"categories":[99],"tags":[],"class_list":["post-7268","post","type-post","status-publish","format-standard","hentry","category-construcciones-en-madera"],"_links":{"self":[{"href":"https:\/\/www.maderasmenur.com\/it\/wp-json\/wp\/v2\/posts\/7268","targetHints":{"allow":["GET"]}}],"collection":[{"href":"https:\/\/www.maderasmenur.com\/it\/wp-json\/wp\/v2\/posts"}],"about":[{"href":"https:\/\/www.maderasmenur.com\/it\/wp-json\/wp\/v2\/types\/post"}],"author":[{"embeddable":true,"href":"https:\/\/www.maderasmenur.com\/it\/wp-json\/wp\/v2\/users\/1001087"}],"replies":[{"embeddable":true,"href":"https:\/\/www.maderasmenur.com\/it\/wp-json\/wp\/v2\/comments?post=7268"}],"version-history":[{"count":0,"href":"https:\/\/www.maderasmenur.com\/it\/wp-json\/wp\/v2\/posts\/7268\/revisions"}],"wp:attachment":[{"href":"https:\/\/www.maderasmenur.com\/it\/wp-json\/wp\/v2\/media?parent=7268"}],"wp:term":[{"taxonomy":"category","embeddable":true,"href":"https:\/\/www.maderasmenur.com\/it\/wp-json\/wp\/v2\/categories?post=7268"},{"taxonomy":"post_tag","embeddable":true,"href":"https:\/\/www.maderasmenur.com\/it\/wp-json\/wp\/v2\/tags?post=7268"}],"curies":[{"name":"wp","href":"https:\/\/api.w.org\/{rel}","templated":true}]}}