{"id":7278,"date":"2018-04-28T23:53:52","date_gmt":"2018-04-28T21:53:52","guid":{"rendered":"https:\/\/www.maderasmenur.com\/?p=7278"},"modified":"2019-12-11T11:52:22","modified_gmt":"2019-12-11T10:52:22","slug":"michael-marks-uno-de-los-primeros-inversores-de-tesla-apuesta-por-el-montaje-de-viviendas-de-madera","status":"publish","type":"post","link":"https:\/\/www.maderasmenur.com\/it\/michael-marks-uno-de-los-primeros-inversores-de-tesla-apuesta-por-el-montaje-de-viviendas-de-madera\/","title":{"rendered":"Michael Marks apuesta por las viviendas de madera."},"content":{"rendered":"<p><strong>Michael Marks fue uno de los primeros inversores de Tesla<\/strong> y en 2007 pas\u00f3 a liderar durante unos meses como director general la prestigiosa compa\u00f1\u00eda de automoci\u00f3n. Antes ya hab\u00eda sido CEO de Flextronics, dedicada a la fabricaci\u00f3n de componentes electr\u00f3nicos. Tambi\u00e9n ha invertido y gestionado otras empresas punteras, hasta que en 2015 decidi\u00f3 pasarse al sector de la construcci\u00f3n. Entonces, junto a otros dos conocidos inversores Jim Davidson y Fritz H. Wollf, fund\u00f3 <strong>Katerra<\/strong><strong>, una \u2018startup\u2019 dedicada a la fabricaci\u00f3n y el montaje de casas modulares. <\/strong>Katerra puede desde <strong>fabricar una pared (con ventanas incluidas) <\/strong>para luego instalarla en un edificio hasta llevar a cabo <strong>todo el proceso de dise\u00f1o y construcci\u00f3n <\/strong>de una vivienda completa.<\/p>\n<div id=\"media-markup-1959712\" class=\"media-markup\" data-fid=\"1959712\"><iframe loading=\"lazy\" src=\"https:\/\/www.youtube.com\/embed\/AELJEJWfWx4\" width=\"560\" height=\"315\" frameborder=\"0\" allowfullscreen=\"allowfullscreen\" data-mce-fragment=\"1\"><\/iframe><\/div>\n<p>A finales del a\u00f1o pasado, <strong>la compa\u00f1\u00eda recibi\u00f3 una<\/strong><a class=\"ext\" href=\"https:\/\/therealdeal.com\/2018\/01\/24\/softbank-deploys-865m-into-construction-startup-katerra\/\" target=\"_blank\" rel=\"nofollow noopener noreferrer\"><strong> inversi\u00f3n de 865 millones de d\u00f3lares<\/strong><\/a> (casi 700 millones de euros) por parte del gigante japon\u00e9s de las telecomunicaciones Softbank. Una inyecci\u00f3n de capital que, seg\u00fan afirman, destinar\u00e1n a la <strong>apertura de nuevas f\u00e1bricas y a la investigaci\u00f3n y desarrollo de nuevos materiales. Lo que demuestra la grandeza del sector.<br \/>\n<\/strong><\/p>\n","protected":false},"excerpt":{"rendered":"<p>Michael Marks fue uno de los primeros inversores de Tesla y en 2007 pas\u00f3 a liderar durante unos meses como director general la prestigiosa compa\u00f1\u00eda de automoci\u00f3n. Antes ya hab\u00eda sido CEO de Flextronics, dedicada a la fabricaci\u00f3n de componentes electr\u00f3nicos. Tambi\u00e9n ha invertido y gestionado otras empresas punteras, hasta que en 2015 decidi\u00f3 pasarse [&hellip;]<\/p>\n","protected":false},"author":1001087,"featured_media":0,"comment_status":"closed","ping_status":"closed","sticky":false,"template":"","format":"standard","meta":{"footnotes":""},"categories":[99,19],"tags":[],"class_list":["post-7278","post","type-post","status-publish","format-standard","hentry","category-construcciones-en-madera","category-noticias"],"_links":{"self":[{"href":"https:\/\/www.maderasmenur.com\/it\/wp-json\/wp\/v2\/posts\/7278","targetHints":{"allow":["GET"]}}],"collection":[{"href":"https:\/\/www.maderasmenur.com\/it\/wp-json\/wp\/v2\/posts"}],"about":[{"href":"https:\/\/www.maderasmenur.com\/it\/wp-json\/wp\/v2\/types\/post"}],"author":[{"embeddable":true,"href":"https:\/\/www.maderasmenur.com\/it\/wp-json\/wp\/v2\/users\/1001087"}],"replies":[{"embeddable":true,"href":"https:\/\/www.maderasmenur.com\/it\/wp-json\/wp\/v2\/comments?post=7278"}],"version-history":[{"count":0,"href":"https:\/\/www.maderasmenur.com\/it\/wp-json\/wp\/v2\/posts\/7278\/revisions"}],"wp:attachment":[{"href":"https:\/\/www.maderasmenur.com\/it\/wp-json\/wp\/v2\/media?parent=7278"}],"wp:term":[{"taxonomy":"category","embeddable":true,"href":"https:\/\/www.maderasmenur.com\/it\/wp-json\/wp\/v2\/categories?post=7278"},{"taxonomy":"post_tag","embeddable":true,"href":"https:\/\/www.maderasmenur.com\/it\/wp-json\/wp\/v2\/tags?post=7278"}],"curies":[{"name":"wp","href":"https:\/\/api.w.org\/{rel}","templated":true}]}}