{"id":7281,"date":"2018-04-28T23:54:48","date_gmt":"2018-04-28T21:54:48","guid":{"rendered":"https:\/\/www.maderasmenur.com\/?p=7281"},"modified":"2019-12-11T11:22:03","modified_gmt":"2019-12-11T10:22:03","slug":"llega-a-silicom-valley-la-moda-de-los-apartamentos-modulares-y-prefabricados-en-madera-de-la-mano-de-google-y-otras-startup","status":"publish","type":"post","link":"https:\/\/www.maderasmenur.com\/it\/llega-a-silicom-valley-la-moda-de-los-apartamentos-modulares-y-prefabricados-en-madera-de-la-mano-de-google-y-otras-startup\/","title":{"rendered":"Llegan a Silicom Valley los apartamentos modulares"},"content":{"rendered":"<p>El alto precio de la vivienda en Silicon Valley, donde ni los ingenieros de Apple y Google pueden comprar una casa, ha provocado que <strong>Google, haya encargado 300 viviendas modulares<\/strong> para sus empleados a la \u2018startup\u2019 Factory OS.<\/p>\n<p>Con ello pretende que los empleados, que deber\u00e1n pagar un alquiler por la vivienda, <strong>ahorren hasta 700 d\u00f3lares (unos 565 euros) al mes <\/strong>debido a los menores costes de la construcci\u00f3n modular (son entre un 20 y un 50% m\u00e1s baratas que las tradicionales).<\/p>\n<figure class=\"figure-content-news figure-wrapper\"><a title=\"Fuente: FactoryOS\" href=\"https:\/\/factoryos.com\/off-site-construction\/\" target=\"_blank\" rel=\"noopener noreferrer\"> <img loading=\"lazy\" decoding=\"async\" class=\"background-white\" src=\"https:\/\/st3.idealista.com\/news\/archivos\/2018-04\/factoryos.jpg?sv=ByUdQWYD\" alt=\"Fuente: FactoryOS\" width=\"1024\" height=\"683\" data-original=\"https:\/\/st3.idealista.com\/news\/archivos\/2018-04\/factoryos.jpg?sv=ByUdQWYD\" data-detail=\"https:\/\/st3.idealista.com\/news\/archivos\/2018-04\/factoryos.jpg?sv=ByUdQWYD\" data-big-lightbox=\"https:\/\/st3.idealista.com\/news\/archivos\/styles\/imagen_big_lightbox\/public\/2018-04\/factoryos.jpg?sv=69afFJ8B&amp;itok=WUQI5oVE\" data-has-syndication-rights=\"1\" data-caption=\"Fuente: FactoryOS\" data-title=\"Fuente: FactoryOS\" data-portal-copyright=\"Fuente: FactoryOS\" data-fid=\"1959714\" \/><\/a><a title=\"Fuente: Acre\" href=\"https:\/\/acre.co\/series-a\/\" target=\"_blank\" rel=\"noopener noreferrer\"> <img loading=\"lazy\" decoding=\"async\" class=\"background-white\" src=\"https:\/\/st3.idealista.com\/news\/archivos\/2018-04\/acre.jpg?sv=YepHUm65\" alt=\"Fuente: Acre\" width=\"1379\" height=\"1036\" data-original=\"https:\/\/st3.idealista.com\/news\/archivos\/2018-04\/acre.jpg?sv=YepHUm65\" data-detail=\"https:\/\/st3.idealista.com\/news\/archivos\/2018-04\/acre.jpg?sv=YepHUm65\" data-big-lightbox=\"https:\/\/st3.idealista.com\/news\/archivos\/styles\/imagen_big_lightbox\/public\/2018-04\/acre.jpg?sv=kvG0R5I1&amp;itok=tjFo5hV3\" data-has-syndication-rights=\"1\" data-caption=\"Fuente: Acre\" data-title=\"Fuente: Acre\" data-portal-copyright=\"Fuente: Acre\" data-fid=\"1959715\" \/> <\/a><\/figure>\n<p>Igualmente la incubadora de empresas<strong> Y Combinator<\/strong>, cuna de las exitosas Airbnb, Dropbox o Reddit,&#8230;. ha entrado de llenocon la \u2018startup\u2019 Acre Designs, que crea <strong>viviendas prefabricadas y energ\u00e9ticamente eficientes<\/strong>. As\u00ed que en Silicon Valley, la cuna de la innovaci\u00f3n, tambi\u00e9n est\u00e1n naciendo proyectos interesantes relacionados con el sector de la construcci\u00f3n, que tambi\u00e9n intenta adaptarse a los cambios tecnol\u00f3gicos.<\/p>\n","protected":false},"excerpt":{"rendered":"<p>El alto precio de la vivienda en Silicon Valley, donde ni los ingenieros de Apple y Google pueden comprar una casa, ha provocado que Google, haya encargado 300 viviendas modulares para sus empleados a la \u2018startup\u2019 Factory OS. Con ello pretende que los empleados, que deber\u00e1n pagar un alquiler por la vivienda, ahorren hasta 700 [&hellip;]<\/p>\n","protected":false},"author":1001087,"featured_media":0,"comment_status":"closed","ping_status":"closed","sticky":false,"template":"","format":"standard","meta":{"footnotes":""},"categories":[99],"tags":[],"class_list":["post-7281","post","type-post","status-publish","format-standard","hentry","category-construcciones-en-madera"],"_links":{"self":[{"href":"https:\/\/www.maderasmenur.com\/it\/wp-json\/wp\/v2\/posts\/7281","targetHints":{"allow":["GET"]}}],"collection":[{"href":"https:\/\/www.maderasmenur.com\/it\/wp-json\/wp\/v2\/posts"}],"about":[{"href":"https:\/\/www.maderasmenur.com\/it\/wp-json\/wp\/v2\/types\/post"}],"author":[{"embeddable":true,"href":"https:\/\/www.maderasmenur.com\/it\/wp-json\/wp\/v2\/users\/1001087"}],"replies":[{"embeddable":true,"href":"https:\/\/www.maderasmenur.com\/it\/wp-json\/wp\/v2\/comments?post=7281"}],"version-history":[{"count":0,"href":"https:\/\/www.maderasmenur.com\/it\/wp-json\/wp\/v2\/posts\/7281\/revisions"}],"wp:attachment":[{"href":"https:\/\/www.maderasmenur.com\/it\/wp-json\/wp\/v2\/media?parent=7281"}],"wp:term":[{"taxonomy":"category","embeddable":true,"href":"https:\/\/www.maderasmenur.com\/it\/wp-json\/wp\/v2\/categories?post=7281"},{"taxonomy":"post_tag","embeddable":true,"href":"https:\/\/www.maderasmenur.com\/it\/wp-json\/wp\/v2\/tags?post=7281"}],"curies":[{"name":"wp","href":"https:\/\/api.w.org\/{rel}","templated":true}]}}